{"id":4400,"date":"2022-05-04T10:46:01","date_gmt":"2022-05-04T08:46:01","guid":{"rendered":"https:\/\/www.sanremoliveandlove.it\/villa-ormond-2\/"},"modified":"2022-05-09T15:14:14","modified_gmt":"2022-05-09T13:14:14","slug":"villa-ormond-2","status":"publish","type":"post","link":"https:\/\/www.sanremoliveandlove.it\/fr\/villa-ormond-2\/","title":{"rendered":"Villa Ormond in Fiore"},"content":{"rendered":"\n<h2 class=\"wp-block-heading\">Villa Ormond \u00e8 pronta a sbocciare come un fiore.<\/h2>\n\n\n\n<p><strong><em>Villa Ormond in Fiore<\/em><\/strong>\u00a0\u00bb \u00e8 una kermesse annuale che nasce nel 2017 come collaterale al Corso Fiorito di Sanremo. Organizzata da <strong>Fondazione Villa Ormond<\/strong> con la collaborazione e il contributo di <strong>Comune di Sanremo<\/strong>, <strong>Regione Liguria<\/strong>, <strong>ANCEF<\/strong>, <strong>Accademia di Belle Arti di Sanremo<\/strong>, <strong>Mercato dei Fiori di Sanremo<\/strong> e <strong>Unoenergy<\/strong>, l&rsquo;edizione 2022 si terr\u00e0 nei giorni <strong>14 e 15 maggio<\/strong>.<\/p>\n\n\n\n<p>Un weekend di esposizioni floreali, mostre tematiche, laboratori didattici, arti figurative, teatro e musica dove il fiore e la sostenibilit\u00e0 ambientale saranno i protagonisti indiscussi. <strong>L&rsquo;ingresso sar\u00e0 gratuito<\/strong>. <br>Scopri il programma <a href=\"https:\/\/www.sanremoliveandlove.it\/wp-content\/uploads\/2022\/05\/brochure_vof22_definitivo.pdf\">qui<\/a>.<\/p>\n\n\n\n<figure class=\"wp-block-image size-full\"><img loading=\"lazy\" decoding=\"async\" width=\"1004\" height=\"591\" src=\"https:\/\/www.sanremoliveandlove.it\/wp-content\/uploads\/2022\/05\/brochure_vof22_programma_page-0001.jpg\" alt=\"\" class=\"wp-image-4425\" srcset=\"https:\/\/www.sanremoliveandlove.it\/wp-content\/uploads\/2022\/05\/brochure_vof22_programma_page-0001.jpg 1004w, https:\/\/www.sanremoliveandlove.it\/wp-content\/uploads\/2022\/05\/brochure_vof22_programma_page-0001-300x177.jpg 300w, https:\/\/www.sanremoliveandlove.it\/wp-content\/uploads\/2022\/05\/brochure_vof22_programma_page-0001-768x452.jpg 768w\" sizes=\"auto, (max-width: 1004px) 100vw, 1004px\" \/><\/figure>\n\n\n\n<figure class=\"wp-block-image size-full\"><img loading=\"lazy\" decoding=\"async\" width=\"1004\" height=\"591\" src=\"https:\/\/www.sanremoliveandlove.it\/wp-content\/uploads\/2022\/05\/brochure_vof22_programma_page-0002.jpg\" alt=\"\" class=\"wp-image-4428\" srcset=\"https:\/\/www.sanremoliveandlove.it\/wp-content\/uploads\/2022\/05\/brochure_vof22_programma_page-0002.jpg 1004w, https:\/\/www.sanremoliveandlove.it\/wp-content\/uploads\/2022\/05\/brochure_vof22_programma_page-0002-300x177.jpg 300w, https:\/\/www.sanremoliveandlove.it\/wp-content\/uploads\/2022\/05\/brochure_vof22_programma_page-0002-768x452.jpg 768w\" sizes=\"auto, (max-width: 1004px) 100vw, 1004px\" \/><\/figure>\n\n\n\n<p>\u00ab\u00a0<em>A partire dal 2022<\/em>\u00ab\u00a0, spiega <strong>Livio Emanueli<\/strong>, responsabile della Fondazione Villa Ormond, \u00ab\u00a0<em>l&rsquo;evento amplia i suoi orizzonti alle tematiche dello <strong>sviluppo responsabile<\/strong> e della <strong>sostenibilit\u00e0 ambientale<\/strong>. Coinvolgendo varie professionalit\u00e0 del settore, la manifestazione spalanca le porte anche ad un pubblico giovane. Animazioni didattiche e momenti esperienziali sono gli strumenti utilizzati per sensibilizzare gli studenti di ogni ordine e grado. Sostenibilit\u00e0, sensorialit\u00e0 e sperimentazione rappresentano i tre grandi concetti che generano il fil rouge dell&rsquo;evento. Il pubblico sar\u00e0 parte attiva della manifestazione, non solo come spettatore ma anche come protagonista, vivendo cos\u00ec un&rsquo;esperienza che lo render\u00e0 pi\u00f9 consapevole. L&rsquo;obiettivo \u00e8 quello di coinvolgere un pubblico trasversale nella salvaguardia e tutela di un ambiente straordinario ma delicato, con la consapevolezza che ogni gesto, anche il pi\u00f9 piccolo, ha un impatto e una valenza ambientale e che l&rsquo;unica strada percorribile \u00e8 quella che porta ad una concreta transizione ecologica<\/em>\u00ab\u00a0.<\/p>\n\n\n\n<p>\u201c<em>Abbiamo partecipato con piacere a quest\u2019iniziativa<\/em> \u2013 spiegano gli <strong>assessori Giuseppe Faraldi<\/strong> (turismo) e <strong>Sara Tonegutti<\/strong> (ambiente) &#8211; <em>poich\u00e9 permette di <strong>valorizzare la produzione floreale<\/strong>, una nostra eccellenza. Sanremo \u201c<strong>Citt\u00e0 dei Fiori\u201d<\/strong> \u00e8 un brand conosciuto a livello internazionale proprio perch\u00e9 Sanremo \u00e8 universalmente nota per la produzione floricola. Al visitatore appassionato e semplicemente curioso, \u201cVilla Ormond in fiore\u201d si offre come irripetibile occasione per conoscere e apprezzare il patrimonio storico della floricoltura che diventa cos\u00ec vera e propria offerta turistica. Grazie anche al coinvolgimento delle scuole e dei pi\u00f9 giovani<\/em>, <em>le tante iniziative proposte offrono l\u2019opportunit\u00e0 di affrontare anche il tema dell\u2019<strong>approccio sostenibile<\/strong> all\u2019ambiente, per una sempre pi\u00f9 efficace <strong>conservazione e valorizzazione dei nostri paesaggi di vita quotidiana<\/strong><\/em>\u201d.<\/p>\n\n\n\n<p>Le porte del piano nobile di Villa Ormond si apriranno per ospitare i<strong> fiori di Sanremo<\/strong>. In collaborazione con Mercato dei Fiori e ANCEF, con la direzione artistica delle <strong>flower designers Sabina di Mattia<\/strong> e <strong>Jessica Tua<\/strong>, le sale ospiteranno installazioni dedicate alla storia della floricoltura in Riviera e alla tradizione del <strong>Bouquet del Festival di Sanremo<\/strong>. La produzione florovivaistica locale sar\u00e0 cos\u00ec esaltata e presentata nel suo massimo splendore. Lo staff dell&rsquo;<strong>artista del fiore Mauro Fiordiluna <\/strong>proporr\u00e0 inoltre un allestimento dedicato al <strong>wedding<\/strong>, in relazione al quale Villa Ormond \u00e8 sempre stato luogo di elezione. Rispettivamente nella Palazzina Pedriali e nel piazzale della Villa, verranno allestite due straordinarie <strong>mostre temporanee<\/strong>: \u00ab\u00a0<strong><em>Bottiglie in Fiore<\/em><\/strong>\u00a0\u00bb dell&rsquo;<strong>artista ceca Veronika Richterova<\/strong>, capace di dar vita a banalissime bottiglie di plastica trasformandole in opere d&rsquo;arte naturalistiche a impatto zero e &nbsp;\u00ab\u00a0<strong><em>Dea Vegetus<\/em><\/strong>\u00a0\u00bb della <strong>fotografa di origine polacca Natalia Mlodzikowska<\/strong>, autrice di una serie di scatti che celebrano la forza e la bellezza femminile attraverso colori, fiori e piante. Il Floriseum ospiter\u00e0 mostre fotografiche a tema floreale.<\/p>\n\n\n\n<figure class=\"wp-block-gallery has-nested-images columns-default is-cropped wp-block-gallery-1 is-layout-flex wp-block-gallery-is-layout-flex\">\n<figure class=\"wp-block-image size-large\"><img loading=\"lazy\" decoding=\"async\" width=\"683\" height=\"1024\" data-id=\"4418\" src=\"https:\/\/www.sanremoliveandlove.it\/wp-content\/uploads\/2022\/05\/definitiva_campagna-683x1024.jpg\" alt=\"\" class=\"wp-image-4418\" srcset=\"https:\/\/www.sanremoliveandlove.it\/wp-content\/uploads\/2022\/05\/definitiva_campagna-683x1024.jpg 683w, https:\/\/www.sanremoliveandlove.it\/wp-content\/uploads\/2022\/05\/definitiva_campagna-200x300.jpg 200w, https:\/\/www.sanremoliveandlove.it\/wp-content\/uploads\/2022\/05\/definitiva_campagna-768x1152.jpg 768w, https:\/\/www.sanremoliveandlove.it\/wp-content\/uploads\/2022\/05\/definitiva_campagna-1024x1536.jpg 1024w, https:\/\/www.sanremoliveandlove.it\/wp-content\/uploads\/2022\/05\/definitiva_campagna-1365x2048.jpg 1365w, https:\/\/www.sanremoliveandlove.it\/wp-content\/uploads\/2022\/05\/definitiva_campagna-scaled.jpg 1707w\" sizes=\"auto, (max-width: 683px) 100vw, 683px\" \/><\/figure>\n\n\n\n<figure class=\"wp-block-image size-large\"><img loading=\"lazy\" decoding=\"async\" width=\"1024\" height=\"804\" data-id=\"4415\" src=\"https:\/\/www.sanremoliveandlove.it\/wp-content\/uploads\/2022\/05\/picnic-1024x804.jpg\" alt=\"\" class=\"wp-image-4415\" srcset=\"https:\/\/www.sanremoliveandlove.it\/wp-content\/uploads\/2022\/05\/picnic-1024x804.jpg 1024w, https:\/\/www.sanremoliveandlove.it\/wp-content\/uploads\/2022\/05\/picnic-300x236.jpg 300w, https:\/\/www.sanremoliveandlove.it\/wp-content\/uploads\/2022\/05\/picnic-768x603.jpg 768w, https:\/\/www.sanremoliveandlove.it\/wp-content\/uploads\/2022\/05\/picnic-1536x1207.jpg 1536w, https:\/\/www.sanremoliveandlove.it\/wp-content\/uploads\/2022\/05\/picnic.jpg 1600w\" sizes=\"auto, (max-width: 1024px) 100vw, 1024px\" \/><\/figure>\n\n\n\n<figure class=\"wp-block-image size-large\"><img loading=\"lazy\" decoding=\"async\" width=\"1000\" height=\"750\" data-id=\"4412\" src=\"https:\/\/www.sanremoliveandlove.it\/wp-content\/uploads\/2022\/05\/VERONIKA-8.jpeg\" alt=\"\" class=\"wp-image-4412\" srcset=\"https:\/\/www.sanremoliveandlove.it\/wp-content\/uploads\/2022\/05\/VERONIKA-8.jpeg 1000w, https:\/\/www.sanremoliveandlove.it\/wp-content\/uploads\/2022\/05\/VERONIKA-8-300x225.jpeg 300w, https:\/\/www.sanremoliveandlove.it\/wp-content\/uploads\/2022\/05\/VERONIKA-8-768x576.jpeg 768w\" sizes=\"auto, (max-width: 1000px) 100vw, 1000px\" \/><\/figure>\n<\/figure>\n\n\n\n<p>Gli artisti Mauro Fiordiluna, Marta Laveneziana, Natalia Mlodzikowska ed Eleonora Olivieri presenteranno le loro opere di <strong>abiti con i fiori e bodypainting floreali<\/strong>. Il parco si popoler\u00e0 quindi di attori e figuranti pronti ad interagire con i visitatori. Gli ospiti pi\u00f9 fortunati potranno inoltre entrare a far parte dell&rsquo;opera avendo il privilegio di essere vestiti e truccati direttamente dagli artisti del fiore. Opere d&rsquo;arte partecipate, che prevedono il coinvolgimento dei visitatori, saranno realizzate dalle artiste <strong>Monica Lerda e Marta Laveneziana <\/strong>con <strong>Accademia di Belle Arti e ANCEF<\/strong>.<\/p>\n\n\n\n<p>Il lussureggiante Parco di Villa Ormond sar\u00e0 arricchito dalle <strong>installazioni floreali a tema<\/strong> realizzate dai <strong>Comuni del Bacino Sanremese<\/strong>. Un&rsquo;attivit\u00e0 che metter\u00e0 in evidenza le eccellenze del territorio creando nel contempo condivisione. Hanno aderito all&rsquo;iniziativa i Comuni di <strong>Castellaro, Ceriana, Costarainera, Molini di Triora, Pietrabruna, Riva ligure, San Lorenzo al Mare <\/strong>e<strong> Santo Stefano al Mare<\/strong>.<\/p>\n\n\n\n<p>In Corso Trento Trieste, passeggiata a mare adiacente al Parco,<strong> CIA<\/strong> e <strong>Coldiretti <\/strong>saranno presenti con un <strong>mercatino floro-agroalimentare<\/strong>.<\/p>\n\n\n\n<p>Sar\u00e0 la <strong>Giovane Orchestra Riviera dei Fiori \u00ab\u00a0Note Libere\u00a0\u00bb<\/strong> ad accompagnare il visitatore lungo il percorso in Villa. Un gruppo strumentale giovanile che, a dispetto del termine, ha gi\u00e0 calcato numerosi importanti palchi, si presenter\u00e0 agli ospiti con il proprio repertorio, sia classico che pop.<\/p>\n\n\n\n<p>Il <strong>collettivo Adventures<\/strong> torner\u00e0 ancora una volta nei prati di Villa Ormond per due giorni di musica e relax. La tromba di <strong>Alex Otta<\/strong>, il sax dei <strong>Chalanga<\/strong>, la batteria di <strong>Luigi Arieta <\/strong>e i dischi dei <strong>migliori dj della Riviera<\/strong> per una fusione di live music e dj set. Sotto la guida della poliedrica artista <strong>Giorgia Brusco<\/strong>, <strong>Hic et Nunc<\/strong> con gli allievi dei gruppi junior di recitazione di Sanremo e Imperia proporr\u00e0 due spettacoli teatrali nel parco: \u00ab\u00a0<strong><em>Il<\/em><\/strong> <strong><em>meraviglioso mondo di Oz<\/em><\/strong>\u00a0\u00bb e \u00ab\u00a0<strong><em>Alice nel paese dei Fiori<\/em><\/strong>\u00ab\u00a0.<\/p>\n\n\n\n<p>Il <strong>catering Ad Hoc<\/strong> offrir\u00e0 l&rsquo;opportunit\u00e0 di un <strong>pic nic<\/strong> nel Parco allestendo in Villa un buffet a tema per comporre i cestini. Gli ospiti potranno successivamente accomodarsi in varie aree attrezzate all&rsquo;interno del Parco. Il tutto all&rsquo;insegna della sostenibilit\u00e0 ambientale e dell\u2019eco-compatibilit\u00e0. La <strong>caffetteria del Floriseum <\/strong>proporr\u00e0 inoltre piatti freddi e aperitivi in sintonia con l&rsquo;argomento dell&rsquo;evento.<\/p>\n\n\n\n<p>L&rsquo;edizione 2022 sar\u00e0 preceduta dalla serie di eventi denominati \u00ab\u00a0<strong><em>Aspettando Villa Ormond in Fiore<\/em><\/strong>\u00ab\u00a0: tre giornate dedicate all&rsquo;<strong>innovazione in ambito florovivaistico <\/strong>e agli <strong>show del fiore<\/strong> (10,11,12 maggio). La giornata del 13 maggio prevede invece un focus dedicato alle <strong>scuole<\/strong>.<\/p>\n\n\n\n<p>Dal marted\u00ec al gioved\u00ec la Villa ospiter\u00e0 il convegno \u00ab\u00a0<strong><em>Innovazione sostenibile in floricoltura<\/em><\/strong>\u00ab\u00a0, organizzato da <strong>Distretto Florovivaistico della Liguria, CREA-OF Sanremo <\/strong>e <strong>CERSAA&nbsp; Albenga<\/strong> (per informazioni +39 0184 694829).<\/p>\n\n\n\n<p>A seguire, <strong>show cooking floreali<\/strong> con alcuni tra i migliori chef del territorio organizzati dai <strong>Ristoranti della Tavolozza <\/strong>e presentati da giornalisti di settore alla presenza di <strong>Stefano Bicocchi<\/strong>, in arte <strong>Vito<\/strong>. Venerd\u00ec sar\u00e0 il giorno dedicato alle scuole: gli animatori scientifici del <strong>Festival della Scienza<\/strong> con l&rsquo;Istituto Regionale di Floricoltura e il CREA-OF Sanremo spiegheranno ai ragazzi la relazione tra scienza, fiori e piante, attraverso esperimenti in loco (per informazioni + 39 349 2554571).<\/p>\n\n\n\n<p>Per i pi\u00f9 golosi, infine, la possibilit\u00e0 di una <strong>Cena di Gala con i fiori <\/strong>la sera di mercoled\u00ec 11 maggio (per prenotazioni www.mangiareifiori.it).<\/p>\n\n\n\n<p>Maggiori Info:https:\/\/www.villaormondevents.com\/<\/p>\n","protected":false},"excerpt":{"rendered":"<p>Villa Ormond \u00e8 pronta a sbocciare come un fiore<\/p>\n","protected":false},"author":3,"featured_media":4396,"comment_status":"closed","ping_status":"closed","sticky":false,"template":"","format":"standard","meta":{"_acf_changed":false,"footnotes":""},"categories":[24,369],"tags":[372,71,441],"class_list":["post-4400","post","type-post","status-publish","format-standard","has-post-thumbnail","hentry","category-evenements","category-news-fr","tag-eventi-fr-3","tag-sanremo-fr","tag-villa-ormond-fr"],"acf":[],"_links":{"self":[{"href":"https:\/\/www.sanremoliveandlove.it\/fr\/wp-json\/wp\/v2\/posts\/4400","targetHints":{"allow":["GET"]}}],"collection":[{"href":"https:\/\/www.sanremoliveandlove.it\/fr\/wp-json\/wp\/v2\/posts"}],"about":[{"href":"https:\/\/www.sanremoliveandlove.it\/fr\/wp-json\/wp\/v2\/types\/post"}],"author":[{"embeddable":true,"href":"https:\/\/www.sanremoliveandlove.it\/fr\/wp-json\/wp\/v2\/users\/3"}],"replies":[{"embeddable":true,"href":"https:\/\/www.sanremoliveandlove.it\/fr\/wp-json\/wp\/v2\/comments?post=4400"}],"version-history":[{"count":4,"href":"https:\/\/www.sanremoliveandlove.it\/fr\/wp-json\/wp\/v2\/posts\/4400\/revisions"}],"predecessor-version":[{"id":4440,"href":"https:\/\/www.sanremoliveandlove.it\/fr\/wp-json\/wp\/v2\/posts\/4400\/revisions\/4440"}],"wp:featuredmedia":[{"embeddable":true,"href":"https:\/\/www.sanremoliveandlove.it\/fr\/wp-json\/wp\/v2\/media\/4396"}],"wp:attachment":[{"href":"https:\/\/www.sanremoliveandlove.it\/fr\/wp-json\/wp\/v2\/media?parent=4400"}],"wp:term":[{"taxonomy":"category","embeddable":true,"href":"https:\/\/www.sanremoliveandlove.it\/fr\/wp-json\/wp\/v2\/categories?post=4400"},{"taxonomy":"post_tag","embeddable":true,"href":"https:\/\/www.sanremoliveandlove.it\/fr\/wp-json\/wp\/v2\/tags?post=4400"}],"curies":[{"name":"wp","href":"https:\/\/api.w.org\/{rel}","templated":true}]}}