{"id":22815,"date":"2026-02-28T10:11:48","date_gmt":"2026-02-28T09:11:48","guid":{"rendered":"https:\/\/www.sanremoliveandlove.it\/sayf-a-sanremo-2026-il-fiore-sulla-camionetta-che-racconta-litalia-vera\/"},"modified":"2026-02-28T11:39:44","modified_gmt":"2026-02-28T10:39:44","slug":"sayf-a-sanremo-2026-il-fiore-sulla-camionetta-che-racconta-litalia-vera","status":"publish","type":"post","link":"https:\/\/www.sanremoliveandlove.it\/fr\/sayf-a-sanremo-2026-il-fiore-sulla-camionetta-che-racconta-litalia-vera\/","title":{"rendered":"Sayf a Sanremo 2026: Il \u00ab\u00a0fiore sulla camionetta\u00a0\u00bb che racconta l&rsquo;Italia vera"},"content":{"rendered":"\n<p>C\u2019\u00e8 una nuova brezza che soffia su Genova, e non sa solo di sale. Sa di spezie, di street rap e di una fratellanza che attraversa il Mediterraneo.&nbsp;<strong>Sayf<\/strong>, all\u2019anagrafe&nbsp;<strong>Adam Viacava<\/strong>, \u00e8 l&rsquo;uomo del momento. Il salto dai vicoli al palco di Sanremo 2026 \u00e8 stato breve ma intensissimo, portando con s\u00e9 la bellezza e il peso di un\u2019identit\u00e0 divisa tra due mondi che finalmente si parlano.<\/p>\n\n\n\n<h2 class=\"wp-block-heading\">Dal collettivo \u00ab\u00a0GENOVARABE\u00a0\u00bb al successo con i giganti<\/h2>\n\n\n\n<p>Sayf non \u00e8 nato in uno studio patinato. Si \u00e8 fatto le ossa aprendo i concerti di pesi massimi come Izi, Bresh e Vaz T\u00e8, imponendosi con un\u2019attitudine magnetica. Ma la sua vera forza risiede nel collettivo:&nbsp;<strong>\u00ab\u00a0GENOVARABE\u00a0\u00bb<\/strong>&nbsp;non \u00e8 solo un progetto, \u00e8 una bandiera che accorcia le distanze tra le coste arabe e i palazzoni delle periferie italiane.<\/p>\n\n\n\n<p>Se il 2025 era iniziato con l&rsquo;introspezione dell&rsquo;EP&nbsp;<em>\u201cSe Dio Vuole\u201d<\/em>, l&rsquo;estate lo ha consacrato definitivamente. La collaborazione con&nbsp;<strong>Marco Mengoni<\/strong>&nbsp;e&nbsp;<strong>Rkomi<\/strong>&nbsp;in&nbsp;<em>\u201cSto bene al mare\u201d<\/em>&nbsp;ha dimostrato che la sua voce \u00ab\u00a0street\u00a0\u00bb pu\u00f2 convivere perfettamente con il grande pop d&rsquo;autore, trasformandosi nella rampa di lancio definitiva verso l\u2019Ariston.<\/p>\n\n\n\n<h2 class=\"wp-block-heading\">\u00ab\u00a0Tu mi piaci tanto\u00a0\u00bb: Un amore come atto di resistenza<\/h2>\n\n\n\n<p>Non fatevi ingannare dal titolo:&nbsp;<strong>\u201cTu mi piaci tanto\u201d<\/strong>&nbsp;non \u00e8 la classica canzonetta sentimentale. Curato dai produttori Dibla e Jiz, il brano \u00e8 una lente d&rsquo;ingrandimento sulle contraddizioni del Bel Paese. Sayf utilizza l\u2019affetto come uno scudo contro una realt\u00e0 fatta di alluvioni in Liguria ed Emilia, tasse mal gestite e precariet\u00e0 perenne.<\/p>\n\n\n\n<p>Il testo \u00e8 un mosaico di riferimenti che hanno segnato l&rsquo;immaginario collettivo:<\/p>\n\n\n\n<ul class=\"wp-block-list\">\n<li><strong>Dalla Storia al Pop:<\/strong>&nbsp;Nel brano convivono la \u00ab\u00a0discesa in campo\u00a0\u00bb di Berlusconi, il mondiale di Cannavaro e il ricordo tragico di Luigi Tenco.<\/li>\n\n\n\n<li><strong>La generazione in \u00ab\u00a0Tirocinio\u00a0\u00bb:<\/strong>&nbsp;Sayf cristallizza lo stato d\u2019animo di chi si sente schiacciato tra la fretta di accumulare denaro e la paura di non essere mai capito davvero.<\/li>\n\n\n\n<li><strong>Contro il sistema:<\/strong>&nbsp;Denuncia un mondo competitivo che spinge a sopraffare gli altri per garantire un futuro ai propri cari, proponendo invece un amore che sia gesto di resistenza \u00ab\u00a0mano a mano\u00a0\u00bb.<\/li>\n<\/ul>\n\n\n\n<h2 class=\"wp-block-heading\">Un fiore nel caos<\/h2>\n\n\n\n<p>Definito dallo stesso Adam come un&nbsp;<strong>\u00ab\u00a0fiore su una camionetta\u00a0\u00bb<\/strong>, il brano accetta la vulnerabilit\u00e0 umana e invita a rallentare. Questa voglia di contaminazione esploder\u00e0 nella serata delle cover, dove Sayf salir\u00e0 sul palco insieme a due icone come&nbsp;<strong>Alex Britti<\/strong>&nbsp;e&nbsp;<strong>Mario Biondi<\/strong>&nbsp;per una rilettura soul e graffiante di&nbsp;<em>\u201cHit the Road Jack\u201d<\/em>&nbsp;di Ray Charles.<\/p>\n\n\n\n<p>Sayf arriva a Sanremo per ricordarci che si pu\u00f2 fare musica per far ballare, ma senza mai smettere di far pensare. Il sogno iniziato tra i carruggi \u00e8 pronto a prendersi la scena nazionale.<\/p>\n","protected":false},"excerpt":{"rendered":"<p>C\u2019\u00e8 una nuova brezza che soffia su Genova, e non sa solo di sale. Sa di spezie, di street rap e di una fratellanza che attraversa il Mediterraneo.&nbsp;Sayf, all\u2019anagrafe&nbsp;Adam Viacava, \u00e8 l&rsquo;uomo del momento. Il salto dai vicoli al palco di Sanremo 2026 \u00e8 stato breve ma intensissimo, portando con s\u00e9 la bellezza e il<\/p>\n","protected":false},"author":3,"featured_media":22812,"comment_status":"closed","ping_status":"closed","sticky":false,"template":"","format":"standard","meta":{"_acf_changed":false,"footnotes":""},"categories":[862],"tags":[480,71,874,949],"class_list":["post-22815","post","type-post","status-publish","format-standard","has-post-thumbnail","hentry","category-sanremo-2026-fr","tag-festival-della-canzone-italiana-fr","tag-sanremo-fr","tag-sanremo-2026-fr","tag-sayf-fr"],"acf":[],"_links":{"self":[{"href":"https:\/\/www.sanremoliveandlove.it\/fr\/wp-json\/wp\/v2\/posts\/22815","targetHints":{"allow":["GET"]}}],"collection":[{"href":"https:\/\/www.sanremoliveandlove.it\/fr\/wp-json\/wp\/v2\/posts"}],"about":[{"href":"https:\/\/www.sanremoliveandlove.it\/fr\/wp-json\/wp\/v2\/types\/post"}],"author":[{"embeddable":true,"href":"https:\/\/www.sanremoliveandlove.it\/fr\/wp-json\/wp\/v2\/users\/3"}],"replies":[{"embeddable":true,"href":"https:\/\/www.sanremoliveandlove.it\/fr\/wp-json\/wp\/v2\/comments?post=22815"}],"version-history":[{"count":2,"href":"https:\/\/www.sanremoliveandlove.it\/fr\/wp-json\/wp\/v2\/posts\/22815\/revisions"}],"predecessor-version":[{"id":22834,"href":"https:\/\/www.sanremoliveandlove.it\/fr\/wp-json\/wp\/v2\/posts\/22815\/revisions\/22834"}],"wp:featuredmedia":[{"embeddable":true,"href":"https:\/\/www.sanremoliveandlove.it\/fr\/wp-json\/wp\/v2\/media\/22812"}],"wp:attachment":[{"href":"https:\/\/www.sanremoliveandlove.it\/fr\/wp-json\/wp\/v2\/media?parent=22815"}],"wp:term":[{"taxonomy":"category","embeddable":true,"href":"https:\/\/www.sanremoliveandlove.it\/fr\/wp-json\/wp\/v2\/categories?post=22815"},{"taxonomy":"post_tag","embeddable":true,"href":"https:\/\/www.sanremoliveandlove.it\/fr\/wp-json\/wp\/v2\/tags?post=22815"}],"curies":[{"name":"wp","href":"https:\/\/api.w.org\/{rel}","templated":true}]}}