{"id":21102,"date":"2026-01-15T10:09:43","date_gmt":"2026-01-15T09:09:43","guid":{"rendered":"https:\/\/www.sanremoliveandlove.it\/emozioni-affetti-e-colori-nel-mondo\/"},"modified":"2026-01-15T10:10:02","modified_gmt":"2026-01-15T09:10:02","slug":"emozioni-affetti-e-colori-nel-mondo","status":"publish","type":"post","link":"https:\/\/www.sanremoliveandlove.it\/fr\/emozioni-affetti-e-colori-nel-mondo\/","title":{"rendered":"EMOZIONI, AFFETTI E COLORI NEL MONDO"},"content":{"rendered":"\n<figure class=\"wp-block-image size-large\"><img loading=\"lazy\" decoding=\"async\" width=\"1024\" height=\"576\" src=\"https:\/\/www.sanremoliveandlove.it\/wp-content\/uploads\/2026\/01\/LEDWALL1-1024x576.jpg\" alt=\"\" class=\"wp-image-21097\" srcset=\"https:\/\/www.sanremoliveandlove.it\/wp-content\/uploads\/2026\/01\/LEDWALL1-1024x576.jpg 1024w, https:\/\/www.sanremoliveandlove.it\/wp-content\/uploads\/2026\/01\/LEDWALL1-300x169.jpg 300w, https:\/\/www.sanremoliveandlove.it\/wp-content\/uploads\/2026\/01\/LEDWALL1-768x432.jpg 768w, https:\/\/www.sanremoliveandlove.it\/wp-content\/uploads\/2026\/01\/LEDWALL1-1536x864.jpg 1536w, https:\/\/www.sanremoliveandlove.it\/wp-content\/uploads\/2026\/01\/LEDWALL1-2048x1152.jpg 2048w\" sizes=\"auto, (max-width: 1024px) 100vw, 1024px\" \/><\/figure>\n\n\n\n<p>EMOZIONI, AFFETTI E COLORI NEL MONDO<\/p>\n\n\n\n<p>KAMISHIBAI<br>IL TEATRO IN VALIGIA<br>Durata prevista circa 45 minuti<br>Et\u00e0 consigliata: 3-6 anni<\/p>\n\n\n\n<p>Mercoled\u00ec 2l gennaio 2026 ore 16.00<br>PETIT C., L&rsquo;arte dell&rsquo;amicizia, Artebambini<\/p>\n\n\n\n<p>Mercoled\u00ec | | febbraio 2026 ore 16.00<br>STEINER C., La favola dei caldomorbidi, Artebambini<\/p>\n\n\n\n<p>Mercoled\u00ec II marzo 2026 ore 16.00<br>AZIZF., Il mio colore, Artebambini<\/p>\n\n\n\n<p>CACCIA AL TESORO LETTERARIO<br>Durata prevista circa | ora e 30 minuti<br>Et\u00e0 consigliata: 7-10 anni<\/p>\n\n\n\n<p>Sabato 3l gennaio 2026 ore 11.00<br>PELLAI A., La bussola delle emozioni: dalla rabbia alla felicita&rsquo;, le emozioni raccontate ai ragazzi, Mondadori<\/p>\n\n\n\n<p>Sabato 2l febbraio 2026 ore 11.00<br>PELLAI A., Di cosa e&rsquo; fatto un abbraccio?, Mondadori<\/p>\n\n\n\n<p>Sabato 2l marzo 2026 ore 11.00<br>BUSSOLA M., Viola e blu<br>(la liberta&rsquo; di essere i colori che vuoi), Salani<\/p>\n\n\n\n<p>INGRESSO LIBERO<br>FINO AD ESAURIMENTO POSTI (numero limitato di partecipanti per singola attivit\u00e0)<br>prenotazione obbligatoria al numero 01 84 58 07 23<br>e-mail: biblioteca@comunedisanremo.it<\/p>\n","protected":false},"excerpt":{"rendered":"<p>EMOZIONI, AFFETTI E COLORI NEL MONDO KAMISHIBAIIL TEATRO IN VALIGIADurata prevista circa 45 minutiEt\u00e0 consigliata: 3-6 anni Mercoled\u00ec 2l gennaio 2026 ore 16.00PETIT C., L&rsquo;arte dell&rsquo;amicizia, Artebambini Mercoled\u00ec | | febbraio 2026 ore 16.00STEINER C., La favola dei caldomorbidi, Artebambini Mercoled\u00ec II marzo 2026 ore 16.00AZIZF., Il mio colore, Artebambini CACCIA AL TESORO LETTERARIODurata prevista<\/p>\n","protected":false},"author":3,"featured_media":21099,"comment_status":"closed","ping_status":"closed","sticky":false,"template":"","format":"standard","meta":{"_acf_changed":false,"footnotes":""},"categories":[24,369],"tags":[372,71],"class_list":["post-21102","post","type-post","status-publish","format-standard","has-post-thumbnail","hentry","category-evenements","category-news-fr","tag-eventi-fr-3","tag-sanremo-fr"],"acf":[],"_links":{"self":[{"href":"https:\/\/www.sanremoliveandlove.it\/fr\/wp-json\/wp\/v2\/posts\/21102","targetHints":{"allow":["GET"]}}],"collection":[{"href":"https:\/\/www.sanremoliveandlove.it\/fr\/wp-json\/wp\/v2\/posts"}],"about":[{"href":"https:\/\/www.sanremoliveandlove.it\/fr\/wp-json\/wp\/v2\/types\/post"}],"author":[{"embeddable":true,"href":"https:\/\/www.sanremoliveandlove.it\/fr\/wp-json\/wp\/v2\/users\/3"}],"replies":[{"embeddable":true,"href":"https:\/\/www.sanremoliveandlove.it\/fr\/wp-json\/wp\/v2\/comments?post=21102"}],"version-history":[{"count":1,"href":"https:\/\/www.sanremoliveandlove.it\/fr\/wp-json\/wp\/v2\/posts\/21102\/revisions"}],"predecessor-version":[{"id":21104,"href":"https:\/\/www.sanremoliveandlove.it\/fr\/wp-json\/wp\/v2\/posts\/21102\/revisions\/21104"}],"wp:featuredmedia":[{"embeddable":true,"href":"https:\/\/www.sanremoliveandlove.it\/fr\/wp-json\/wp\/v2\/media\/21099"}],"wp:attachment":[{"href":"https:\/\/www.sanremoliveandlove.it\/fr\/wp-json\/wp\/v2\/media?parent=21102"}],"wp:term":[{"taxonomy":"category","embeddable":true,"href":"https:\/\/www.sanremoliveandlove.it\/fr\/wp-json\/wp\/v2\/categories?post=21102"},{"taxonomy":"post_tag","embeddable":true,"href":"https:\/\/www.sanremoliveandlove.it\/fr\/wp-json\/wp\/v2\/tags?post=21102"}],"curies":[{"name":"wp","href":"https:\/\/api.w.org\/{rel}","templated":true}]}}