{"id":19530,"date":"2025-07-08T10:41:47","date_gmt":"2025-07-08T08:41:47","guid":{"rendered":"https:\/\/www.sanremoliveandlove.it\/marcus-miller\/"},"modified":"2025-07-08T10:43:27","modified_gmt":"2025-07-08T08:43:27","slug":"marcus-miller","status":"publish","type":"post","link":"https:\/\/www.sanremoliveandlove.it\/fr\/marcus-miller\/","title":{"rendered":"Marcus Miller"},"content":{"rendered":"\n<p>Pour la saison estivale 2025 \u00e9galement, la collaboration se renouvelle entre la Fondation de l&rsquo;Orchestre Symphonique de Sanremo et UnoJazz&amp;Blues, le festival produit par E20 Sanremo, avec une direction artistique assur\u00e9e par Diego Campagna et une direction de production confi\u00e9e \u00e0 Mara De Scalzi.<\/p>\n\n\n\n<p>Le concert de Marcus Miller sera une occasion unique d\u2019assister en direct \u00e0 l\u2019\u00e9nergie extraordinaire et au virtuosit\u00e9 d\u2019un des musiciens les plus influents de la sc\u00e8ne mondiale. Son r\u00e9pertoire oscille entre compositions originales et r\u00e9interpr\u00e9tations de grands classiques, m\u00ealant jazz, funk, soul et musiques du monde dans une exp\u00e9rience sonore sans pareille.<\/p>\n\n\n\n<figure class=\"wp-block-image size-large\"><img loading=\"lazy\" decoding=\"async\" width=\"1024\" height=\"536\" src=\"https:\/\/www.sanremoliveandlove.it\/wp-content\/uploads\/2025\/07\/500220149_1263381309130074_1420579355271973015_n-1024x536.jpg\" alt=\"\" class=\"wp-image-19525\" srcset=\"https:\/\/www.sanremoliveandlove.it\/wp-content\/uploads\/2025\/07\/500220149_1263381309130074_1420579355271973015_n-1024x536.jpg 1024w, https:\/\/www.sanremoliveandlove.it\/wp-content\/uploads\/2025\/07\/500220149_1263381309130074_1420579355271973015_n-300x157.jpg 300w, https:\/\/www.sanremoliveandlove.it\/wp-content\/uploads\/2025\/07\/500220149_1263381309130074_1420579355271973015_n-768x402.jpg 768w, https:\/\/www.sanremoliveandlove.it\/wp-content\/uploads\/2025\/07\/500220149_1263381309130074_1420579355271973015_n.jpg 1200w\" sizes=\"auto, (max-width: 1024px) 100vw, 1024px\" \/><\/figure>\n","protected":false},"excerpt":{"rendered":"<p>Pour la saison estivale 2025 \u00e9galement, la collaboration se renouvelle entre la Fondation de l&rsquo;Orchestre Symphonique de Sanremo et UnoJazz&amp;Blues, le festival produit par E20 Sanremo, avec une direction artistique assur\u00e9e par Diego Campagna et une direction de production confi\u00e9e \u00e0 Mara De Scalzi. Le concert de Marcus Miller sera une occasion unique d\u2019assister en<\/p>\n","protected":false},"author":3,"featured_media":19527,"comment_status":"closed","ping_status":"closed","sticky":false,"template":"","format":"standard","meta":{"_acf_changed":false,"footnotes":""},"categories":[24],"tags":[372,71],"class_list":["post-19530","post","type-post","status-publish","format-standard","has-post-thumbnail","hentry","category-evenements","tag-eventi-fr-3","tag-sanremo-fr"],"acf":[],"_links":{"self":[{"href":"https:\/\/www.sanremoliveandlove.it\/fr\/wp-json\/wp\/v2\/posts\/19530","targetHints":{"allow":["GET"]}}],"collection":[{"href":"https:\/\/www.sanremoliveandlove.it\/fr\/wp-json\/wp\/v2\/posts"}],"about":[{"href":"https:\/\/www.sanremoliveandlove.it\/fr\/wp-json\/wp\/v2\/types\/post"}],"author":[{"embeddable":true,"href":"https:\/\/www.sanremoliveandlove.it\/fr\/wp-json\/wp\/v2\/users\/3"}],"replies":[{"embeddable":true,"href":"https:\/\/www.sanremoliveandlove.it\/fr\/wp-json\/wp\/v2\/comments?post=19530"}],"version-history":[{"count":2,"href":"https:\/\/www.sanremoliveandlove.it\/fr\/wp-json\/wp\/v2\/posts\/19530\/revisions"}],"predecessor-version":[{"id":19534,"href":"https:\/\/www.sanremoliveandlove.it\/fr\/wp-json\/wp\/v2\/posts\/19530\/revisions\/19534"}],"wp:featuredmedia":[{"embeddable":true,"href":"https:\/\/www.sanremoliveandlove.it\/fr\/wp-json\/wp\/v2\/media\/19527"}],"wp:attachment":[{"href":"https:\/\/www.sanremoliveandlove.it\/fr\/wp-json\/wp\/v2\/media?parent=19530"}],"wp:term":[{"taxonomy":"category","embeddable":true,"href":"https:\/\/www.sanremoliveandlove.it\/fr\/wp-json\/wp\/v2\/categories?post=19530"},{"taxonomy":"post_tag","embeddable":true,"href":"https:\/\/www.sanremoliveandlove.it\/fr\/wp-json\/wp\/v2\/tags?post=19530"}],"curies":[{"name":"wp","href":"https:\/\/api.w.org\/{rel}","templated":true}]}}