{"id":19519,"date":"2025-07-08T10:33:37","date_gmt":"2025-07-08T08:33:37","guid":{"rendered":"https:\/\/www.sanremoliveandlove.it\/danilo-perez-trio-2\/"},"modified":"2025-07-08T10:35:30","modified_gmt":"2025-07-08T08:35:30","slug":"danilo-perez-trio-2","status":"publish","type":"post","link":"https:\/\/www.sanremoliveandlove.it\/fr\/danilo-perez-trio-2\/","title":{"rendered":"Danilo Perez Trio"},"content":{"rendered":"\n<p>En tant qu&rsquo;artiste solo et collaborateur de g\u00e9ants du jazz tels que Dizzy Gillespie et Wayne Shorter, le pianiste et compositeur panam\u00e9en Danilo P\u00e9rez, laur\u00e9at d\u2019un Grammy Award, est acclam\u00e9 depuis plus de trois d\u00e9cennies comme l&rsquo;une des forces les plus cr\u00e9atives de la musique contemporaine. Avec le jazz comme fondement, sa musique&nbsp;<em>Global Jazz<\/em>est une fusion de racines panam\u00e9ennes, de musiques populaires d&rsquo;Am\u00e9rique latine, de rythmes d&rsquo;Afrique de l&rsquo;Ouest et d&rsquo;impressionnisme europ\u00e9en \u2013 promouvant la musique comme un pont sans fronti\u00e8res et multidimensionnel entre tous les peuples.<\/p>\n\n\n\n<p>Depuis 1993, P\u00e9rez a publi\u00e9 douze albums salu\u00e9s par la critique et r\u00e9compens\u00e9s \u00e0 de nombreuses reprises \u00e0 l\u2019\u00e9chelle mondiale. Il a re\u00e7u le&nbsp;<em>Doris Duke Artist Award<\/em>&nbsp;en 2021, la&nbsp;<em>United States Fellowship<\/em>&nbsp;en 2018 et le&nbsp;<em>Smithsonian Legacy Award<\/em>&nbsp;en 2009. Depuis pr\u00e8s de vingt ans, P\u00e9rez fait partie du Wayne Shorter Quartet, aux c\u00f4t\u00e9s du bassiste John Patitucci et du batteur Brian Blade. Cette derni\u00e8re formation dirig\u00e9e par Shorter est reconnue comme une force unique et dominante dans la musique improvis\u00e9e, tant pour ses performances live historiques que pour ses enregistrements. En 2018, le label Blue Note Records a publi\u00e9 le tr\u00e8s attendu&nbsp;<em>EMANON<\/em>&nbsp;du Wayne Shorter Quartet, qui a remport\u00e9 le Grammy Award du Meilleur Album Instrumental de Jazz en 2019.<\/p>\n\n\n\n<p><em>Le lien sera actif de 10h00 \u00e0 20h00 le jour du concert. Il sera possible de r\u00e9server jusqu\u2019\u00e0 \u00e9puisement des places disponibles.<\/em><\/p>\n\n\n\n<figure class=\"wp-block-image size-large\"><img loading=\"lazy\" decoding=\"async\" width=\"1024\" height=\"576\" src=\"https:\/\/www.sanremoliveandlove.it\/wp-content\/uploads\/2025\/07\/490300417_1131331998795337_5556358217330193941_n-1024x576.jpg\" alt=\"\" class=\"wp-image-19514\" srcset=\"https:\/\/www.sanremoliveandlove.it\/wp-content\/uploads\/2025\/07\/490300417_1131331998795337_5556358217330193941_n-1024x576.jpg 1024w, https:\/\/www.sanremoliveandlove.it\/wp-content\/uploads\/2025\/07\/490300417_1131331998795337_5556358217330193941_n-300x169.jpg 300w, https:\/\/www.sanremoliveandlove.it\/wp-content\/uploads\/2025\/07\/490300417_1131331998795337_5556358217330193941_n-768x432.jpg 768w, https:\/\/www.sanremoliveandlove.it\/wp-content\/uploads\/2025\/07\/490300417_1131331998795337_5556358217330193941_n-1536x864.jpg 1536w, https:\/\/www.sanremoliveandlove.it\/wp-content\/uploads\/2025\/07\/490300417_1131331998795337_5556358217330193941_n.jpg 1920w\" sizes=\"auto, (max-width: 1024px) 100vw, 1024px\" \/><\/figure>\n","protected":false},"excerpt":{"rendered":"<p>En tant qu&rsquo;artiste solo et collaborateur de g\u00e9ants du jazz tels que Dizzy Gillespie et Wayne Shorter, le pianiste et compositeur panam\u00e9en Danilo P\u00e9rez, laur\u00e9at d\u2019un Grammy Award, est acclam\u00e9 depuis plus de trois d\u00e9cennies comme l&rsquo;une des forces les plus cr\u00e9atives de la musique contemporaine. Avec le jazz comme fondement, sa musique&nbsp;Global Jazzest une<\/p>\n","protected":false},"author":3,"featured_media":19516,"comment_status":"closed","ping_status":"closed","sticky":false,"template":"","format":"standard","meta":{"_acf_changed":false,"footnotes":""},"categories":[24],"tags":[372,71,666],"class_list":["post-19519","post","type-post","status-publish","format-standard","has-post-thumbnail","hentry","category-evenements","tag-eventi-fr-3","tag-sanremo-fr","tag-sanremo-2025-fr"],"acf":[],"_links":{"self":[{"href":"https:\/\/www.sanremoliveandlove.it\/fr\/wp-json\/wp\/v2\/posts\/19519","targetHints":{"allow":["GET"]}}],"collection":[{"href":"https:\/\/www.sanremoliveandlove.it\/fr\/wp-json\/wp\/v2\/posts"}],"about":[{"href":"https:\/\/www.sanremoliveandlove.it\/fr\/wp-json\/wp\/v2\/types\/post"}],"author":[{"embeddable":true,"href":"https:\/\/www.sanremoliveandlove.it\/fr\/wp-json\/wp\/v2\/users\/3"}],"replies":[{"embeddable":true,"href":"https:\/\/www.sanremoliveandlove.it\/fr\/wp-json\/wp\/v2\/comments?post=19519"}],"version-history":[{"count":2,"href":"https:\/\/www.sanremoliveandlove.it\/fr\/wp-json\/wp\/v2\/posts\/19519\/revisions"}],"predecessor-version":[{"id":19523,"href":"https:\/\/www.sanremoliveandlove.it\/fr\/wp-json\/wp\/v2\/posts\/19519\/revisions\/19523"}],"wp:featuredmedia":[{"embeddable":true,"href":"https:\/\/www.sanremoliveandlove.it\/fr\/wp-json\/wp\/v2\/media\/19516"}],"wp:attachment":[{"href":"https:\/\/www.sanremoliveandlove.it\/fr\/wp-json\/wp\/v2\/media?parent=19519"}],"wp:term":[{"taxonomy":"category","embeddable":true,"href":"https:\/\/www.sanremoliveandlove.it\/fr\/wp-json\/wp\/v2\/categories?post=19519"},{"taxonomy":"post_tag","embeddable":true,"href":"https:\/\/www.sanremoliveandlove.it\/fr\/wp-json\/wp\/v2\/tags?post=19519"}],"curies":[{"name":"wp","href":"https:\/\/api.w.org\/{rel}","templated":true}]}}