{"id":19407,"date":"2025-06-25T14:44:17","date_gmt":"2025-06-25T12:44:17","guid":{"rendered":"https:\/\/www.sanremoliveandlove.it\/dal-3-luglio-al-28-agosto-torna-a-sanremo-il-cinema-sotto-le-stelle\/"},"modified":"2025-06-25T14:44:17","modified_gmt":"2025-06-25T12:44:17","slug":"dal-3-luglio-al-28-agosto-torna-a-sanremo-il-cinema-sotto-le-stelle","status":"publish","type":"post","link":"https:\/\/www.sanremoliveandlove.it\/fr\/dal-3-luglio-al-28-agosto-torna-a-sanremo-il-cinema-sotto-le-stelle\/","title":{"rendered":"Dal 3 luglio al 28 agosto torna a Sanremo il \u201cCinema sotto le stelle\u201d"},"content":{"rendered":"\n<p><strong>Diciannovesima edizione della rassegna cinematografica a ingresso gratuito, organizzata da Pigna Mon Amour e CMC\/Nidodiragno Produzioni<\/strong>. <strong>Confermata la location dell&rsquo;Anfiteatro San Costanzo, nel centro storico<\/strong><\/p>\n\n\n\n<p><strong>Il tema dell&rsquo;edizione 2025 \u00e8 la musica: in programma film d\u2019animazione d\u2019autore, biopic musicali, commedie brillanti, storie di rivalsa<\/strong><\/p>\n\n\n\n<p>Torna&nbsp;<strong>gioved\u00ec 3 luglio&nbsp;<\/strong>(<strong>ore 21.15<\/strong>)&nbsp;in&nbsp;Anfiteatro San Costanzo,&nbsp;nel centro storico di&nbsp;<strong>Sanremo<\/strong>, il<strong>&nbsp;\u201cCinema sotto le stelle\u201d<\/strong>, diciannovesima edizione della&nbsp;<strong>rassegna cinematografica all\u2019aperto<\/strong>&nbsp;organizzata da&nbsp;<strong>Associazione Pigna Mon Amour e CMC\/Nidodiragno Produzioni<\/strong><strong>.<\/strong><\/p>\n\n\n\n<p><strong>Sette film&nbsp;<\/strong>per sette&nbsp;serate \u2013 tutte a&nbsp;<strong>partecipazione libera e gratuita per il pubblico<\/strong>&nbsp;\u2013 in programma&nbsp;<strong>dal 3 luglio al 28&nbsp;<\/strong><strong>agosto<\/strong>, per un appuntamento<em>&nbsp;<\/em>ormai entrato a tutti gli effetti nella consuetudine delle estati sanremesi.<\/p>\n\n\n\n<p>Confermata anche quest&rsquo;anno la location dell&rsquo;<strong>Anfiteatro San Costanzo<\/strong>, nel centro storico della Pigna di Sanremo.<\/p>\n\n\n\n<p>Il \u201cCinema sotto le stelle\u201d \u00e8 sostenuto economicamente anche dal&nbsp;<strong>Comune di Sanremo \u2013 Assessorato al Turismo, Sport e Manifestazioni<\/strong>&nbsp;(di concerto con l&rsquo;Assessorato alla Cultura) ed \u00e8 inserito nel calendario delle manifestazioni estive 2025 della Citt\u00e0 dei Fiori.<\/p>\n\n\n\n<p>Si ringrazia per la collaborazione la Fondazione Orchestra Sinfonica di Sanremo.<\/p>\n\n\n\n<p>Per l&rsquo;estate 2025 Pigna Mon Amour e CMC\/Nidodiragno Produzioni hanno scelto&nbsp;un programma di film legati alla&nbsp;<strong>musica<\/strong>, con lo slogan&nbsp;<strong>\u201cUna musica pu\u00f2 fare&#8230;\u201d<\/strong>, filo rosso che lega i sette titoli, accomunati da un forte legame con il mondo della musica e dell\u2019arte, pur esplorato con registri stilistici molto diversi tra loro. Si va da film d\u2019animazione d\u2019autore a biopic musicali, da commedie brillanti a storie di rivalsa: pellicole&nbsp;pensate per coinvolgere un pubblico trasversale attraverso storie che parlano di musica, creativit\u00e0, ironia e passione.<\/p>\n\n\n\n<p>Il via,<strong>&nbsp;gioved\u00ec 3 luglio<\/strong>, con&nbsp;<strong>\u201cAllegro non troppo\u201d&nbsp;<\/strong>(1976), un capolavoro dell\u2019animazione italiana, prodotto e diretto da&nbsp;<strong>Bruno Bozzetto<\/strong>&nbsp;e ispirato al celebre \u201cFantasia\u201d di Disney, in cui si fondono musica classica e satira. L&rsquo;omaggio a Bozzetto, regista, animatore e disegnatore tra i pi\u00f9 importanti del nostro Paese, in un trait d&rsquo;union tra le due rassegne, proseguir\u00e0, poi, dopo pochi giorni, domenica 6 luglio, anche all&rsquo;Auditorium Alfano della citt\u00e0 dei fiori con il concerto \u201cAllegra Fantasia\u201d dell&rsquo;<strong>Orchestra Sinfonica di Sanremo<\/strong>, evento inaugurale del cartellone \u201cSanremo Summer Symphony\u201d.<\/p>\n\n\n\n<p>La pellicola della settimana a seguire sar\u00e0&nbsp;<strong>\u201cSchool of rock\u201d, gioved\u00ec 10 luglio<\/strong>, commedia del 2003 firmata da di Richard Linklater. Jack Black, nei panni di un musicista fallito che si finge insegnante, trasforma una classe di bambini di un istituto d&rsquo;\u00e9lite in una vera rock band. Un manifesto all\u2019energia contagiosa della musica.<\/p>\n\n\n\n<p>Terzo film in calendario (<strong>gioved\u00ec 17 luglio<\/strong>) sar\u00e0&nbsp;<strong>\u201cLa vera leggenda di Tony Vilar\u201d<\/strong>, mockumentary del 2006 (dall&rsquo;inglese&nbsp;<em>mock documentary,<\/em>&nbsp;letteralmente \u00ab\u00a0falso documentario\u00a0\u00bb) ironico e nostalgico che segue le tracce di un cantante italoamericano scomparso nel nulla, tra realt\u00e0 e finzione, mito e memoria. La proiezione sar\u00e0 impreziosita dalla presenza del protagonista, l&rsquo;attore e cantautore Peppe Voltarelli, e del regista, Giuseppe Gagliardi.<\/p>\n\n\n\n<p>Si ispira ad una storia vera,&nbsp;<strong>\u201cMarguerite\u201d<\/strong>&nbsp;(2025) di Xavier Giannoli. La pellicola di&nbsp;<strong>gioved\u00ec 24 luglio<\/strong>&nbsp;racconta la vita di una aristocratica e appassionata d\u2019opera e stonata, ma convinta del proprio talento. Un ritratto commovente e surreale sulla forza dell\u2019illusione e sul desiderio di essere amati.<\/p>\n\n\n\n<p>Dopo una pausa nella programmazione di alcune settimane, si riprende&nbsp;<strong>mercoled\u00ec 13 agosto<\/strong>&nbsp;(eccezionalmente di mercoled\u00ec, per non sovrapporsi ad altri eventi del Ferragosto) con&nbsp;<strong>\u201cWalk the line \u2013 Quando l&rsquo;amore brucia l&rsquo;anima\u201d<\/strong>&nbsp;(2005) firmato da regista James Mangold. Un potente biopic dedicato alla vita del cantautore Johnny Cash, rivoluzionario innovatore dalla voce tenebrosa, e alla sua turbolenta storia d&rsquo;amore con June Carter. Protagonisti straordinari Joaquin Phoenix (Cash) e Reese Witherspoon (Carter), quest&rsquo;ultima vincitrice del Premio Oscar 2006 come Miglior Attrice.<\/p>\n\n\n\n<p>Un ex direttore d\u2019orchestra, Andre\u00ef Filipov, deposto dalla politica di Bre\u017enev e derubato della bacchetta, cerca riscatto mettendo insieme un improbabile ensemble composto principalmente da musicisti ebrei, per un concerto al Th\u00e9\u00e2tre du Ch\u00e2telet di Parigi.&nbsp;<strong>\u201cIl concerto\u201d<\/strong>&nbsp;(2009), sul grande schermo&nbsp;<strong>gioved\u00ec 21 agosto<\/strong>, \u00e8&nbsp;firmato da Radu Mih\u0103ileanu, gi\u00e0 regista del fortunato \u201cTrain de vie\u201d: una sinfonia cinematografica che unisce commedia e dramma, memoria storica e speranza.&nbsp;<\/p>\n\n\n\n<p>Chiude il calendario,&nbsp;<strong>gioved\u00ec 28 agosto<\/strong>,<strong>&nbsp;\u201cT\u00c1R\u201d<\/strong>&nbsp;(2022). Un\u2019opera intensa e raffinata che esplora le dinamiche del potere, del genio e della caduta, nella figura complessa di una celebre musicista e direttrice d\u2019orchestra, Lydia T\u00e1r. Un film affilato, candidato a 6 Premi Oscar, tra cui quelli per la Migliore Attrice Protagonista (Cate Blanchett), per la Migliore Regia (Todd Field) e per il Miglior Film.<\/p>\n\n\n\n<p>L\u2019ingresso al \u201cCinema sotto le stelle\u201d \u00e8&nbsp;<strong>libero e gratuito<\/strong>. Le proiezioni sono alle ore 21.15 (o poco oltre, attendendo l&rsquo;imbrunire).<\/p>\n\n\n\n<p>Informazioni sulla pagina Facebook Pigna Mon Amour e sul sito delle manifestazioni del Comune di\u00a0Sanremo <a href=\"http:\/\/sanremoliveandlove.it\/\" target=\"_blank\" rel=\"noreferrer noopener\">sanremoliveandlove.it<\/a><\/p>\n\n\n\n<figure class=\"wp-block-table\"><table class=\"has-fixed-layout\"><tbody><tr><td>LA PROGRAMMAZIONE<\/td><\/tr><\/tbody><\/table><\/figure>\n\n\n\n<p>gioved\u00ec 3 luglio: \u201cAllegro non troppo\u201d<\/p>\n\n\n\n<p>gioved\u00ec 10 luglio: \u201cSchool of rock\u201d<\/p>\n\n\n\n<p>gioved\u00ec 17 luglio: \u201cLa vera leggenda di Tony Vilar\u201d<\/p>\n\n\n\n<p>gioved\u00ec 24 luglio: \u201cMarguerite\u201d<\/p>\n\n\n\n<p>mercoled\u00ec 13 agosto: \u201cWalk the line \u2013 Quando l&rsquo;amore brucia l&rsquo;anima\u201d<\/p>\n\n\n\n<p>gioved\u00ec 21 agosto: \u201cIl concerto\u201d<\/p>\n\n\n\n<p>gioved\u00ec 28 agosto: \u201cT\u00c1R\u201d<\/p>\n\n\n\n<pre class=\"wp-block-preformatted\">-- \nIlaria Grigoletto\n.............................\nNidodiragno Produzioni\/Coop. CMC\nsede legale: strada Righetta 2A - 15048 Valenza (AL)\nsede operativa: via Z. Massa 192 - 18038 Sanremo (IM)\nCF\/P.Iva 01289040089\nCod. Sdi: M5UXCR1\ntel. 0184 544633<\/pre>\n\n\n\n<figure class=\"wp-block-image size-large\"><img loading=\"lazy\" decoding=\"async\" width=\"724\" height=\"1024\" src=\"https:\/\/www.sanremoliveandlove.it\/wp-content\/uploads\/2025\/06\/Cinema-sotto-le-stelle-2025_locandina-def-1-724x1024.jpg\" alt=\"\" class=\"wp-image-19402\" srcset=\"https:\/\/www.sanremoliveandlove.it\/wp-content\/uploads\/2025\/06\/Cinema-sotto-le-stelle-2025_locandina-def-1-724x1024.jpg 724w, https:\/\/www.sanremoliveandlove.it\/wp-content\/uploads\/2025\/06\/Cinema-sotto-le-stelle-2025_locandina-def-1-212x300.jpg 212w, https:\/\/www.sanremoliveandlove.it\/wp-content\/uploads\/2025\/06\/Cinema-sotto-le-stelle-2025_locandina-def-1-768x1086.jpg 768w, https:\/\/www.sanremoliveandlove.it\/wp-content\/uploads\/2025\/06\/Cinema-sotto-le-stelle-2025_locandina-def-1-1086x1536.jpg 1086w, https:\/\/www.sanremoliveandlove.it\/wp-content\/uploads\/2025\/06\/Cinema-sotto-le-stelle-2025_locandina-def-1.jpg 1414w\" sizes=\"auto, (max-width: 724px) 100vw, 724px\" \/><\/figure>\n","protected":false},"excerpt":{"rendered":"<p>Diciannovesima edizione della rassegna cinematografica a ingresso gratuito, organizzata da Pigna Mon Amour e CMC\/Nidodiragno Produzioni. Confermata la location dell&rsquo;Anfiteatro San Costanzo, nel centro storico Il tema dell&rsquo;edizione 2025 \u00e8 la musica: in programma film d\u2019animazione d\u2019autore, biopic musicali, commedie brillanti, storie di rivalsa Torna&nbsp;gioved\u00ec 3 luglio&nbsp;(ore 21.15)&nbsp;in&nbsp;Anfiteatro San Costanzo,&nbsp;nel centro storico di&nbsp;Sanremo, il&nbsp;\u201cCinema sotto<\/p>\n","protected":false},"author":3,"featured_media":19401,"comment_status":"closed","ping_status":"closed","sticky":false,"template":"","format":"standard","meta":{"_acf_changed":false,"footnotes":""},"categories":[369],"tags":[372,843,71],"class_list":["post-19407","post","type-post","status-publish","format-standard","has-post-thumbnail","hentry","category-news-fr","tag-eventi-fr-3","tag-eventi-estate-2025-fr","tag-sanremo-fr"],"acf":[],"_links":{"self":[{"href":"https:\/\/www.sanremoliveandlove.it\/fr\/wp-json\/wp\/v2\/posts\/19407","targetHints":{"allow":["GET"]}}],"collection":[{"href":"https:\/\/www.sanremoliveandlove.it\/fr\/wp-json\/wp\/v2\/posts"}],"about":[{"href":"https:\/\/www.sanremoliveandlove.it\/fr\/wp-json\/wp\/v2\/types\/post"}],"author":[{"embeddable":true,"href":"https:\/\/www.sanremoliveandlove.it\/fr\/wp-json\/wp\/v2\/users\/3"}],"replies":[{"embeddable":true,"href":"https:\/\/www.sanremoliveandlove.it\/fr\/wp-json\/wp\/v2\/comments?post=19407"}],"version-history":[{"count":0,"href":"https:\/\/www.sanremoliveandlove.it\/fr\/wp-json\/wp\/v2\/posts\/19407\/revisions"}],"wp:featuredmedia":[{"embeddable":true,"href":"https:\/\/www.sanremoliveandlove.it\/fr\/wp-json\/wp\/v2\/media\/19401"}],"wp:attachment":[{"href":"https:\/\/www.sanremoliveandlove.it\/fr\/wp-json\/wp\/v2\/media?parent=19407"}],"wp:term":[{"taxonomy":"category","embeddable":true,"href":"https:\/\/www.sanremoliveandlove.it\/fr\/wp-json\/wp\/v2\/categories?post=19407"},{"taxonomy":"post_tag","embeddable":true,"href":"https:\/\/www.sanremoliveandlove.it\/fr\/wp-json\/wp\/v2\/tags?post=19407"}],"curies":[{"name":"wp","href":"https:\/\/api.w.org\/{rel}","templated":true}]}}