{"id":18946,"date":"2025-06-16T13:24:01","date_gmt":"2025-06-16T11:24:01","guid":{"rendered":"https:\/\/www.sanremoliveandlove.it\/?p=18946"},"modified":"2025-06-17T14:30:08","modified_gmt":"2025-06-17T12:30:08","slug":"rose-villain-protagonista-dellestate-a-sanremosfiorano-quota-150-gli-eventi-tra-musica-e-intrattenimento","status":"publish","type":"post","link":"https:\/\/www.sanremoliveandlove.it\/fr\/rose-villain-protagonista-dellestate-a-sanremosfiorano-quota-150-gli-eventi-tra-musica-e-intrattenimento\/","title":{"rendered":"Rose, la m\u00e9chante protagoniste de l&rsquo;\u00e9t\u00e9 \u00e0 Sanremo. Les \u00e9v\u00e9nements, entre musique et divertissement, durent pr\u00e8s de 150 ans."},"content":{"rendered":"\n<p>Le riche programme d&rsquo;\u00e9v\u00e9nements estivaux organis\u00e9 par le service du tourisme dirig\u00e9 par Alessandro Sindoni promet un \u00e9t\u00e9 vibrant avec environ 150 \u00e9v\u00e9nements&nbsp;!<br>Et Rose Villain, l&rsquo;une des artistes les plus internationales de la sc\u00e8ne italienne, qui a particip\u00e9 \u00e0 la derni\u00e8re \u00e9dition du Festival de la Chanson Italienne, sera la vedette de l&rsquo;\u00e9t\u00e9 avec un concert gratuit pr\u00e9vu le 8&nbsp;ao\u00fbt \u00e0 Pian di Nave.<br>Mais ce n&rsquo;est pas tout&nbsp;: Pian di Nave deviendra le c\u0153ur musical avec les \u00ab&nbsp;One Night<br>Summer Hits&nbsp;\u00bb, une v\u00e9ritable revue musicale destin\u00e9e notamment au jeune public, avec la participation de groupes \u00e9mergents et, pour cl\u00f4turer le spectacle, un DJ set.<\/p>\n\n\n\n<p><br>Les protagonistes des \u00ab One Night Summer Hits \u00bb seront Caro Wow et Shade (19 juillet), Sethu et Chiello (26 juillet), Nina Zilli et Elasi (1er ao\u00fbt), BNKR44 (14 ao\u00fbt) et Sarah Toscano (23 ao\u00fbt). Tous les concerts sont gratuits.<br>Une proposition musicale percutante qui transformera Pian di Nave en une grande sc\u00e8ne, un espace de musique et d&rsquo;\u00e9motions qui accueillera cet \u00e9t\u00e9 pr\u00e8s de 60 \u00e9v\u00e9nements, incluant musique, conf\u00e9rences et divertissements.<br>Les \u00e9v\u00e9nements estivaux d\u00e9buteront le samedi 21 juin \u00e0 l&rsquo;occasion de la \u00ab Festa della Musica \u00bb et se poursuivront jusqu&rsquo;en septembre, avec, parmi les principaux lieux, la Piazza Borea d&rsquo;Olmo, la Piazza Colombo, l&rsquo;auditorium Franco Alfano et la Pigna, avec musique, divertissements, rencontres culturelles, \u00e9v\u00e9nements familiaux et le traditionnel feu d&rsquo;artifice du Ferragosto.<br>De plus, le festival b\u00e9n\u00e9ficiera de la programmation conjointe de l&rsquo;Orchestre Symphonique, du Casino et du Th\u00e9\u00e2tre Ariston.<br>Sanremo accueillera \u00e9galement le Festival degli artisti di strada (Festival de musique de rue de Sanremo) les 4 et 5 juillet, devenant ainsi une sc\u00e8ne pour les nouveaux talents italiens.<br>L&rsquo;\u00e9v\u00e9nement, d\u00e9di\u00e9 \u00e0 la musique \u00e9mergente et \u00e0 la promotion des jeunes talents artistiques de toute l&rsquo;Italie, est organis\u00e9 par Open Stage S.r.l. en collaboration avec la municipalit\u00e9 de Sanremo et se d\u00e9roulera au c\u0153ur de la ville, avec des spectacles en direct dans quatre lieux en plein air.<br>Seize artistes s\u00e9lectionn\u00e9s lors d&rsquo;un appel \u00e0 candidatures national sp\u00e9cial interpr\u00e9teront des chansons originales et des r\u00e9interpr\u00e9tations, entra\u00eenant le public dans une exp\u00e9rience musicale immersive. Un jury technique, soutenu par le vote populaire, d\u00e9signera les quatre finalistes qui monteront sur sc\u00e8ne pour la finale le samedi 5 juillet, dans un cadre suggestif pr\u00e8s du Th\u00e9\u00e2tre Ariston.<\/p>\n\n\n\n<p>Outre la visibilit\u00e9, le concours offre la possibilit\u00e9 de produire une chanson avec un producteur professionnel et, pour les personnes remplissant les conditions requises, un acc\u00e8s direct \u00e0 l&rsquo;Area Sanremo.<br>La participation est gratuite et ouverte aux artistes italiens et \u00e9trangers (y compris les mineurs de 16 ans et plus). Inscriptions avant le 20 juin 2025 sur le site theopenstage.it.<\/p>\n\n\n\n<p>\u00ab La saison des grands \u00e9v\u00e9nements commence \u00bb, d\u00e9clare le maire Alessandro Mager, \u00ab et je remercie le conseiller municipal Alessandro Sindoni et l&rsquo;office du tourisme pour leur travail visant \u00e0 permettre aux citoyens et aux touristes qui choisissent Sanremo pour leurs vacances de profiter pleinement de notre ville. Cette offre riche saura plaire aux jeunes, qui b\u00e9n\u00e9ficient de nombreuses possibilit\u00e9s de divertissement, et aux familles, \u00e0 qui des \u00e9v\u00e9nements sp\u00e9cifiques sont destin\u00e9s. \u00bb \u00ab De nombreux lieux et \u00e9v\u00e9nements sont impliqu\u00e9s \u00bb, explique le conseiller municipal Alessandro Sindoni, \u00ab pour cette offre d&rsquo;un niveau exceptionnel que nous pr\u00e9sentons aujourd&rsquo;hui dans son int\u00e9gralit\u00e9. Je tiens \u00e0 remercier sinc\u00e8rement l&rsquo;office du tourisme, les diff\u00e9rentes entit\u00e9s du territoire qui ont collabor\u00e9 \u00e0 l&rsquo;\u00e9laboration du calendrier et la Table du tourisme, dont la contribution a \u00e9t\u00e9 essentielle \u00e0 la campagne de promotion de la destination, lanc\u00e9e le mois dernier et qui a port\u00e9 ses fruits. \u00bb<br>La campagne promotionnelle intitul\u00e9e \u00ab\u00a0A Sanremo puoi\u2026\u00a0\u00bb a \u00e9t\u00e9 lanc\u00e9e mi-mai et s&rsquo;est termin\u00e9e hier (15\u00a0juin). Elle a concern\u00e9 12\u00a0pays europ\u00e9ens (France, Allemagne, Autriche, Belgique, Pays-Bas, Suisse, Danemark, Su\u00e8de, Norv\u00e8ge, R\u00e9publique tch\u00e8que, Hongrie, Pologne), totalisant plus de 6\u00a0600\u00a0000\u00a0vues.<br>Le slogan \u00ab \u00c0 Sanremo, vous pouvez\u2026 \u00bb a \u00e9t\u00e9 cr\u00e9\u00e9 pour positionner la ville comme une destination touristique exp\u00e9rientielle, capable de s&rsquo;adapter \u00e0 diff\u00e9rents publics et saisons&nbsp;: \u00ab&nbsp;\u00c0<br>Sanremo, vous pouvez\u2026&nbsp;\u00bb r\u00eaver, profiter de la mer, vivre des \u00e9v\u00e9nements uniques&nbsp;!<br>La promotion mise en \u0153uvre par le service du tourisme comprend \u00e9galement l&rsquo;utilisation de murs LED et de totems d&rsquo;information, pour une gestion centralis\u00e9e des \u00e9v\u00e9nements&nbsp;: chaque semaine, les visuels des \u00e9v\u00e9nements du calendrier et des autres \u00e9v\u00e9nements de la ville seront utilis\u00e9s.<br>Veuillez noter que les murs LED sont situ\u00e9s au Palazzo Bellevue, via Padre Semeria et \u00e0 l&rsquo;angle de la via Aurelia, en collaboration avec le Casin\u00f2 SPA.<\/p>\n\n\n\n<p>Durant l&rsquo;\u00e9t\u00e9, deux totems d&rsquo;information interactifs seront install\u00e9s, \u00e9quip\u00e9s d&rsquo;une interface tactile (front-end) avec de nombreuses informations sur la ville, \u00e0 proximit\u00e9 du point d&rsquo;information adjacent au Cin\u00e9ma Centrale et dans l&rsquo;atrium du Palafiori, \u00e0 proximit\u00e9 des parcm\u00e8tres.<\/p>\n\n\n\n<p>L&rsquo;interface est con\u00e7ue pour exploiter un syst\u00e8me de codes QR permettant \u00e0 l&rsquo;utilisateur de transf\u00e9rer et de visualiser sur son smartphone les informations affich\u00e9es \u00e0 l&rsquo;\u00e9cran. Le design de l&rsquo;interface est en harmonie avec la nouvelle charte graphique de la marque touristique estivale.<br>Lorsque le totem n&rsquo;est pas utilis\u00e9, apr\u00e8s environ 30 secondes, il affiche les \u00e9v\u00e9nements de la semaine, le calendrier estival et d&rsquo;autres \u00e9v\u00e9nements de la ville, comme les murs LED.<br>De nombreux panneaux d&rsquo;accueil sont install\u00e9s pr\u00e8s de la Villa Ormond (angle de la via Franco Norero) et au bout du Corso Imperatrice, d\u00e9but de la Via Battisti (c\u00f4t\u00e9 ancienne gare). Un panneau sera install\u00e9 \u00e0 Bussana Mare dans les prochaines semaines.<\/p>\n\n\n\n<p>PROGRAMME \u00ab&nbsp;FESTA DELLA MUSICA&nbsp;\u00bb, 21&nbsp;juin<\/p>\n\n\n\n<p>MARCH\u00c9 GASTRONOMIQUE<\/p>\n\n\n\n<p>10&nbsp;h&nbsp;30 Animation musicale avec le duo Beat Less<\/p>\n\n\n\n<p>PIAZZA BOREA D\u2019OLMO<\/p>\n\n\n\n<p>17&nbsp;h&nbsp;30 Chorale \u00ab&nbsp;I Canta\u00f9u&nbsp;\u00bb interpr\u00e8te les \u00ab&nbsp;Chants de la tradition brigasca&nbsp;\u00bb<br>21&nbsp;h Animation musicale avec Daniele Capozucca \u00ab&nbsp;Musica in Centro&nbsp;\u00bb<\/p>\n\n\n\n<p>TH\u00c9\u00c2TRE OPERA CASINO\u2019<\/p>\n\n\n\n<p>18&nbsp;h Concert de l\u2019Orchestre Symphonique de Sanremo (entr\u00e9e payante)<br>21&nbsp;h Concert du Jeune Orchestre de la Riviera dei Fiori<\/p>\n\n\n\n<p>RUES ET CENTRE-VILLE<\/p>\n\n\n\n<p>18&nbsp;h D\u00e9fil\u00e9 musical \u2013 Banque internationale de folklore \u00ab&nbsp;Canta e Sciuscia&nbsp;\u00bb<\/p>\n\n\n\n<p>VIA DE BENEDETTI<\/p>\n\n\n\n<p>18&nbsp;h&nbsp;30 Animation musicale avec le duo Beat Less<\/p>\n\n\n\n<p>PIAZZA COLOMBO<\/p>\n\n\n\n<p>Horaires&nbsp;: 18&nbsp;h&nbsp;30 et 21&nbsp;h La Brillante Tina Linetti&rsquo;s avec le spectacle \u00ab Souvenir d&rsquo;Italie \u00bb<\/p>\n\n\n\n<p>VIA ESCOFFIER<\/p>\n\n\n\n<p>18h30 et 21h00 : Concert avec le groupe de rock \u00ab Funky Monks \u00bb<\/p>\n\n\n\n<p>VIA MATTEOTTI (QUARTIER DU CIN\u00c9MA CENTRAL)<\/p>\n\n\n\n<p>18h30 et 21h00 : Rock italien avec le groupe \u00ab D-Sparsi \u00bbComune di Sanremo<\/p>\n\n\n\n<p>VIA MATTEOTTI (2\u00e8me SECTION)<\/p>\n\n\n\n<p>18h30 Musique italienne avec Paolo Rossi (solo et duo)<br>21h00 \u00ab Kanta con noi \u00bb Animation musicale avec Alex Penna<\/p>\n\n\n\n<p>JARDINS CORSO MOMBELLO (SECTION INF\u00c9RIEURE)<\/p>\n\n\n\n<p>18h30 et 21h00 Les \u00ab Nuovi Solidi \u00bb avec l&rsquo;hommage \u00e0 Lucio Battisti<\/p>\n\n\n\n<p>PIAZZA EROI SANREMESI \u2013 FONTANA SIRO CARLI<\/p>\n\n\n\n<p>19h00 Animation avec le duo musical \u00ab Love Project \u00bb<\/p>\n\n\n\n<p>PIAZZA CESARE BATTISTI \u2013 SI\u00c8GE DU CLUB TENCO<\/p>\n\n\n\n<p>19h00 Revue musicale \u00ab Parole d\u2019auteur \u00bb<\/p>\n\n\n\n<p>RUES ET CENTRE VILLE<\/p>\n\n\n\n<p>20h00 Animation musicale itin\u00e9rante avec Gerlando Tortorici \u00ab Jerry \u00bb<\/p>\n\n\n\n<p>PORTO VECCHIO \u2013 CORSO N. SAURO<br>Heures 20 Musique live avec le pianiste Massimo D&rsquo;Alessio<\/p>\n\n\n\n<p>FORTE DI SANTA TECLA \u2013 Terrasses des Bastioni<\/p>\n\n\n\n<p>21h00 Concert \u00ab Festa della Musica per Lelio Luttazzi \u00bb avec Freddy Colt et son<\/p>\n\n\n\n<p>balan\u00e7oires enfants (entr\u00e9e payante)<\/p>\n\n\n\n<p>HORAIRE \u00ab \u00c9V\u00c9NEMENTS D\u2019\u00c9T\u00c9 2025 \u00bb<\/p>\n\n\n\n<p>22 JUIN OP\u00c9RA-TH\u00c9\u00c2TRE CASINO<br>21h UnoJazz&amp;Blues 2025 \u2013 The Origin Trio avec Stefano Bedetti<br>(S. Bedetti \u2013 G. Di Tullio \u2013 F. Spadea \u2013 Y. Greselin)<br>E20 San Remo Srl<\/p>\n\n\n\n<p>26\/27 JUIN VILLA NOBEL<br>19h00 VIIe \u00e9dition \u00ab Concerts Villa Nobel \u2013 L\u2019\u00e9t\u00e9 \u00e0 la Villa \u00bb<\/p>\n\n\n\n<p>Cul. Culte. Musique de concert \u00e0 S. Tecla<\/p>\n\n\n\n<p>28 JUIN FORTE DI SANTA TECLA \u2013 Magazzini di Ponente<br>18h00 IV^ \u00c9d. &#8211; Coin Swing de la Forteresse \u2013 Concert \u00ab Un \u00e9t\u00e9 standard &#8211;<\/p>\n\n\n\n<p>Hommage \u00e0 Bruno Martino \u00e0 l&rsquo;occasion du centenaire de sa naissance\u201d<br>Quatuor Alessandro Bellati &amp; Livio Zanellato (frais d&rsquo;entr\u00e9e)<\/p>\n\n\n\n<p>ROOF GARDEN CASINO\u2019 de SANREMO<br>Gala avec Giovanni Vernia (entr\u00e9e sur invitation)<\/p>\n\n\n\n<p>28 JUIN\/2 AO\u00dbT COLDIRODI \u2013 QUARTIER DE SANREMO<br>21h00 C\u00e9l\u00e9brations patronales \u00ab Sant\u2019Anna \u00bb \u2013 Famija Culantina<\/p>\n\n\n\n<p>29 JUIN Localit\u00e9 SAN ROMOLO<br>A partir de 15h00 Festival \u00ab Radice \u00bb II \u00e9dition, d\u00e9di\u00e9 aux familles et aux enfants<\/p>\n\n\n\n<p>Association culturelle Talea<\/p>\n\n\n\n<p>SANREMO \u2013 QUARTIER DE SAN GIOVANNI<br>21h00 Com\u00e9die dialectale \u2013 Compagnia Stabile Citt\u00e0 de Sanremo en tourn\u00e9e<\/p>\n\n\n\n<p>30 JUIN\/7 JUILLET PIAZZA SAN SIRO<br>21h00 C\u00e9l\u00e9brations patronales San Siro \u2013 Paroisse de San Siro<\/p>\n\n\n\n<p>JUILLET AO\u00dbT SEPT PORTO VECCHIO<br>21h00 Revue musicale \u00ab L&rsquo;\u00e9t\u00e9 au port \u00bb \u2013 Confartigianato Sanremo<\/p>\n\n\n\n<p>OP\u00c9RA DU 1ER JUILLET &#8211; CASINO\u2019 DI SANREMO<br>21h00 Mardis litt\u00e9raires &#8211; Gianni Fiorellino pr\u00e9sente le livre \u00ab Solo se c\u2019\u00e8 amore \u00bb<\/p>\n\n\n\n<p>3 JUILLET PIAZZA EROI SANREMESI \u2013 Fontana Siro Carli<br>19h00 Revue musicale \u00ab IX \u00e9d. Sorsi di Note \u00bb \u2013 Francesca Furfari Chanteuse<br>21h15 CENTRE HISTORIQUE \u2013 PIAZZA SAN COSTANZO<br>19\u00e8me Revue \u00ab Cin\u00e9ma sous les \u00e9toiles \u00bb \u2013 Projection de \u00ab Allegro non troppo \u00bb<\/p>\n\n\n\n<p>APS Pigna Mon Amour et Soc. Coop\u00e9rative. CMC.<\/p>\n\n\n\n<p>3\/4 JUILLET VILLA NOBEL<br>18h30\/19h VIIe \u00e9dition \u00ab Les concerts de la Villa Nobel \u2013 L&rsquo;\u00e9t\u00e9 \u00e0 la Villa \u00bb<br>Association de concerts Musica a S. Tecla (entr\u00e9e payante)<\/p>\n\n\n\n<p>3 JUILLET\/10 AO\u00dbT FORTE DI SANTA TECLA \u2013 Magazzini di Levante<br>17h30\/23h00 Exposition collective \u00ab Au-del\u00e0 du paysage \u00bb &#8211; Luca Granato et Mattia Ciaf<\/p>\n\n\n\n<p>4 JUILLET PIAZZA BOREA d&rsquo;OLMO<br>21h00 Spectacle pour enfants \u00ab Gioco Fiaba \u2013 Cavoli a merenda \u00bb<\/p>\n\n\n\n<p>Association culturelle Talea<\/p>\n\n\n\n<p>4\/5 JUILLET CENTRE VILLE<br>\u00c0 partir de 18h30 Festival de musique de rue de Sanremo \u2013 Commune de Sanremo<\/p>\n\n\n\n<p>4\/6 JUILLET VILLA ORMOND<br>Festival Flor le Tango \u2013 Mision Tango Asd, matin et apr\u00e8s-midi<\/p>\n\n\n\n<p>6 JUILLET PIAZZA BOREA d\u2019OLMO<br>21h Spectacle pour enfants&nbsp;: \u00ab&nbsp;Sur la place, nous dansons parmi les bulles&nbsp;&#8211; Baby Dance&nbsp;\u00bb<\/p>\n\n\n\n<p>Association culturelle Talea. FORTE DI SANTA TECLA \u2013 Magazzini di Ponente<\/p>\n\n\n\n<p>21h00 Vox Onus Festival XIV Edition \u2013 \u00ab Vox Onus Duo. Le salon musical<\/p>\n\n\n\n<p>dans l\u2019Europe du XVIIIe si\u00e8cle \u00bb<br>AUDITORIUM FRANCO ALFANO<\/p>\n\n\n\n<p>21h30 Sanremo Summer Simphony &#8211; \u00ab Allegra Fantasia \u00bb (Antonio Vivaldi) avec le<br>participation de Bruno Bozzetto \u2013 Orchestre Symphonique de Sanremo<br>(frais d&rsquo;entr\u00e9e)<\/p>\n\n\n\n<p>8 JUILLET PIAZZA BOREA d&rsquo;OLMO<br>21h00 Ateliers cr\u00e9atifs pour les enfants \u2013 Lecture anim\u00e9e \u00ab Papillons color\u00e9s \u00bb<\/p>\n\n\n\n<p>Association culturelle Talea<br>TEATRO DELL&rsquo;OPERA &#8211; CASINO&rsquo; DI SANREMO<br>21h00 Mardis litt\u00e9raires \u2013 Mario Giordano pr\u00e9sente le livre \u00ab Dynastie \u00bb<\/p>\n\n\n\n<p>9 JUILLET PIAZZA BOREA d&rsquo;OLMO<br>21h00 Concert \u00ab Philadelphia Jazz Orchestra \u00bb \u2013 Arr\u00eat in Italy Srl<\/p>\n\n\n\n<p>10 JUILLET PIAZZA BOREA d&rsquo;OLMO<br>21h00 Repr\u00e9sentation th\u00e9\u00e2trale : \u00ab Lettres venues de loin \u00bb &#8211; Teatro Nazionale Genova<\/p>\n\n\n\n<p>CENTRE HISTORIQUE \u2013 PIAZZA SAN COSTANZO<\/p>\n\n\n\n<p>21h15 XIX\u00e8me Festival \u00ab Cin\u00e9ma sous les \u00e9toiles \u00bb \u2013 Projection de \u00ab L\u2019Ecole de Rook \u00bb<\/p>\n\n\n\n<p>APS Pigna Mon Amour et Soc. Coop. CMC<br>AUDITORIUM FRANCO ALFANO<\/p>\n\n\n\n<p>21h30 Symphonie d&rsquo;\u00e9t\u00e9 de Sanremo \u2013 \u00ab Le Carnaval des animaux \u2013 Grande fantaisie zoologique \u00bb (Camille Saint-Saents) \u2013 R\u00e9citant Francesco Pannofino<\/p>\n\n\n\n<p>Orchestre symphonique de Sanremo (entr\u00e9e payante)<\/p>\n\n\n\n<p>10\/11 JUILLET VILLA NOBEL<br>19h00 VIIe \u00c9dition \u00ab Les concerts de la Villa Nobel \u2013 L&rsquo;\u00e9t\u00e9 \u00e0 la Villa \u00bb<br>Cult. Ass. Concerts Musica a S. Tecla (entr\u00e9e payante)<\/p>\n\n\n\n<p>11 JUILLET, FORTE DI SANTA TECLA \u2013 Cortile Piazza d\u2019Armi<br>19h00, Concert \u00ab&nbsp;Mozart \u2013 Portrait d\u2019un g\u00e9nie&nbsp;\u00bb<br>Cordes de l\u2019Orchestre classique d\u2019Alessandria<br>PIAZZA BOREA d\u2019OLMO<\/p>\n\n\n\n<p>21h00, Spectacle pour enfants \u00ab&nbsp;Grains de sable avec le Petit Prince&nbsp;\u00bb<\/p>\n\n\n\n<p>Association culturelle Talea<\/p>\n\n\n\n<p>12 JUILLET, PIAZZA SAN SIRO<\/p>\n\n\n\n<p>March\u00e9 Piccolo Brocante \u2013 Association culturelle. \u00c9v\u00e9nements r\u00e9cr\u00e9atifs. Gratuit.<br>PIAZZA BOREA d\u2019OLMO<\/p>\n\n\n\n<p>21h00, Spectacle pour enfants \u00ab&nbsp;Sur la place, tu danses parmi les bulles&nbsp;&#8211; Baby Dance&nbsp;\u00bb<\/p>\n\n\n\n<p>Association culturelle Talea.<\/p>\n\n\n\n<p>12\/13 JUILLET, VILLA ORMOND<\/p>\n\n\n\n<p>Festival de la photographie de Sanremo &#8211; Spazivisivi<\/p>\n\n\n\n<p>13 JUILLET PIAZZA COLOMBO\/ATRIO PALAFIORI<\/p>\n\n\n\n<p>March\u00e9 d&rsquo;antiquit\u00e9s de Sanremo &#8211; Association culturelle \u00c9v\u00e9nements r\u00e9cr\u00e9atifs gratuits<br>PIAZZA EROI SANREMESI \u2013 Fontana Siro Carli<\/p>\n\n\n\n<p>19h00 Revue Musicale \u00ab IX \u00e9d. Sorsi di Note \u00bb \u2013 D\u00e9fil\u00e9 avec Dany Animation<\/p>\n\n\n\n<p>PIAN \u200b\u200bDI NAVE<\/p>\n\n\n\n<p>21h00 Tambour 100 \u2013 Camp Rock ASD<\/p>\n\n\n\n<p>OP\u00c9RA-TH\u00c9\u00c2TRE CASINO<br>21h00 UnoJazz&amp;Blues 2025 \u2013 Danilo P\u00e9rez Trio<br>(D. Perez \u2013 J. Patitucci \u2013 A. Cruz) \u2013 E20 Sanremo Srl<\/p>\n\n\n\n<p>14 JUILLET CENTRE VILLE<br>20h30 F\u00eate des Sports : D\u00e9fil\u00e9 des athl\u00e8tes des associations sportives<\/p>\n\n\n\n<p>et d\u00e9fil\u00e9 musical \u00ab Canta e Sciuscia \u00bb<br>PIAN \u200b\u200bDI NAVE<\/p>\n\n\n\n<p>21h00 21 F\u00eate du Sport : R\u00e9compenses des Clubs Sportifs C\u00e9r\u00e9monie<\/p>\n\n\n\n<p>15 JUILLET, PIAZZA BOREA d\u2019OLMO<br>21h00, Ateliers cr\u00e9atifs musicaux pour enfants \u2013 Association culturelle Talea<\/p>\n\n\n\n<p>AUDITORIUM FRANCO ALFANO<\/p>\n\n\n\n<p>21h30, Symphonie d&rsquo;\u00e9t\u00e9 de Sanremo &#8211; \u00ab&nbsp;Juste \u00e0 temps&nbsp;\u00bb &#8211; Prise 6<br>Orchestre symphonique de Sanremo (entr\u00e9e payante)<\/p>\n\n\n\n<p>15\/20 JUILLET, CASINO DE SANREMO &#8211; SALLES DE JEUX<\/p>\n\n\n\n<p>Tournoi de poker DSO<\/p>\n\n\n\n<p>16 JUILLET, OP\u00c9RA-TH\u00c9\u00c2TRE &#8211; CASINO DE SANREMO<\/p>\n\n\n\n<p><br>21h00 Les Mardis Litt\u00e9raires \u2013 Le Cardinal Angelo Bagnasco pr\u00e9sente le livre \u00ab Le Christ, esp\u00e9rance de tout homme. R\u00e9flexions sur le Jubil\u00e9 \u00bb<\/p>\n\n\n\n<p>16\/17 JUILLET PIAN DI NAVE<br>21h00 Visite guid\u00e9e \u00ab Sanremo Rock \u00bb \u2013 Nove Eventi Srl<\/p>\n\n\n\n<p>17 JUILLET CENTRE HISTORIQUE \u2013 PIAZZA SAN COSTANZO<br>21h15 Critique du XIX\u00e8me \u00ab Cin\u00e9ma sous les \u00e9toiles \u00bb \u2013 Projection du film \u00ab La v\u00e9ritable l\u00e9gende de Tony Vilar \u00bb \u2013 APS Pigna Mon Amour et Soc. Coop. CMC.<\/p>\n\n\n\n<p>18 JUILLET FORTE DI SANTA TECLA \u2013 Terrasse\/Chambres<br>19h00 \u00ab Echoes of Tecla \u00bb &#8211; Projet Balletto Teatro di Torino\/BTT<\/p>\n\n\n\n<p>PIAZZA BOREA d&rsquo;OLMO<\/p>\n\n\n\n<p>21h00 Spectacle pour enfants \u2013 Jeu de conte de f\u00e9es \u00ab Le biblioth\u00e9caire et le monstre du livre \u00bb<\/p>\n\n\n\n<p>Association culturelle Talea<\/p>\n\n\n\n<p>21h00 VIA ESCOFFIER<\/p>\n\n\n\n<p>\u00ab Les \u00e9checs sous les \u00e9toiles \u00bb \u2013 Asd Scacchi Sanremo \u00ab Nenad Sulava \u00bb<br>AUDITORIUM FRANCO ALFANO<\/p>\n\n\n\n<p>21h30 UnoJazz&amp;Blues 2025 \u2013 en collaboration avec l&rsquo;Orchestre Symphonique de Sanremo<br>Concert \u00ab&nbsp;Marcus Miller&nbsp;\u00bb (M.Miller-A.Bailey-A.Han-J.Francies-<br>R. Gunn)<br>E20 Sanremo Srl \u2013 (entr\u00e9e payante)<\/p>\n\n\n\n<p>19 JUILLET PIAN DI NAVE<br>21h30 \u00ab Caro Wow Concert \u00ab&nbsp;Shade&nbsp;\u00bb \u2013 Municipalit\u00e9 de Sanremo\/Compagnie GNG<\/p>\n\n\n\n<p>ROOF GARDEN CASINO<br>Gala avec Luca Barbarossa (sur invitation uniquement)<\/p>\n\n\n\n<p>20 JUILLET SAN ROMOLO<br>A partir de 15h Festival \u00ab Radice \u00bb &#8211; 2\u00e8me \u00e9dition, d\u00e9di\u00e9e aux familles et aux enfants<\/p>\n\n\n\n<p>Association culturelle Talea<br>LUNGOMARE SALVO D\u2019ACQUISTO (ZONE SUD-EST)<\/p>\n\n\n\n<p>17h00 Arriv\u00e9e du VTT Transalp 2025 \u00ab La Via del Sale \u00bb \u2013 Sanremo ON Business Network<\/p>\n\n\n\n<p>PIAN \u200b\u200bDI NAVE<\/p>\n\n\n\n<p>21h00 Concert Nuovi Solidi \u00ab Hommage \u00e0 Lucio Battisti \u00bb \u2013 Association ENEA Onlus<\/p>\n\n\n\n<p>21 JUILLET PIAN DI NAVE<br>21h00 Spectacle \u00ab Dance Summer \u00bb avec Gianni Rossi<\/p>\n\n\n\n<p>Soc. Coop\u00e9rative Deltaartisti<\/p>\n\n\n\n<p>22 JUILLET PIAN DI NAVE<br>21h00 \u00ab Hommage \u00e0 Dodo Goya \u00bb \u2013 Duo Dado Moroni\/Pietro Tonolo 4tet<\/p>\n\n\n\n<p>Association culturelle Mus\u2019Art.<br>PIAZZA BOREA d&rsquo;OLMO<br>21h00 Ateliers cr\u00e9atifs avec musique pour les enfants<br>Association culturelle Talea<br>L&rsquo;OP\u00c9RA &#8211; CASINO&rsquo; DI SANREMO<\/p>\n\n\n\n<p>21h00 Mardis litt\u00e9raires \u2013 Alessandro Rivali (Prix Semeria) pr\u00e9sente le livre<\/p>\n\n\n\n<p>\u00ab\u00a0Mon nom dans le vent\u00a0\u00bb<br>SANREMO \u2013 FRACTION COLDIRODI<\/p>\n\n\n\n<p>21h00 Com\u00e9die dialectale \u2013 Compagnia Stabile Citt\u00e0 di Sanremo en tourn\u00e9e<\/p>\n\n\n\n<p>23 JUILLET PIAN DI NAVE<br>21h00 \u00ab Hommage \u00e0 Dodo Goya \u00bb \u2013 Ouverture du discours de l&rsquo;Ensemble Sanremo du Lyc\u00e9e Cassini Musicale &#8211; Andrea Dulbecco Trio \/Dado Moroni Trio &#8211; Mus\u2019Art Ass.ne<br>Culturale<\/p>\n\n\n\n<p>24 JUILLET PIAN DI NAVE<br>21h00 Spectacle \u00ab&nbsp;Histoires musicales&nbsp;\u00bb \u2013 Provideoservice<br>CENTRE HISTORIQUE \u2013 PIAZZA SAN COSTANZO<\/p>\n\n\n\n<p>21h15 XIX\u00e8me Critique du \u00ab&nbsp;Cin\u00e9ma sous les \u00e9toiles&nbsp;\u00bb \u2013 Projection de \u00ab&nbsp;Marguerite&nbsp;\u00bb \u2013<\/p>\n\n\n\n<p>APS Pigna Mon Amour et Soc. Coop. CMC<br>AUDITORIUM FRANCO ALFANO<\/p>\n\n\n\n<p>21h15 Symphonie d&rsquo;\u00e9t\u00e9 de Sanremo \u00ab Pino a met\u00e0 \u00bb avec Eugenio Bennato et Pietra<br>Montecorvino \u2013 Orchestre Symphonique de Sanremo (tarif d\u2019entr\u00e9e)<\/p>\n\n\n\n<p>25 JUILLET PIAZZA EROI SANREMESI \u2013 Fontana Siro Carli<br>19h00 Revue musicale \u00ab IX \u00e9dition Sorsi di Note \u00bb \u2013 Radio Reset \u2013 Tributo Negrita<\/p>\n\n\n\n<p>PIAN \u200b\u200bDI NAVE<\/p>\n\n\n\n<p>21h00 XXVI Revue de com\u00e9die dialectale \u00ab Nini Sappia \u00bb \u2013 Compagnie \u00ab I<\/p>\n\n\n\n<p>JMotobin\u201d \u2013 Verzuolo (Coni)<br>PIAZZA BOREA d&rsquo;OLMO<\/p>\n\n\n\n<p>21h00 Spectacle pour enfants \u00ab Gioco Fiaba \u2013 L\u2019isola delle lucciole \u00bb &#8211;<\/p>\n\n\n\n<p>Association culturelle Talea<\/p>\n\n\n\n<p>26 JUILLET PIAN DI NAVE<br>21h30 Concert \u00ab Sethu &#8211; Chiello \u00bb \u2013 Commune de Sanremo\/Compagnie GNG<\/p>\n\n\n\n<p>26\/29 JUILLET CENTRE HISTORIQUE \u2013 AMPHITH\u00c9\u00c2TRE SAN COSTANZO<br>21h00 Revue musicale \u00ab Bravo Jazz XII \u00c9dition \u00bb \u2013 Association Fare Musica<\/p>\n\n\n\n<p>27 JUILLET SANREMO &#8211; QUARTIER DE BUSSANA<br>8h00 Rallye de voitures anciennes \u2013 Club des amateurs de v\u00e9hicules anciens (C.A.V.E.)<\/p>\n\n\n\n<p>PIAN \u200b\u200bDI NAVE<\/p>\n\n\n\n<p>21h00 R\u00e9union\/Conf\u00e9rence &#8211; Projet Sanctuaire Pelagos&nbsp;: \u00ab&nbsp;Le conna\u00eetre pour l&rsquo;aimer et le prot\u00e9ger&nbsp;\u00bb \u2013 Institut Tethis \u2013 Association \u00e0 but non lucratif pour l&rsquo;\u00e9tude et la protection du milieu marin<\/p>\n\n\n\n<p>21h00 PIAZZA BOREA d\u2019OLMO<\/p>\n\n\n\n<p>Spectacle pour enfants&nbsp;: \u00ab&nbsp;Sur la place, tu danses parmi les bulles&nbsp;&#8211; Baby Dance&nbsp;\u00bb<br>Association culturelle Talea<\/p>\n\n\n\n<p>28 JUILLET PIAN DI NAVE<br>21h00 Spectacle musical\/animation \u00ab&nbsp;Festival Story&nbsp;\u00bb avec Alex Penna<\/p>\n\n\n\n<p>Association Vivi Armea<\/p>\n\n\n\n<p>29 JUILLET PIAN DI NAVE<br>21h00 \u00ab&nbsp;L&rsquo;\u00e9t\u00e9 qui chante&nbsp;\u2013 VIIe \u00e9dition&nbsp;\u00bb \u2013 Monia Russo\/Interpr\u00e8tes et auteurs-compositeurs-interpr\u00e8tes<\/p>\n\n\n\n<p>de l&rsquo;\u00c9cole de Canto House Voix \u2013 CADEAU CNS<br>PIAZZA BOREA d&rsquo;OLMO<\/p>\n\n\n\n<p>21h00 Ateliers cr\u00e9atifs pour les enfants \u2013 Lecture anim\u00e9e \u00ab Michey et Limone \u00e0 la recherche d&rsquo;un r\u00eave \u00bb \u2013 Association Culturelle Talea<\/p>\n\n\n\n<p>30 JUILLET PIAZZA EROI SANREMESI \u2013 Fontana Siro Carli<br>19h00 Revue musicale \u00ab IX \u00e9d. Sorsi di Note \u00bb \u2013 Duo musical Beatrice &amp; Serena<\/p>\n\n\n\n<p>FORTE DI SANTA TECLA \u2013 Terrasse\/Chambres<br>19h00 \u00ab Echoes of Tecla \u00bb &#8211; Projet Balletto Teatro di Torino\/BTT<\/p>\n\n\n\n<p>PIAN \u200b\u200bDI NAVE<\/p>\n\n\n\n<p>21h00 Rencontres litt\u00e9raires \u2013 Gianluigi Nuzzi \u00ab D&rsquo;Emanuela Orlandi \u00e0 Garlasco, le<\/p>\n\n\n\n<p>v\u00e9rit\u00e9s cach\u00e9es\u201d &#8211; Commune de Sanremo\/Casin\u00f2 SpA<\/p>\n\n\n\n<p>30 JUILLET\/2 AO\u00dbT CENTRE HISTORIQUE \u2013 AMPHITH\u00c9\u00c2TRE DE SAN COSTANZO<br>Ore 21 Rassegna musicale \u201cRock in the Casbah \u2013 XXVI edizione\u201d \u2013 Ass.ne Fare<br>Musica<\/p>\n\n\n\n<p>31 JUILLET PIAN DI NAVE<br>21h00 Musique et animation \u00ab&nbsp;Canta che ti passa&nbsp;\u00bb avec Daniele Capozucca<\/p>\n\n\n\n<p>Equipe d&rsquo;animation Dany<\/p>\n\n\n\n<p>1er AO\u00dbT PIAN DI NAVE<br>21h30 Concert \u00ab Nina Zilli &#8211; Elasi \u00bb \u2013 Commune de Sanremo\/Compagnie GNG<\/p>\n\n\n\n<p>2 AO\u00dbT PIAZZA SAN SIRO<\/p>\n\n\n\n<p>March\u00e9 Piccolo Brocante \u2013 Association d&rsquo;\u00e9v\u00e9nements culturels r\u00e9cr\u00e9atifs Gratuit<br>PIAN \u200b\u200bDI NAVE<\/p>\n\n\n\n<p>21h00 XXVI Festival de com\u00e9die dialectale \u00ab Nini Sappia \u00bb<br>Entreprise \u00ab Piccolo Variet\u00e0 \u00bb &#8211; Pinerolo (Turin)<br>AUDITORIUM FRANCO ALFANO<\/p>\n\n\n\n<p>21h30 Symphonie d&rsquo;\u00e9t\u00e9 de Sanremo &#8211; \u00ab Ute Lemper \u00bb \u2013 Orchestre Symphonique de Sanremo<\/p>\n\n\n\n<p>(frais d&rsquo;entr\u00e9e)<\/p>\n\n\n\n<p>3 AO\u00dbT PIAN DI NAVE<br>21h00 Spectacle \u00ab Non mi Trovo \u00bb de et avec Pinuccio \u2013 Noio Srl<\/p>\n\n\n\n<p>4 AO\u00dbT PIAN DI NAVE<br>21h00 Rencontres litt\u00e9raires \u2013 Roberto Giacobbo \u00ab Myst\u00e8res et \u00e9nigmes \u00bb<\/p>\n\n\n\n<p>Municipalit\u00e9 de Sanremo\/Casin\u00f2 SpA<br>PIAZZA BOREA d\u2019OLMO<\/p>\n\n\n\n<p>21h00 Spectacle pour enfants : \u00ab Sur la place, tu danses parmi les bulles \u2013 Baby Dance \u00bb<\/p>\n\n\n\n<p>Association culturelle Talea<\/p>\n\n\n\n<p>4\/11 AO\u00dbT PADEL CLUB SANREMO ACAD\u00c9MIE<\/p>\n\n\n\n<p>Tournoi de Padel \u00ab Francesco Prevosto Memorial \u2013 III Edition \u00bb \u2013 SSD Sciolli<br>Srl<\/p>\n\n\n\n<p>5 AO\u00dbT PIAN DI NAVE<br>21h00 Concert Oro Nero \u00ab Les ann\u00e9es dor\u00e9es des ann\u00e9es 90 \u00bb \u2013 ACR New Sound 2.0<\/p>\n\n\n\n<p>PIAZZA BOREA d&rsquo;OLMO<\/p>\n\n\n\n<p>21h00 Ateliers cr\u00e9atifs pour les enfants \u2013 Lecture anim\u00e9e \u00ab Le jardin sonore \u00bb<\/p>\n\n\n\n<p>Association culturelle Talea<br>OP\u00c9RA-TH\u00c9\u00c2TRE CASINO<\/p>\n\n\n\n<p>21h00 UnoJazz&amp;Blues 2025 &#8211; Concert \u00ab Frank Gambale All Star \u00bb (F. Gambale &#8211;<br>B. Gambale &#8211; D. Di Piazza &#8211; P. Drungle- G. Borlai) \u2013 E20 Sanremo Srl<\/p>\n\n\n\n<p>6 AO\u00dbT TH\u00c9\u00c2TRE ARISTON<br>21h00 Milan Ballet \u00ab La Dolce Vita \u00bb \u2013 Ariston Spa (entr\u00e9e payante)<\/p>\n\n\n\n<p>FORTE DU P\u00c8RE NO\u00cbL TECLA &#8211; Terrasse<br>22h00 Festival Pinha 2025 &#8211; DJ Set \u2013 Musique d&rsquo;aventures<\/p>\n\n\n\n<p>7 AO\u00dbT PIAZZA EROI SANREMESI \u2013 Fontana Siro Carli<br>19h00 Revue musicale \u00ab IX \u00e9d. Sorsi di Note \u00bb \u2013 Chanteuse Francesca Furfari<\/p>\n\n\n\n<p>PIAZZA BOREA d\u2019OLMO<\/p>\n\n\n\n<p>21h00 Spectacle pour enfants \u2013 \u00ab La nuit blanche des contes \u2013 Grande f\u00eate sur la place \u00bb Association culturelle Talea<br>VILLA ORMOND<br>21h00 \u00c9v\u00e9nement aventures<\/p>\n\n\n\n<p>7\/9 AO\u00dbT CENTRE HISTORIQUE &#8211; AMPHITH\u00c9\u00c2TRE SAN COSTANZO<br>21h00 Festival Pinha 2025<\/p>\n\n\n\n<p>8 AO\u00dbT PIAN DI NAVE<br>21h30 Concert \u00ab Rose Villain \u00bb \u2013 Commune de Sanremo\/ALUHASrl<\/p>\n\n\n\n<p>VILLA ORMOND<br>21h00 \u00c9v\u00e9nement Aventures<\/p>\n\n\n\n<p>SANREMO \u2013 QUARTIER DE BUSSANA<\/p>\n\n\n\n<p>21h00 Com\u00e9die dialectale \u2013 Compagnie permanente de la ville de Sanremo en tourn\u00e9e<\/p>\n\n\n\n<p>AUDITORIUM FRANCO ALFANO<\/p>\n\n\n\n<p>21h30 Symphonie d&rsquo;\u00e9t\u00e9 de Sanremo \u00ab Arianna Antinori \u00bb \u2013 Orchestre symphonique de Sanremo\/Club Tenco Sanremo (frais d&rsquo;entr\u00e9e)<\/p>\n\n\n\n<p>9 AO\u00dbT PIAZZA SAN SIRO<\/p>\n\n\n\n<p>March\u00e9 Piccolo Brocante &#8211; Association Culte \u00c9v\u00e9nements R\u00e9cr\u00e9atifs Gratuits<br>PIAN \u200b\u200bDI NAVE<\/p>\n\n\n\n<p>21h00 Concert\/Spectacle \u00ab Pourquoi Sanremo est Sanremo \u00bb \u2013 Provideoservice<\/p>\n\n\n\n<p>9\/10 AO\u00dbT Lieu SAN ROMOLO<br>9h00 Festival dei Boschi \u2013 11\u00e8me \u00e9dition \u2013 Association Popoli in Arte<\/p>\n\n\n\n<p>10 AO\u00dbT PIAZZA COLOMBO \u2013 ATRIUM PALAFIORI<\/p>\n\n\n\n<p>March\u00e9 d&rsquo;antiquit\u00e9s de Sanremo \u2013 Association culturelle \u00c9v\u00e9nements r\u00e9cr\u00e9atifs gratuits<br>PIAN \u200b\u200bDI NAVE<\/p>\n\n\n\n<p>21h00 Rencontres litt\u00e9raires \u2013 Paolo Mieli pr\u00e9sente le livre \u00ab Flammes du pass\u00e9 \u00bb<\/p>\n\n\n\n<p>Municipalit\u00e9 de Sanremo\/Casin\u00f2 SpA<br>PIAZZA BOREA d\u2019OLMO<\/p>\n\n\n\n<p>21h00 Spectacle pour enfants&nbsp;: \u00ab&nbsp;Sur la place, on danse parmi les bulles \u2013 Baby Dance&nbsp;\u00bb<\/p>\n\n\n\n<p>Association culturelle Talea<\/p>\n\n\n\n<p>11 AO\u00dbT <\/p>\n\n\n\n<p>PIAN DI NAVE<br>21h30 Spectacle \u00ab Dance Summer \u00bb avec Gianni Rossi \u2013 Soc. Coop\u00e9rative<br>Deltaartisti<\/p>\n\n\n\n<p>12 AO\u00dbT PIAN DI NAVE<br>21h00 XXVI Festival de com\u00e9die dialectale \u00ab Nini Sappia \u00bb<\/p>\n\n\n\n<p>Entreprise permanente de la ville de Sanremo<br>PIAZZA BOREA d&rsquo;OLMO<\/p>\n\n\n\n<p>21h00 Ateliers cr\u00e9atifs pour les enfants \u2013 Lecture anim\u00e9e \u00ab Marionnettes \u00bb<\/p>\n\n\n\n<p>Association culturelle Talea<br>21h30 AUDITORIUM FRANCO ALFANO<\/p>\n\n\n\n<p>Symphonie d&rsquo;\u00e9t\u00e9 de Sanremo \u00ab Mario Biondi \u00bb \u2013 Orchestre Symphonique de Sanremo<\/p>\n\n\n\n<p>(frais d&rsquo;entr\u00e9e)<\/p>\n\n\n\n<p>13 AO\u00dbT PIAN DI NAVE<br>21h00 Concert de Monia Russo \u00ab Tristezza Light Tour \u00bb \u2013 G.I.F.T. SNC<br>CENTRE HISTORIQUE \u2013 PIAZZA SAN COSTANZO<\/p>\n\n\n\n<p>21h15 XIX Festival \u00ab Cin\u00e9ma sous les \u00e9toiles \u00bb \u2013 Projection de \u00ab Walk the line \u00bb<\/p>\n\n\n\n<p>APS Pigna Mon Amour et Soc. Coop\u00e9rative. CMC<\/p>\n\n\n\n<p>14 AO\u00dbT CENTRE VILLE<br>19h00 D\u00e9fil\u00e9 Musical \u2013 Groupe Musical Folklorique \u00ab Canta e Sciuscia \u00bb Sanremo<\/p>\n\n\n\n<p>PIAN \u200b\u200bDI NAVE<\/p>\n\n\n\n<p>21h00 Concert \u00ab BNKR 44 \u00bb \u2013 Commune de Sanremo\/Soci\u00e9t\u00e9 GNG<br>JARDIN SUR LE TOIT CASINO&rsquo; DI SANREMO<br>Gala avec Los Locos (entr\u00e9e sur invitation uniquement)<br>PORTO VECCHIO \u2013 MOLO DI PONENTE<br>22h30 Spectacle pyrotechnique \u2013 Commune de Sanremo<\/p>\n\n\n\n<p>14 AO\u00dbT\/5 OCTOBRE FORTE DI SANTA TECLA \u2013 Magazzini di Levante<br>17h30\/23h30 Exposition de Mario Moronti \u00ab Les couleurs de la lumi\u00e8re et des t\u00e9n\u00e8bres \u00bb<\/p>\n\n\n\n<p>15 AO\u00dbT PIAN DI NAVE<br>21h00 Concert Nuovi Solidi \u00ab Hommage \u00e0 Lucio Battisti \u00bb \u2013 Association ENEA Onlus<\/p>\n\n\n\n<p>15\/17 AO\u00dbT CENTRE VILLE<\/p>\n\n\n\n<p>\u00c9dition d&rsquo;\u00e9t\u00e9 \u00ab Ventes de joie \u00bb \u2013 Confcommercio Sanremo<\/p>\n\n\n\n<p>16 AO\u00dbT PIAN DI NAVE<br>21h00 Spectacle cabaret \u00ab Non so che fare prima \u00bb avec Uccio De Santis<\/p>\n\n\n\n<p>Id\u00e9e de communication et de spettacolo<\/p>\n\n\n\n<p>17 AO\u00dbT PIAZZA EROI SANREMESI \u2013 Fontana Siro Carli<br>19h00 Revue musicale \u00ab IX \u00e9d. Sorsi di Note \u00bb \u2013 Spectacle avec Dany Animation<\/p>\n\n\n\n<p>NAVIRE PIAN \u200b\u200bDI<\/p>\n\n\n\n<p>9h00 p.m. Concert\/Spectacle \u00ab Libero Arbitrio \u00bb \u2013 Provideoservice<\/p>\n\n\n\n<p>AUDITORIUM FRANCO ALFANO<\/p>\n\n\n\n<p>21h30 Symphonie d&rsquo;\u00e9t\u00e9 de Sanremo \u00ab Simone Cristicchi \u00bb<br>Orchestre Symphonique de Sanremo (tarif d&rsquo;entr\u00e9e)<\/p>\n\n\n\n<p>18 AO\u00dbT PIAN DI NAVE<br>21h00 XXVI Festival de com\u00e9die dialectale \u00ab Nini Sappia \u00bb<\/p>\n\n\n\n<p>Entreprise \u00ab La Torretta \u00bb \u2013 Savone<br>PIAZZA BOREA d&rsquo;OLMO<\/p>\n\n\n\n<p>21h00 Spectacle pour enfants en russe \u00ab L&rsquo;escargot et la baleine \u00bb<\/p>\n\n\n\n<p>Ass.ne Culte. \u00ab \u00catre \u00bb ODV<br>TH\u00c9\u00c2TRE ARISTON<\/p>\n\n\n\n<p>21h00 Nouveau spectacle Andrea Pucci \u2013 Ariston Spa (entr\u00e9e payante)<\/p>\n\n\n\n<p>19 AO\u00dbT PIAN DI NAVE<br>21h00 Spectacle \u00ab Grande grande grande. Omaggio a Mina \u00bb \u2013 Justly Around Music Scrl<\/p>\n\n\n\n<p>PIAZZA BOREA d&rsquo;OLMO<\/p>\n\n\n\n<p>21h00 Spectacle pour enfants \u00ab La lotta dei cuscini \u00bb \u2013 Talea Associazione Culturale<\/p>\n\n\n\n<p>TH\u00c9\u00c2TRE ARISTON<\/p>\n\n\n\n<p>21h00 Nouveau spectacle Andrea Pucci \u2013 Ariston Spa (entr\u00e9e payante)<\/p>\n\n\n\n<p>20 AO\u00dbT PIAZZA EROI SANREMESI \u2013 Fontana Siro Carli<br>19h00 IXe \u00e9dition du festival musical \u00ab Sorsi di Note \u00bb \u2013 duo musical Love Project<\/p>\n\n\n\n<p>PIAN \u200b\u200bDI NAVE<\/p>\n\n\n\n<p>21h00 Rencontres litt\u00e9raires \u2013 Rosella Postorino pr\u00e9sente le livre \u00ab Nei nervi e nel cuore \u00bb<\/p>\n\n\n\n<p>Municipalit\u00e9 de Sanremo\/Casin\u00f2 SpA<\/p>\n\n\n\n<p>21 AO\u00dbT PIAN DI NAVE<br>21h00 Spectacle th\u00e9\u00e2tral en russe \u00ab \u00c9pisodes &#8211; Nouvelles et extraits d&rsquo;A.<\/p>\n\n\n\n<p>Tchekhov et l&rsquo;intelligence artificielle \u00bb \u2013 Association culturelle \u00ab \u00catre \u00bb ODV<br>CENTRE HISTORIQUE \u2013 PIAZZA SAN COSTANZO<\/p>\n\n\n\n<p>21h15 XIX\u00e8me Festival \u00ab Cin\u00e9ma sous les \u00e9toiles \u00bb \u2013 Projection du film \u00ab Le Concert \u00bb \u2013 APS Pigna Mon Amour et Soc. Coop. CMC<\/p>\n\n\n\n<p>22 AO\u00dbT PIAZZA BOREA d\u2019OLMO<br>21h00 Spectacle pour enfants \u00ab Le spectacle de marionnettes avec Testafina C\u0153ur de Lion \u00bb \u2013 Association culturelle Talea<br>AUDITORIUM FRANCO ALFANO<\/p>\n\n\n\n<p>21h30 Symphonie d&rsquo;\u00e9t\u00e9 de Sanremo \u2013 \u00ab Raphael Gualazzi \u00bb \u2013 Orchestre Symphonique de Sanremo (tarif d&rsquo;entr\u00e9e)<\/p>\n\n\n\n<p>22\/24 AGOSTO BUSSANA \u2013 FRAZIONE DI SANREMO<br>Ore 21 Festeggiamenti Patronali \u201cSant\u2019Egidio\u201d \u2013 Circolo Ricreativo Bussanese<\/p>\n\n\n\n<p>23 AGOSTO PIAN DI NAVE<br>Ore 21.30 Concerto \u201cSarah Toscano\u201d \u2013 Comune di Sanremo\/GNG Company<\/p>\n\n\n\n<p>24 AGOSTO Localita\u2019 SAN ROMOLO<br>Dalle ore 15.00 Festa \u201cRadice\u201d II edizione, dedicata a famiglie e bambini<\/p>\n\n\n\n<p>Talea Associazione Culturale<br>FORTE DI SANTA TECLA \u2013 Magazzini di Ponente<\/p>\n\n\n\n<p>Ore 21 Vox Onus Festival XIV Edizione \u2013 \u201cCross Over Trio. Note dal Mare\u201d<\/p>\n\n\n\n<p>PIAN DI NAVE<\/p>\n\n\n\n<p>Ore 22 Festival della Canzone Jazzata \u201cZazzarazzaz XXVI Edizione\u201d \u2013 Nuovi Swingers<br>Francesco Del Gaudio Quartet \u201cChampagne\u2026 Peppino di Capri\u201d<br>Ass. Cult. Centro Studi Musicali Stan Kenton<\/p>\n\n\n\n<p>25 AGOSTO PIAN DI NAVE<br>Ore 21.30 Festival della Canzone Jazzata \u201cZazzarazzaz &#8211; XXVI Edizione\u201d \u2013 Swing<br>d\u2019Autore<\/p>\n\n\n\n<p>Franco Boggero \u201cTiro a tre\u201d \u2013 Zingar\u00f2<br>Ass. Cult. Centro Studi Musicali Stan Kenton<\/p>\n\n\n\n<p>25\/27 AGOSTO PORTO VECCHIO<\/p>\n\n\n\n<p>\u201cA Tavola sul Porto\u201d \u2013 Confartigianato Sanremo<\/p>\n\n\n\n<p>26 AGOSTO PIAZZA BOREA d\u2019OLMO<br>Ore 21 Spettacolo per bambini \u201cPrendere il volo\u201d &#8211; Talea Associazione Culturale<\/p>\n\n\n\n<p>PIAN DI NAVE<br>21h30 Festival de Jazz \u00ab Zazzarazzaz XXVIe \u00c9dition \u00bb \u2013<br>En souvenir\u2026<\/p>\n\n\n\n<p>Quintette Franco Fasano \u00ab Je veux les chanter comme \u00e7a \u00bb<br>Culte associatif Stan Kenton Music Studies Center<\/p>\n\n\n\n<p>27 AO\u00dbT PIAN DI NAVE<br>21h00 XXVIe Festival de Com\u00e9die Dialectique \u00ab Nini Sappia \u00bb \u2013 Compagnie \u00ab Don<br>Bosco \u00bb &#8211; Varazze<br>TH\u00c9\u00c2TRE ARISTON<\/p>\n\n\n\n<p>21h00 Spectacle musical \u00ab Les Sons de la L\u00e9gende \u00bb<\/p>\n\n\n\n<p>Ariston SpA (entr\u00e9e payante)<br>AUDITORIUM FRANCO ALFANO<\/p>\n\n\n\n<p>21h30 UnoJazz&amp;Blues 2025 \u2013 en collaboration avec l&rsquo;Orchestre Symphonique de Sanremo Concert \u00ab Richard Bona \u00bb (R. Bona- D. Weckl- C. Manna-M.<br>Lecoq) \u2013<br>E20Sanremo Srl (droit d&rsquo;entr\u00e9e)<\/p>\n\n\n\n<p>28 AO\u00dbT PIAZZA EROI SANREMESI &#8211; Fontana Siro Carli<br>19h00 Spectacle musical \u00ab IXe \u00e9dition Sorsi di Note \u00bb \u2013 Blu Cobalto \u2013 Tributo Negramaro<\/p>\n\n\n\n<p>PIAN \u200b\u200bDI SHIP<\/p>\n\n\n\n<p>21h00 Rencontres litt\u00e9raires \u2013 Carlo Cottarelli pr\u00e9sente le livre \u00ab Sans d\u00e9tours. La v\u00e9rit\u00e9 sur les d\u00e9fis \u00e9conomiques et sociaux de notre avenir \u00bb &#8211;<br>Municipalit\u00e9 de Sanremo\/Casin\u00f2 SpA<br>CENTRE HISTORIQUE \u2013 PIAZZA SAN COSTANZO<br>21h15 XIXe Festival \u00ab Cin\u00e9ma sous les \u00e9toiles \u00bb \u2013 Projection \u00ab Tar \u00bb<\/p>\n\n\n\n<p>APS Pigna Mon Amour et Soc. Coop. CMC<\/p>\n\n\n\n<p>29 AO\u00dbT PIAN DI NAVE<br>21h00 Miss Italie \u2013 Finale r\u00e9gionale Ligurie<\/p>\n\n\n\n<p>30 AO\u00dbT PIAN DI NAVE<\/p>\n\n\n\n<p>21h00 Concert hommage \u00e0 Queen \u00ab We Will Rock You \u00bb &#8211; Killer Queen<\/p>\n\n\n\n<p>Association culturelle Mus&rsquo;Art<\/p>\n\n\n\n<p>30\/31 AO\u00dbT BUSSANA \u2013 QUARTIER DE SANREMO<br>21h00 C\u00e9l\u00e9brations patronales \u00ab Sant\u2019Egidio \u00bb \u2013 Club r\u00e9cr\u00e9atif Bussanese<\/p>\n\n\n\n<p>31 AO\u00dbT PIAN DI NAVE<br>21h00 Spectacle \u00ab&nbsp;Dansons l&rsquo;\u00e9t\u00e9&nbsp;\u00bb avec Gianni Rossi \u2013 Soc. Coop\u00e9rative<br>Deltaartisti<\/p>\n\n\n\n<p>PIAZZA BOREA d&rsquo;OLMO<\/p>\n\n\n\n<p>21h00 Spectacle pour enfants : \u00ab Sur la place on danse parmi les bulles &#8211; Baby Dance \u00bb<\/p>\n\n\n\n<p>Association culturelle Talea<br>SANREMO \u2013 QUARTIER DE VEREZZO<\/p>\n\n\n\n<p>21h00 Com\u00e9die dialectale \u2013 Compagnie permanente de la ville de Sanremo en tourn\u00e9e<\/p>\n\n\n\n<p>1er SEPTEMBRE PIAN DI NAVE<br>21h00 Franziskani &amp; Friends \u00ab Concert hommage \u00e0 Fabrizio De Andr\u00e8 \u00bb<\/p>\n\n\n\n<p>Cul. Culte. Voci e Note sous le Stelle<\/p>\n\n\n\n<p>1-2 SEPTEMBRE BUSSANA \u2013 QUARTIER DE SANREMO<br>21h00 C\u00e9l\u00e9brations patronales \u00ab Sant\u2019Egidio \u00bb \u2013 Club de loisirs Bussanese<\/p>\n\n\n\n<p>2 SEPTEMBRE PIAN DI NAVE<br>21h00 \u00ab Chantez et \u00e7a passera \u00bb musique et animation avec Daniele Capozucca<\/p>\n\n\n\n<p>Equipe d&rsquo;animation Dany<br>PIAZZA BOREA d&rsquo;OLMO<\/p>\n\n\n\n<p>21h00 Spectacles pour enfants \u00ab Il \u00e9tait une fois le temps des jeux sur la place \u00bb<\/p>\n\n\n\n<p>Association culturelle Talea<br>3 SEPTEMBRE PIAN DI NAVE<br>21h00 Spectacle musical\/divertissement \u00ab Festival Story \u00bb avec Alex Penna<\/p>\n\n\n\n<p>Association Vivi Armea<\/p>\n\n\n\n<p>4 SEPTEMBRE Op\u00e9ra-Th\u00e9\u00e2tre Casino<br>21h00 UnoJazz&amp;Blues 2025 &#8211; \u00ab Ida Nielsen &amp; The FunkBots Ida Nielsen \u00bb<\/p>\n\n\n\n<p>(I. Nielsen &#8211; K. Agami &#8211; R.P. Thanh Le &#8211; O. Enqvist &#8211; P. Dorcean ou U. Jeans<br>S. VanNorde ou J. Quartz) &#8211; E20 Sanremo Srl<\/p>\n\n\n\n<p>5 SEPTEMBRE PIAN DI NAVE<br>21h00 \u00ab Impronte Jazz &#8211; Jeunes Talents \u00bb &#8211; Dado Moroni et Matteo Prefumo &#8211;<\/p>\n\n\n\n<p>Ass. Cult. Arte Viva<br>PIAZZA BOREA d&rsquo;OLMO<\/p>\n\n\n\n<p>21h00 Ateliers cr\u00e9atifs pour les enfants \u2013 Lecture anim\u00e9e \u00ab F\u00e9es et Lutins \u00bb \u2013<\/p>\n\n\n\n<p>Association culturelle Talea<\/p>\n\n\n\n<p>5\/6 SEPTEMBRE CASINO\u2019 de SANREMO<\/p>\n\n\n\n<p>Festival de la Mode et de la Haute Couture<\/p>\n\n\n\n<p>6 SEPTEMBRE PIAZZA SAN SIRO<\/p>\n\n\n\n<p>March\u00e9 Piccolo Brocante \u2013 Association culturelle \u00c9v\u00e9nements r\u00e9cr\u00e9atifs gratuits<\/p>\n\n\n\n<p>PIAN \u200b\u200bDI NAVE<\/p>\n\n\n\n<p>21h00 Revue de com\u00e9die en dialecte XXVI \u00ab Nini Sappia \u00bb \u2013<\/p>\n\n\n\n<p>Compagnie \u00ab Ramaiolo in scena \u00bb &#8211; ImperiaJARDIN SUR LE TOIT &#8211; CASINO DI SANREMO<br>Gala avec Dario Ballantini (entr\u00e9e sur invitation)<br>CASINO DE SANREMO<br>\u00ab&nbsp;Stile Artigiano &amp; DE.CO&nbsp;\u00bb \u2013 Confartigianato Sanremo<\/p>\n\n\n\n<p>7 SEPTEMBRE PIAN DI NAVE<br>21h00 Concert Nuovi Solidi \u00ab Tributo a Lucio Battisti \u00bb \u2013 Ass.ne ENEA Onlus<\/p>\n\n\n\n<p>Du 13 juin au 7 septembre SOLETTONE PIAZZA COLOMBO &#8211; Gonflables<br>Jusqu&rsquo;au 29 juin PIAN DI NAVE &#8211; Grande Roue<br>Du 4 juillet au 7 septembre PIAN DI NAVE &#8211; Grande Roue<\/p>\n\n\n\n<p>Le programme est r\u00e9dig\u00e9 \u00e0 titre informatif et peut \u00eatre sujet \u00e0 des modifications et\/ou des ajouts.<br>V\u00e9rifiez en ligne sur www.sanremoliveandlove.it<\/p>\n\n\n\n<div data-wp-interactive=\"core\/file\" class=\"wp-block-file\"><object data-wp-bind--hidden=\"!state.hasPdfPreview\" hidden class=\"wp-block-file__embed\" data=\"https:\/\/www.sanremoliveandlove.it\/wp-content\/uploads\/2025\/06\/BROCHURE-EVENTI-ESTATE25_15X15cm_pag_affiancateLIGHT-1.pdf\" type=\"application\/pdf\" style=\"width:100%;height:600px\" aria-label=\"Contenu embarqu\u00e9 BROCHURE EVENTI ESTATE25_15X15cm_pag_affiancateLIGHT.\"><\/object><a id=\"wp-block-file--media-e9c1cb9f-6240-4cfe-b018-620eee41d530\" href=\"https:\/\/www.sanremoliveandlove.it\/wp-content\/uploads\/2025\/06\/BROCHURE-EVENTI-ESTATE25_15X15cm_pag_affiancateLIGHT-1.pdf\">BROCHURE EVENTI ESTATE25_15X15cm_pag_affiancateLIGHT<\/a><a href=\"https:\/\/www.sanremoliveandlove.it\/wp-content\/uploads\/2025\/06\/BROCHURE-EVENTI-ESTATE25_15X15cm_pag_affiancateLIGHT-1.pdf\" class=\"wp-block-file__button wp-element-button\" download aria-describedby=\"wp-block-file--media-e9c1cb9f-6240-4cfe-b018-620eee41d530\">Download<\/a><\/div>\n","protected":false},"excerpt":{"rendered":"<p>Le riche programme d&rsquo;\u00e9v\u00e9nements estivaux organis\u00e9 par le service du tourisme dirig\u00e9 par Alessandro Sindoni promet un \u00e9t\u00e9 vibrant avec environ 150 \u00e9v\u00e9nements&nbsp;!Et Rose Villain, l&rsquo;une des artistes les plus internationales de la sc\u00e8ne italienne, qui a particip\u00e9 \u00e0 la derni\u00e8re \u00e9dition du Festival de la Chanson Italienne, sera la vedette de l&rsquo;\u00e9t\u00e9 avec un<\/p>\n","protected":false},"author":3,"featured_media":18402,"comment_status":"closed","ping_status":"closed","sticky":false,"template":"","format":"standard","meta":{"_acf_changed":false,"footnotes":""},"categories":[369],"tags":[842,372,71,847],"class_list":["post-18946","post","type-post","status-publish","format-standard","has-post-thumbnail","hentry","category-news-fr","tag-a-sanremo-puoi-fr","tag-eventi-fr-3","tag-sanremo-fr","tag-sanremo-estate-2025-fr"],"acf":[],"_links":{"self":[{"href":"https:\/\/www.sanremoliveandlove.it\/fr\/wp-json\/wp\/v2\/posts\/18946","targetHints":{"allow":["GET"]}}],"collection":[{"href":"https:\/\/www.sanremoliveandlove.it\/fr\/wp-json\/wp\/v2\/posts"}],"about":[{"href":"https:\/\/www.sanremoliveandlove.it\/fr\/wp-json\/wp\/v2\/types\/post"}],"author":[{"embeddable":true,"href":"https:\/\/www.sanremoliveandlove.it\/fr\/wp-json\/wp\/v2\/users\/3"}],"replies":[{"embeddable":true,"href":"https:\/\/www.sanremoliveandlove.it\/fr\/wp-json\/wp\/v2\/comments?post=18946"}],"version-history":[{"count":3,"href":"https:\/\/www.sanremoliveandlove.it\/fr\/wp-json\/wp\/v2\/posts\/18946\/revisions"}],"predecessor-version":[{"id":19152,"href":"https:\/\/www.sanremoliveandlove.it\/fr\/wp-json\/wp\/v2\/posts\/18946\/revisions\/19152"}],"wp:featuredmedia":[{"embeddable":true,"href":"https:\/\/www.sanremoliveandlove.it\/fr\/wp-json\/wp\/v2\/media\/18402"}],"wp:attachment":[{"href":"https:\/\/www.sanremoliveandlove.it\/fr\/wp-json\/wp\/v2\/media?parent=18946"}],"wp:term":[{"taxonomy":"category","embeddable":true,"href":"https:\/\/www.sanremoliveandlove.it\/fr\/wp-json\/wp\/v2\/categories?post=18946"},{"taxonomy":"post_tag","embeddable":true,"href":"https:\/\/www.sanremoliveandlove.it\/fr\/wp-json\/wp\/v2\/tags?post=18946"}],"curies":[{"name":"wp","href":"https:\/\/api.w.org\/{rel}","templated":true}]}}