{"id":18867,"date":"2025-06-16T19:45:14","date_gmt":"2025-06-16T17:45:14","guid":{"rendered":"https:\/\/www.sanremoliveandlove.it\/?p=18867"},"modified":"2025-06-25T14:15:27","modified_gmt":"2025-06-25T12:15:27","slug":"__trashed-8","status":"publish","type":"post","link":"https:\/\/www.sanremoliveandlove.it\/fr\/__trashed-8\/","title":{"rendered":"6 septembre &#8211; \u00c9v\u00e9nements d&rsquo;\u00e9t\u00e9 2025"},"content":{"rendered":"\n<p>6 SEPTEMBRE PIAZZA SAN SIRO<\/p>\n\n\n\n<p>March\u00e9 Piccolo Brocante \u2013 Association culturelle \u00c9v\u00e9nements r\u00e9cr\u00e9atifs gratuits<\/p>\n\n\n\n<p>PIAN \u200b\u200bDI NAVE<\/p>\n\n\n\n<p>21h00 XXVI Revue de com\u00e9die dialectale \u00ab Nini Sappia \u00bb \u2013 Compagnie \u00ab Ramaiolo in scena \u00bb \u2013 Imperia<\/p>\n\n\n\n<p>JARDIN SUR LE TOIT \u2013 CASINO DI SANREMO<\/p>\n\n\n\n<p>Gala avec Dario Ballantini (entr\u00e9e sur invitation seulement)<\/p>\n\n\n\n<p>CASINO DE SANREMO<\/p>\n\n\n\n<p>\u00ab&nbsp;Stile Artigiano &amp; DE.CO&nbsp;\u00bb \u2013 Confartigianato Sanremo<\/p>\n\n\n\n<p>CASINO DE SANREMO<\/p>\n\n\n\n<p>Festival de la Mode et de la Haute Couture<\/p>\n\n\n\n<figure class=\"wp-block-image size-large\"><img loading=\"lazy\" decoding=\"async\" width=\"1024\" height=\"576\" src=\"https:\/\/www.sanremoliveandlove.it\/wp-content\/uploads\/2025\/05\/Copia-di-Mappa-Sanremo-Estate-V5-1.920-x-1.080-px-1024x576.jpg\" alt=\"\" class=\"wp-image-18400\" srcset=\"https:\/\/www.sanremoliveandlove.it\/wp-content\/uploads\/2025\/05\/Copia-di-Mappa-Sanremo-Estate-V5-1.920-x-1.080-px-1024x576.jpg 1024w, https:\/\/www.sanremoliveandlove.it\/wp-content\/uploads\/2025\/05\/Copia-di-Mappa-Sanremo-Estate-V5-1.920-x-1.080-px-300x169.jpg 300w, https:\/\/www.sanremoliveandlove.it\/wp-content\/uploads\/2025\/05\/Copia-di-Mappa-Sanremo-Estate-V5-1.920-x-1.080-px-768x432.jpg 768w, https:\/\/www.sanremoliveandlove.it\/wp-content\/uploads\/2025\/05\/Copia-di-Mappa-Sanremo-Estate-V5-1.920-x-1.080-px-1536x864.jpg 1536w, https:\/\/www.sanremoliveandlove.it\/wp-content\/uploads\/2025\/05\/Copia-di-Mappa-Sanremo-Estate-V5-1.920-x-1.080-px.jpg 1920w\" sizes=\"auto, (max-width: 1024px) 100vw, 1024px\" \/><\/figure>\n","protected":false},"excerpt":{"rendered":"<p>6 SEPTEMBRE PIAZZA SAN SIRO March\u00e9 Piccolo Brocante \u2013 Association culturelle \u00c9v\u00e9nements r\u00e9cr\u00e9atifs gratuits PIAN \u200b\u200bDI NAVE 21h00 XXVI Revue de com\u00e9die dialectale \u00ab Nini Sappia \u00bb \u2013 Compagnie \u00ab Ramaiolo in scena \u00bb \u2013 Imperia JARDIN SUR LE TOIT \u2013 CASINO DI SANREMO Gala avec Dario Ballantini (entr\u00e9e sur invitation seulement) CASINO DE SANREMO<\/p>\n","protected":false},"author":3,"featured_media":18402,"comment_status":"closed","ping_status":"closed","sticky":false,"template":"","format":"standard","meta":{"_acf_changed":false,"footnotes":""},"categories":[24],"tags":[842,843,71,666],"class_list":["post-18867","post","type-post","status-publish","format-standard","has-post-thumbnail","hentry","category-evenements","tag-a-sanremo-puoi-fr","tag-eventi-estate-2025-fr","tag-sanremo-fr","tag-sanremo-2025-fr"],"acf":[],"_links":{"self":[{"href":"https:\/\/www.sanremoliveandlove.it\/fr\/wp-json\/wp\/v2\/posts\/18867","targetHints":{"allow":["GET"]}}],"collection":[{"href":"https:\/\/www.sanremoliveandlove.it\/fr\/wp-json\/wp\/v2\/posts"}],"about":[{"href":"https:\/\/www.sanremoliveandlove.it\/fr\/wp-json\/wp\/v2\/types\/post"}],"author":[{"embeddable":true,"href":"https:\/\/www.sanremoliveandlove.it\/fr\/wp-json\/wp\/v2\/users\/3"}],"replies":[{"embeddable":true,"href":"https:\/\/www.sanremoliveandlove.it\/fr\/wp-json\/wp\/v2\/comments?post=18867"}],"version-history":[{"count":2,"href":"https:\/\/www.sanremoliveandlove.it\/fr\/wp-json\/wp\/v2\/posts\/18867\/revisions"}],"predecessor-version":[{"id":19385,"href":"https:\/\/www.sanremoliveandlove.it\/fr\/wp-json\/wp\/v2\/posts\/18867\/revisions\/19385"}],"wp:featuredmedia":[{"embeddable":true,"href":"https:\/\/www.sanremoliveandlove.it\/fr\/wp-json\/wp\/v2\/media\/18402"}],"wp:attachment":[{"href":"https:\/\/www.sanremoliveandlove.it\/fr\/wp-json\/wp\/v2\/media?parent=18867"}],"wp:term":[{"taxonomy":"category","embeddable":true,"href":"https:\/\/www.sanremoliveandlove.it\/fr\/wp-json\/wp\/v2\/categories?post=18867"},{"taxonomy":"post_tag","embeddable":true,"href":"https:\/\/www.sanremoliveandlove.it\/fr\/wp-json\/wp\/v2\/tags?post=18867"}],"curies":[{"name":"wp","href":"https:\/\/api.w.org\/{rel}","templated":true}]}}