{"id":18843,"date":"2025-06-16T19:45:15","date_gmt":"2025-06-16T17:45:15","guid":{"rendered":"https:\/\/www.sanremoliveandlove.it\/?p=18843"},"modified":"2025-06-25T14:07:56","modified_gmt":"2025-06-25T12:07:56","slug":"__trashed-14","status":"publish","type":"post","link":"https:\/\/www.sanremoliveandlove.it\/fr\/__trashed-14\/","title":{"rendered":"31 ao\u00fbt &#8211; \u00c9v\u00e9nements de l&rsquo;\u00e9t\u00e9 2025"},"content":{"rendered":"\n<p>31 AO\u00dbT<\/p>\n\n\n\n<p>PIAN \u200b\u200bDI NAVE<\/p>\n\n\n\n<p>21h00 Spectacle \u00ab&nbsp;Dansons l&rsquo;\u00e9t\u00e9&nbsp;\u00bb avec Gianni Rossi \u2013 Soc. Coop\u00e9rative Deltaartisti<\/p>\n\n\n\n<p>PIAZZA BOREA d&rsquo;OLMO<\/p>\n\n\n\n<p>21h00 Spectacle pour enfants : \u00ab Sur la place on danse parmi les bulles \u2013 Baby Dance \u00bb \u2013<\/p>\n\n\n\n<p>Association culturelle Talea<\/p>\n\n\n\n<p>SANREMO \u2013 QUARTIER DE VEREZZO<\/p>\n\n\n\n<p>21h00 Com\u00e9die dialectale \u2013 Compagnia Stabile Citt\u00e0 di Sanremo en tourn\u00e9e<\/p>\n\n\n\n<p>BUSSANA \u2013 QUARTIER DE SANREMO<\/p>\n\n\n\n<p>21h00 C\u00e9l\u00e9brations patronales \u00ab Sant\u2019Egidio \u00bb \u2013 Bussanese Recreation Club<\/p>\n\n\n\n<figure class=\"wp-block-image size-large\"><img loading=\"lazy\" decoding=\"async\" width=\"1024\" height=\"576\" src=\"https:\/\/www.sanremoliveandlove.it\/wp-content\/uploads\/2025\/05\/Copia-di-Mappa-Sanremo-Estate-V5-1.920-x-1.080-px-1024x576.jpg\" alt=\"\" class=\"wp-image-18400\" srcset=\"https:\/\/www.sanremoliveandlove.it\/wp-content\/uploads\/2025\/05\/Copia-di-Mappa-Sanremo-Estate-V5-1.920-x-1.080-px-1024x576.jpg 1024w, https:\/\/www.sanremoliveandlove.it\/wp-content\/uploads\/2025\/05\/Copia-di-Mappa-Sanremo-Estate-V5-1.920-x-1.080-px-300x169.jpg 300w, https:\/\/www.sanremoliveandlove.it\/wp-content\/uploads\/2025\/05\/Copia-di-Mappa-Sanremo-Estate-V5-1.920-x-1.080-px-768x432.jpg 768w, https:\/\/www.sanremoliveandlove.it\/wp-content\/uploads\/2025\/05\/Copia-di-Mappa-Sanremo-Estate-V5-1.920-x-1.080-px-1536x864.jpg 1536w, https:\/\/www.sanremoliveandlove.it\/wp-content\/uploads\/2025\/05\/Copia-di-Mappa-Sanremo-Estate-V5-1.920-x-1.080-px.jpg 1920w\" sizes=\"auto, (max-width: 1024px) 100vw, 1024px\" \/><\/figure>\n","protected":false},"excerpt":{"rendered":"<p>31 AO\u00dbT PIAN \u200b\u200bDI NAVE 21h00 Spectacle \u00ab&nbsp;Dansons l&rsquo;\u00e9t\u00e9&nbsp;\u00bb avec Gianni Rossi \u2013 Soc. Coop\u00e9rative Deltaartisti PIAZZA BOREA d&rsquo;OLMO 21h00 Spectacle pour enfants : \u00ab Sur la place on danse parmi les bulles \u2013 Baby Dance \u00bb \u2013 Association culturelle Talea SANREMO \u2013 QUARTIER DE VEREZZO 21h00 Com\u00e9die dialectale \u2013 Compagnia Stabile Citt\u00e0 di Sanremo<\/p>\n","protected":false},"author":3,"featured_media":18402,"comment_status":"closed","ping_status":"closed","sticky":false,"template":"","format":"standard","meta":{"_acf_changed":false,"footnotes":""},"categories":[24],"tags":[842,843,71,666],"class_list":["post-18843","post","type-post","status-publish","format-standard","has-post-thumbnail","hentry","category-evenements","tag-a-sanremo-puoi-fr","tag-eventi-estate-2025-fr","tag-sanremo-fr","tag-sanremo-2025-fr"],"acf":[],"_links":{"self":[{"href":"https:\/\/www.sanremoliveandlove.it\/fr\/wp-json\/wp\/v2\/posts\/18843","targetHints":{"allow":["GET"]}}],"collection":[{"href":"https:\/\/www.sanremoliveandlove.it\/fr\/wp-json\/wp\/v2\/posts"}],"about":[{"href":"https:\/\/www.sanremoliveandlove.it\/fr\/wp-json\/wp\/v2\/types\/post"}],"author":[{"embeddable":true,"href":"https:\/\/www.sanremoliveandlove.it\/fr\/wp-json\/wp\/v2\/users\/3"}],"replies":[{"embeddable":true,"href":"https:\/\/www.sanremoliveandlove.it\/fr\/wp-json\/wp\/v2\/comments?post=18843"}],"version-history":[{"count":2,"href":"https:\/\/www.sanremoliveandlove.it\/fr\/wp-json\/wp\/v2\/posts\/18843\/revisions"}],"predecessor-version":[{"id":19381,"href":"https:\/\/www.sanremoliveandlove.it\/fr\/wp-json\/wp\/v2\/posts\/18843\/revisions\/19381"}],"wp:featuredmedia":[{"embeddable":true,"href":"https:\/\/www.sanremoliveandlove.it\/fr\/wp-json\/wp\/v2\/media\/18402"}],"wp:attachment":[{"href":"https:\/\/www.sanremoliveandlove.it\/fr\/wp-json\/wp\/v2\/media?parent=18843"}],"wp:term":[{"taxonomy":"category","embeddable":true,"href":"https:\/\/www.sanremoliveandlove.it\/fr\/wp-json\/wp\/v2\/categories?post=18843"},{"taxonomy":"post_tag","embeddable":true,"href":"https:\/\/www.sanremoliveandlove.it\/fr\/wp-json\/wp\/v2\/tags?post=18843"}],"curies":[{"name":"wp","href":"https:\/\/api.w.org\/{rel}","templated":true}]}}