{"id":18830,"date":"2025-06-16T19:45:15","date_gmt":"2025-06-16T17:45:15","guid":{"rendered":"https:\/\/www.sanremoliveandlove.it\/?p=18830"},"modified":"2025-06-25T10:00:34","modified_gmt":"2025-06-25T08:00:34","slug":"__trashed-17","status":"publish","type":"post","link":"https:\/\/www.sanremoliveandlove.it\/fr\/__trashed-17\/","title":{"rendered":"27 ao\u00fbt &#8211; \u00c9v\u00e9nements de l&rsquo;\u00e9t\u00e9 2025"},"content":{"rendered":"\n<p>27 AO\u00dbT<\/p>\n\n\n\n<p>PIAN \u200b\u200bDI NAVE<\/p>\n\n\n\n<p>21h00 XXVI Festival de Com\u00e9die Dialectique \u00ab Nini Sappia \u00bb \u2013 Compagnie \u00ab Don Bosco \u00bb \u2013 Varazze<\/p>\n\n\n\n<p>TH\u00c9\u00c2TRE ARISTON<\/p>\n\n\n\n<p>21h00 Spectacle musical \u00ab Les sons de la l\u00e9gende \u00bb \u2013<\/p>\n\n\n\n<p>Ariston SpA (frais d&rsquo;entr\u00e9e)<\/p>\n\n\n\n<p>AUDITORIUM FRANCO ALFANO<\/p>\n\n\n\n<p>21h30 UnoJazz&amp;Blues 2025 \u2013 en collaboration avec l&rsquo;Orchestre Symphonique de Sanremo Concert \u00ab Richard Bona \u00bb (R. Bona- D. Weckl- C. Manna-M. Lecoq) \u2013<\/p>\n\n\n\n<p>E20Sanremo Srl (droit d&rsquo;entr\u00e9e)<\/p>\n\n\n\n<p>PORTO-VECCHIO<\/p>\n\n\n\n<p>\u00ab&nbsp;A Tavola sul Porto&nbsp;\u00bb \u2013 Confartigianato San Remo<\/p>\n\n\n\n<figure class=\"wp-block-image size-large\"><img loading=\"lazy\" decoding=\"async\" width=\"1024\" height=\"576\" src=\"https:\/\/www.sanremoliveandlove.it\/wp-content\/uploads\/2025\/05\/Copia-di-Mappa-Sanremo-Estate-V5-1.920-x-1.080-px-1024x576.jpg\" alt=\"\" class=\"wp-image-18400\" srcset=\"https:\/\/www.sanremoliveandlove.it\/wp-content\/uploads\/2025\/05\/Copia-di-Mappa-Sanremo-Estate-V5-1.920-x-1.080-px-1024x576.jpg 1024w, https:\/\/www.sanremoliveandlove.it\/wp-content\/uploads\/2025\/05\/Copia-di-Mappa-Sanremo-Estate-V5-1.920-x-1.080-px-300x169.jpg 300w, https:\/\/www.sanremoliveandlove.it\/wp-content\/uploads\/2025\/05\/Copia-di-Mappa-Sanremo-Estate-V5-1.920-x-1.080-px-768x432.jpg 768w, https:\/\/www.sanremoliveandlove.it\/wp-content\/uploads\/2025\/05\/Copia-di-Mappa-Sanremo-Estate-V5-1.920-x-1.080-px-1536x864.jpg 1536w, https:\/\/www.sanremoliveandlove.it\/wp-content\/uploads\/2025\/05\/Copia-di-Mappa-Sanremo-Estate-V5-1.920-x-1.080-px.jpg 1920w\" sizes=\"auto, (max-width: 1024px) 100vw, 1024px\" \/><\/figure>\n","protected":false},"excerpt":{"rendered":"<p>27 AO\u00dbT PIAN \u200b\u200bDI NAVE 21h00 XXVI Festival de Com\u00e9die Dialectique \u00ab Nini Sappia \u00bb \u2013 Compagnie \u00ab Don Bosco \u00bb \u2013 Varazze TH\u00c9\u00c2TRE ARISTON 21h00 Spectacle musical \u00ab Les sons de la l\u00e9gende \u00bb \u2013 Ariston SpA (frais d&rsquo;entr\u00e9e) AUDITORIUM FRANCO ALFANO 21h30 UnoJazz&amp;Blues 2025 \u2013 en collaboration avec l&rsquo;Orchestre Symphonique de Sanremo Concert<\/p>\n","protected":false},"author":3,"featured_media":18402,"comment_status":"closed","ping_status":"closed","sticky":false,"template":"","format":"standard","meta":{"_acf_changed":false,"footnotes":""},"categories":[24],"tags":[842,843,71,666],"class_list":["post-18830","post","type-post","status-publish","format-standard","has-post-thumbnail","hentry","category-evenements","tag-a-sanremo-puoi-fr","tag-eventi-estate-2025-fr","tag-sanremo-fr","tag-sanremo-2025-fr"],"acf":[],"_links":{"self":[{"href":"https:\/\/www.sanremoliveandlove.it\/fr\/wp-json\/wp\/v2\/posts\/18830","targetHints":{"allow":["GET"]}}],"collection":[{"href":"https:\/\/www.sanremoliveandlove.it\/fr\/wp-json\/wp\/v2\/posts"}],"about":[{"href":"https:\/\/www.sanremoliveandlove.it\/fr\/wp-json\/wp\/v2\/types\/post"}],"author":[{"embeddable":true,"href":"https:\/\/www.sanremoliveandlove.it\/fr\/wp-json\/wp\/v2\/users\/3"}],"replies":[{"embeddable":true,"href":"https:\/\/www.sanremoliveandlove.it\/fr\/wp-json\/wp\/v2\/comments?post=18830"}],"version-history":[{"count":2,"href":"https:\/\/www.sanremoliveandlove.it\/fr\/wp-json\/wp\/v2\/posts\/18830\/revisions"}],"predecessor-version":[{"id":19377,"href":"https:\/\/www.sanremoliveandlove.it\/fr\/wp-json\/wp\/v2\/posts\/18830\/revisions\/19377"}],"wp:featuredmedia":[{"embeddable":true,"href":"https:\/\/www.sanremoliveandlove.it\/fr\/wp-json\/wp\/v2\/media\/18402"}],"wp:attachment":[{"href":"https:\/\/www.sanremoliveandlove.it\/fr\/wp-json\/wp\/v2\/media?parent=18830"}],"wp:term":[{"taxonomy":"category","embeddable":true,"href":"https:\/\/www.sanremoliveandlove.it\/fr\/wp-json\/wp\/v2\/categories?post=18830"},{"taxonomy":"post_tag","embeddable":true,"href":"https:\/\/www.sanremoliveandlove.it\/fr\/wp-json\/wp\/v2\/tags?post=18830"}],"curies":[{"name":"wp","href":"https:\/\/api.w.org\/{rel}","templated":true}]}}