{"id":18818,"date":"2025-06-16T19:45:23","date_gmt":"2025-06-16T17:45:23","guid":{"rendered":"https:\/\/www.sanremoliveandlove.it\/?p=18818"},"modified":"2025-06-25T09:06:33","modified_gmt":"2025-06-25T07:06:33","slug":"__trashed-20","status":"publish","type":"post","link":"https:\/\/www.sanremoliveandlove.it\/fr\/__trashed-20\/","title":{"rendered":"28 Agosto-Eventi Estate 2025"},"content":{"rendered":"\n<p>28 AO\u00dbT<\/p>\n\n\n\n<p>PIAZZA EROI SANREMESI \u2013 Fontana Siro Carli<\/p>\n\n\n\n<p>19h00 Revue musicale \u00ab IX \u00e9d. Sorsi di Note \u00bb \u2013 Blu Cobalto \u2013 Tributo Negramaro<\/p>\n\n\n\n<p>PIAN \u200b\u200bDI NAVE<\/p>\n\n\n\n<p>21h00 Rencontres litt\u00e9raires \u2013 Carlo Cottarelli pr\u00e9sente le livre \u00ab\u00a0Sans m\u00e2cher ses mots. La v\u00e9rit\u00e9 sur les d\u00e9fis \u00e9conomiques et sociaux de notre avenir\u00a0\u00bb \u2013<\/p>\n\n\n\n<p>Commune de Sanremo\/Casin\u00f2 SpA<\/p>\n\n\n\n<p>CENTRE HISTORIQUE \u2013 PIAZZA SAN COSTANZO<\/p>\n\n\n\n<p>21h15 XIX Revue \u00ab Cin\u00e9ma sous les \u00e9toiles \u00bb \u2013 Projection de \u00ab Tar \u00bb \u2013<\/p>\n\n\n\n<p>APS Pigna Mon Amour et Soc. Coop\u00e9rative. CMC<\/p>\n\n\n\n<figure class=\"wp-block-image size-large\"><img loading=\"lazy\" decoding=\"async\" width=\"1024\" height=\"576\" src=\"https:\/\/www.sanremoliveandlove.it\/wp-content\/uploads\/2025\/05\/Copia-di-Mappa-Sanremo-Estate-V5-1.920-x-1.080-px-1024x576.jpg\" alt=\"\" class=\"wp-image-18400\" srcset=\"https:\/\/www.sanremoliveandlove.it\/wp-content\/uploads\/2025\/05\/Copia-di-Mappa-Sanremo-Estate-V5-1.920-x-1.080-px-1024x576.jpg 1024w, https:\/\/www.sanremoliveandlove.it\/wp-content\/uploads\/2025\/05\/Copia-di-Mappa-Sanremo-Estate-V5-1.920-x-1.080-px-300x169.jpg 300w, https:\/\/www.sanremoliveandlove.it\/wp-content\/uploads\/2025\/05\/Copia-di-Mappa-Sanremo-Estate-V5-1.920-x-1.080-px-768x432.jpg 768w, https:\/\/www.sanremoliveandlove.it\/wp-content\/uploads\/2025\/05\/Copia-di-Mappa-Sanremo-Estate-V5-1.920-x-1.080-px-1536x864.jpg 1536w, https:\/\/www.sanremoliveandlove.it\/wp-content\/uploads\/2025\/05\/Copia-di-Mappa-Sanremo-Estate-V5-1.920-x-1.080-px.jpg 1920w\" sizes=\"auto, (max-width: 1024px) 100vw, 1024px\" \/><\/figure>\n","protected":false},"excerpt":{"rendered":"<p>28 AO\u00dbT PIAZZA EROI SANREMESI \u2013 Fontana Siro Carli 19h00 Revue musicale \u00ab IX \u00e9d. Sorsi di Note \u00bb \u2013 Blu Cobalto \u2013 Tributo Negramaro PIAN \u200b\u200bDI NAVE 21h00 Rencontres litt\u00e9raires \u2013 Carlo Cottarelli pr\u00e9sente le livre \u00ab\u00a0Sans m\u00e2cher ses mots. La v\u00e9rit\u00e9 sur les d\u00e9fis \u00e9conomiques et sociaux de notre avenir\u00a0\u00bb \u2013 Commune de<\/p>\n","protected":false},"author":3,"featured_media":18402,"comment_status":"closed","ping_status":"closed","sticky":false,"template":"","format":"standard","meta":{"_acf_changed":false,"footnotes":""},"categories":[24],"tags":[842,843,71,666],"class_list":["post-18818","post","type-post","status-publish","format-standard","has-post-thumbnail","hentry","category-evenements","tag-a-sanremo-puoi-fr","tag-eventi-estate-2025-fr","tag-sanremo-fr","tag-sanremo-2025-fr"],"acf":[],"_links":{"self":[{"href":"https:\/\/www.sanremoliveandlove.it\/fr\/wp-json\/wp\/v2\/posts\/18818","targetHints":{"allow":["GET"]}}],"collection":[{"href":"https:\/\/www.sanremoliveandlove.it\/fr\/wp-json\/wp\/v2\/posts"}],"about":[{"href":"https:\/\/www.sanremoliveandlove.it\/fr\/wp-json\/wp\/v2\/types\/post"}],"author":[{"embeddable":true,"href":"https:\/\/www.sanremoliveandlove.it\/fr\/wp-json\/wp\/v2\/users\/3"}],"replies":[{"embeddable":true,"href":"https:\/\/www.sanremoliveandlove.it\/fr\/wp-json\/wp\/v2\/comments?post=18818"}],"version-history":[{"count":2,"href":"https:\/\/www.sanremoliveandlove.it\/fr\/wp-json\/wp\/v2\/posts\/18818\/revisions"}],"predecessor-version":[{"id":19374,"href":"https:\/\/www.sanremoliveandlove.it\/fr\/wp-json\/wp\/v2\/posts\/18818\/revisions\/19374"}],"wp:featuredmedia":[{"embeddable":true,"href":"https:\/\/www.sanremoliveandlove.it\/fr\/wp-json\/wp\/v2\/media\/18402"}],"wp:attachment":[{"href":"https:\/\/www.sanremoliveandlove.it\/fr\/wp-json\/wp\/v2\/media?parent=18818"}],"wp:term":[{"taxonomy":"category","embeddable":true,"href":"https:\/\/www.sanremoliveandlove.it\/fr\/wp-json\/wp\/v2\/categories?post=18818"},{"taxonomy":"post_tag","embeddable":true,"href":"https:\/\/www.sanremoliveandlove.it\/fr\/wp-json\/wp\/v2\/tags?post=18818"}],"curies":[{"name":"wp","href":"https:\/\/api.w.org\/{rel}","templated":true}]}}