{"id":18814,"date":"2025-06-16T19:45:23","date_gmt":"2025-06-16T17:45:23","guid":{"rendered":"https:\/\/www.sanremoliveandlove.it\/?p=18814"},"modified":"2025-06-25T09:05:21","modified_gmt":"2025-06-25T07:05:21","slug":"__trashed-21","status":"publish","type":"post","link":"https:\/\/www.sanremoliveandlove.it\/fr\/__trashed-21\/","title":{"rendered":"24 ao\u00fbt &#8211; \u00c9v\u00e9nements de l&rsquo;\u00e9t\u00e9 2025"},"content":{"rendered":"\n<p>24 AO\u00dbT SAN ROMOLO<\/p>\n\n\n\n<p>A partir de 15h00 \u00ab Radice \u00bb \u00e9dition Festival II, d\u00e9di\u00e9e aux familles et aux enfants \u2013<\/p>\n\n\n\n<p>Association culturelle Talea<\/p>\n\n\n\n<p>FORTE DI SANTA TECLA \u2013 Magazzini di Ponente<\/p>\n\n\n\n<p>21h00 Vox Onus Festival XIV Edition \u2013 \u00ab Cross Over Trio. Notes de la mer \u00bb<\/p>\n\n\n\n<p>PIAN \u200b\u200bDI NAVE<\/p>\n\n\n\n<p>22h00 Festival de la chanson jazz \u00ab Zazzarazzaz XXVI Edition \u00bb \u2013 Nouveaux \u00e9changistes<\/p>\n\n\n\n<p>Francesco Del Gaudio Quatuor \u00ab Champagne\u2026 Peppino di Capri \u00bb<\/p>\n\n\n\n<p>Cul. Culte. Centre d&rsquo;\u00e9tudes musicales Stan Kenton<\/p>\n\n\n\n<p>BUSSANA \u2013 QUARTIER DE SANREMO<\/p>\n\n\n\n<p>21h00 C\u00e9l\u00e9brations patronales \u00ab Sant\u2019Egidio \u00bb \u2013 Club r\u00e9cr\u00e9atif Bussanese<\/p>\n\n\n\n<figure class=\"wp-block-image size-large\"><img loading=\"lazy\" decoding=\"async\" width=\"1024\" height=\"576\" src=\"https:\/\/www.sanremoliveandlove.it\/wp-content\/uploads\/2025\/05\/Copia-di-Mappa-Sanremo-Estate-V5-1.920-x-1.080-px-1024x576.jpg\" alt=\"\" class=\"wp-image-18400\" srcset=\"https:\/\/www.sanremoliveandlove.it\/wp-content\/uploads\/2025\/05\/Copia-di-Mappa-Sanremo-Estate-V5-1.920-x-1.080-px-1024x576.jpg 1024w, https:\/\/www.sanremoliveandlove.it\/wp-content\/uploads\/2025\/05\/Copia-di-Mappa-Sanremo-Estate-V5-1.920-x-1.080-px-300x169.jpg 300w, https:\/\/www.sanremoliveandlove.it\/wp-content\/uploads\/2025\/05\/Copia-di-Mappa-Sanremo-Estate-V5-1.920-x-1.080-px-768x432.jpg 768w, https:\/\/www.sanremoliveandlove.it\/wp-content\/uploads\/2025\/05\/Copia-di-Mappa-Sanremo-Estate-V5-1.920-x-1.080-px-1536x864.jpg 1536w, https:\/\/www.sanremoliveandlove.it\/wp-content\/uploads\/2025\/05\/Copia-di-Mappa-Sanremo-Estate-V5-1.920-x-1.080-px.jpg 1920w\" sizes=\"auto, (max-width: 1024px) 100vw, 1024px\" \/><\/figure>\n","protected":false},"excerpt":{"rendered":"<p>24 AO\u00dbT SAN ROMOLO A partir de 15h00 \u00ab Radice \u00bb \u00e9dition Festival II, d\u00e9di\u00e9e aux familles et aux enfants \u2013 Association culturelle Talea FORTE DI SANTA TECLA \u2013 Magazzini di Ponente 21h00 Vox Onus Festival XIV Edition \u2013 \u00ab Cross Over Trio. Notes de la mer \u00bb PIAN \u200b\u200bDI NAVE 22h00 Festival de la<\/p>\n","protected":false},"author":3,"featured_media":18402,"comment_status":"closed","ping_status":"closed","sticky":false,"template":"","format":"standard","meta":{"_acf_changed":false,"footnotes":""},"categories":[24],"tags":[842,843,71,666],"class_list":["post-18814","post","type-post","status-publish","format-standard","has-post-thumbnail","hentry","category-evenements","tag-a-sanremo-puoi-fr","tag-eventi-estate-2025-fr","tag-sanremo-fr","tag-sanremo-2025-fr"],"acf":[],"_links":{"self":[{"href":"https:\/\/www.sanremoliveandlove.it\/fr\/wp-json\/wp\/v2\/posts\/18814","targetHints":{"allow":["GET"]}}],"collection":[{"href":"https:\/\/www.sanremoliveandlove.it\/fr\/wp-json\/wp\/v2\/posts"}],"about":[{"href":"https:\/\/www.sanremoliveandlove.it\/fr\/wp-json\/wp\/v2\/types\/post"}],"author":[{"embeddable":true,"href":"https:\/\/www.sanremoliveandlove.it\/fr\/wp-json\/wp\/v2\/users\/3"}],"replies":[{"embeddable":true,"href":"https:\/\/www.sanremoliveandlove.it\/fr\/wp-json\/wp\/v2\/comments?post=18814"}],"version-history":[{"count":2,"href":"https:\/\/www.sanremoliveandlove.it\/fr\/wp-json\/wp\/v2\/posts\/18814\/revisions"}],"predecessor-version":[{"id":19373,"href":"https:\/\/www.sanremoliveandlove.it\/fr\/wp-json\/wp\/v2\/posts\/18814\/revisions\/19373"}],"wp:featuredmedia":[{"embeddable":true,"href":"https:\/\/www.sanremoliveandlove.it\/fr\/wp-json\/wp\/v2\/media\/18402"}],"wp:attachment":[{"href":"https:\/\/www.sanremoliveandlove.it\/fr\/wp-json\/wp\/v2\/media?parent=18814"}],"wp:term":[{"taxonomy":"category","embeddable":true,"href":"https:\/\/www.sanremoliveandlove.it\/fr\/wp-json\/wp\/v2\/categories?post=18814"},{"taxonomy":"post_tag","embeddable":true,"href":"https:\/\/www.sanremoliveandlove.it\/fr\/wp-json\/wp\/v2\/tags?post=18814"}],"curies":[{"name":"wp","href":"https:\/\/api.w.org\/{rel}","templated":true}]}}