{"id":18782,"date":"2025-06-16T19:45:24","date_gmt":"2025-06-16T17:45:24","guid":{"rendered":"https:\/\/www.sanremoliveandlove.it\/?p=18782"},"modified":"2025-06-25T08:52:12","modified_gmt":"2025-06-25T06:52:12","slug":"__trashed-29","status":"publish","type":"post","link":"https:\/\/www.sanremoliveandlove.it\/fr\/__trashed-29\/","title":{"rendered":"17 ao\u00fbt &#8211; \u00c9v\u00e9nements de l&rsquo;\u00e9t\u00e9 2025"},"content":{"rendered":"\n<p>17 AO\u00dbT<br>PIAZZA EROI SANREMESI \u2013 Fontana Siro Carli<\/p>\n\n\n\n<p>19h00 Revue Musicale \u00ab IX \u00e9d. Sorsi di Note \u00bb \u2013 Spectacle avec Dany Animation<\/p>\n\n\n\n<p>PIAN \u200b\u200bDI NAVE<\/p>\n\n\n\n<p>21h00 Concert\/Spectacle \u00ab Libero Arbitrio \u00bb \u2013 Provideoservice<\/p>\n\n\n\n<p>AUDITORIUM FRANCO ALFANO<\/p>\n\n\n\n<p>21h30 Symphonie d&rsquo;\u00e9t\u00e9 de Sanremo \u00ab Simone Cristicchi \u00bb \u2013 Orchestre Symphonique de Sanremo (entr\u00e9e payante)<\/p>\n\n\n\n<p>CENTRE-VILLE<\/p>\n\n\n\n<p>\u00c9dition d&rsquo;\u00e9t\u00e9 \u00ab Saldi di Gioia \u00bb \u2013 Confcommercio Sanremo<\/p>\n\n\n\n<figure class=\"wp-block-image size-large\"><img loading=\"lazy\" decoding=\"async\" width=\"1024\" height=\"576\" src=\"https:\/\/www.sanremoliveandlove.it\/wp-content\/uploads\/2025\/05\/Copia-di-Mappa-Sanremo-Estate-V5-1.920-x-1.080-px-1024x576.jpg\" alt=\"\" class=\"wp-image-18400\" srcset=\"https:\/\/www.sanremoliveandlove.it\/wp-content\/uploads\/2025\/05\/Copia-di-Mappa-Sanremo-Estate-V5-1.920-x-1.080-px-1024x576.jpg 1024w, https:\/\/www.sanremoliveandlove.it\/wp-content\/uploads\/2025\/05\/Copia-di-Mappa-Sanremo-Estate-V5-1.920-x-1.080-px-300x169.jpg 300w, https:\/\/www.sanremoliveandlove.it\/wp-content\/uploads\/2025\/05\/Copia-di-Mappa-Sanremo-Estate-V5-1.920-x-1.080-px-768x432.jpg 768w, https:\/\/www.sanremoliveandlove.it\/wp-content\/uploads\/2025\/05\/Copia-di-Mappa-Sanremo-Estate-V5-1.920-x-1.080-px-1536x864.jpg 1536w, https:\/\/www.sanremoliveandlove.it\/wp-content\/uploads\/2025\/05\/Copia-di-Mappa-Sanremo-Estate-V5-1.920-x-1.080-px.jpg 1920w\" sizes=\"auto, (max-width: 1024px) 100vw, 1024px\" \/><\/figure>\n","protected":false},"excerpt":{"rendered":"<p>17 AO\u00dbTPIAZZA EROI SANREMESI \u2013 Fontana Siro Carli 19h00 Revue Musicale \u00ab IX \u00e9d. Sorsi di Note \u00bb \u2013 Spectacle avec Dany Animation PIAN \u200b\u200bDI NAVE 21h00 Concert\/Spectacle \u00ab Libero Arbitrio \u00bb \u2013 Provideoservice AUDITORIUM FRANCO ALFANO 21h30 Symphonie d&rsquo;\u00e9t\u00e9 de Sanremo \u00ab Simone Cristicchi \u00bb \u2013 Orchestre Symphonique de Sanremo (entr\u00e9e payante) CENTRE-VILLE \u00c9dition<\/p>\n","protected":false},"author":3,"featured_media":18402,"comment_status":"closed","ping_status":"closed","sticky":false,"template":"","format":"standard","meta":{"_acf_changed":false,"footnotes":""},"categories":[24],"tags":[842,843,71,666],"class_list":["post-18782","post","type-post","status-publish","format-standard","has-post-thumbnail","hentry","category-evenements","tag-a-sanremo-puoi-fr","tag-eventi-estate-2025-fr","tag-sanremo-fr","tag-sanremo-2025-fr"],"acf":[],"_links":{"self":[{"href":"https:\/\/www.sanremoliveandlove.it\/fr\/wp-json\/wp\/v2\/posts\/18782","targetHints":{"allow":["GET"]}}],"collection":[{"href":"https:\/\/www.sanremoliveandlove.it\/fr\/wp-json\/wp\/v2\/posts"}],"about":[{"href":"https:\/\/www.sanremoliveandlove.it\/fr\/wp-json\/wp\/v2\/types\/post"}],"author":[{"embeddable":true,"href":"https:\/\/www.sanremoliveandlove.it\/fr\/wp-json\/wp\/v2\/users\/3"}],"replies":[{"embeddable":true,"href":"https:\/\/www.sanremoliveandlove.it\/fr\/wp-json\/wp\/v2\/comments?post=18782"}],"version-history":[{"count":2,"href":"https:\/\/www.sanremoliveandlove.it\/fr\/wp-json\/wp\/v2\/posts\/18782\/revisions"}],"predecessor-version":[{"id":19365,"href":"https:\/\/www.sanremoliveandlove.it\/fr\/wp-json\/wp\/v2\/posts\/18782\/revisions\/19365"}],"wp:featuredmedia":[{"embeddable":true,"href":"https:\/\/www.sanremoliveandlove.it\/fr\/wp-json\/wp\/v2\/media\/18402"}],"wp:attachment":[{"href":"https:\/\/www.sanremoliveandlove.it\/fr\/wp-json\/wp\/v2\/media?parent=18782"}],"wp:term":[{"taxonomy":"category","embeddable":true,"href":"https:\/\/www.sanremoliveandlove.it\/fr\/wp-json\/wp\/v2\/categories?post=18782"},{"taxonomy":"post_tag","embeddable":true,"href":"https:\/\/www.sanremoliveandlove.it\/fr\/wp-json\/wp\/v2\/tags?post=18782"}],"curies":[{"name":"wp","href":"https:\/\/api.w.org\/{rel}","templated":true}]}}