{"id":18777,"date":"2025-06-16T19:45:24","date_gmt":"2025-06-16T17:45:24","guid":{"rendered":"https:\/\/www.sanremoliveandlove.it\/?p=18777"},"modified":"2025-06-25T08:51:09","modified_gmt":"2025-06-25T06:51:09","slug":"__trashed-30","status":"publish","type":"post","link":"https:\/\/www.sanremoliveandlove.it\/fr\/__trashed-30\/","title":{"rendered":"15 ao\u00fbt &#8211; \u00c9v\u00e9nements de l&rsquo;\u00e9t\u00e9 2025"},"content":{"rendered":"\n<p>15 AO\u00dbT<br>PIAN \u200b\u200bDI NAVE<\/p>\n\n\n\n<p>21h00 Concert Nuovi Solidi \u00ab Hommage \u00e0 Lucio Battisti \u00bb \u2013 Association ENEA Onlus<\/p>\n\n\n\n<p>CENTRE VILLE<\/p>\n\n\n\n<p>\u00c9dition d&rsquo;\u00e9t\u00e9 \u00ab Ventes de joie \u00bb \u2013 Confcommercio Sanremo<\/p>\n\n\n\n<figure class=\"wp-block-image size-large\"><img loading=\"lazy\" decoding=\"async\" width=\"1024\" height=\"576\" src=\"https:\/\/www.sanremoliveandlove.it\/wp-content\/uploads\/2025\/05\/Copia-di-Mappa-Sanremo-Estate-V5-1.920-x-1.080-px-1024x576.jpg\" alt=\"\" class=\"wp-image-18400\" srcset=\"https:\/\/www.sanremoliveandlove.it\/wp-content\/uploads\/2025\/05\/Copia-di-Mappa-Sanremo-Estate-V5-1.920-x-1.080-px-1024x576.jpg 1024w, https:\/\/www.sanremoliveandlove.it\/wp-content\/uploads\/2025\/05\/Copia-di-Mappa-Sanremo-Estate-V5-1.920-x-1.080-px-300x169.jpg 300w, https:\/\/www.sanremoliveandlove.it\/wp-content\/uploads\/2025\/05\/Copia-di-Mappa-Sanremo-Estate-V5-1.920-x-1.080-px-768x432.jpg 768w, https:\/\/www.sanremoliveandlove.it\/wp-content\/uploads\/2025\/05\/Copia-di-Mappa-Sanremo-Estate-V5-1.920-x-1.080-px-1536x864.jpg 1536w, https:\/\/www.sanremoliveandlove.it\/wp-content\/uploads\/2025\/05\/Copia-di-Mappa-Sanremo-Estate-V5-1.920-x-1.080-px.jpg 1920w\" sizes=\"auto, (max-width: 1024px) 100vw, 1024px\" \/><\/figure>\n","protected":false},"excerpt":{"rendered":"<p>15 AO\u00dbTPIAN \u200b\u200bDI NAVE 21h00 Concert Nuovi Solidi \u00ab Hommage \u00e0 Lucio Battisti \u00bb \u2013 Association ENEA Onlus CENTRE VILLE \u00c9dition d&rsquo;\u00e9t\u00e9 \u00ab Ventes de joie \u00bb \u2013 Confcommercio Sanremo<\/p>\n","protected":false},"author":3,"featured_media":18402,"comment_status":"closed","ping_status":"closed","sticky":false,"template":"","format":"standard","meta":{"_acf_changed":false,"footnotes":""},"categories":[24],"tags":[842,843,71,666],"class_list":["post-18777","post","type-post","status-publish","format-standard","has-post-thumbnail","hentry","category-evenements","tag-a-sanremo-puoi-fr","tag-eventi-estate-2025-fr","tag-sanremo-fr","tag-sanremo-2025-fr"],"acf":[],"_links":{"self":[{"href":"https:\/\/www.sanremoliveandlove.it\/fr\/wp-json\/wp\/v2\/posts\/18777","targetHints":{"allow":["GET"]}}],"collection":[{"href":"https:\/\/www.sanremoliveandlove.it\/fr\/wp-json\/wp\/v2\/posts"}],"about":[{"href":"https:\/\/www.sanremoliveandlove.it\/fr\/wp-json\/wp\/v2\/types\/post"}],"author":[{"embeddable":true,"href":"https:\/\/www.sanremoliveandlove.it\/fr\/wp-json\/wp\/v2\/users\/3"}],"replies":[{"embeddable":true,"href":"https:\/\/www.sanremoliveandlove.it\/fr\/wp-json\/wp\/v2\/comments?post=18777"}],"version-history":[{"count":2,"href":"https:\/\/www.sanremoliveandlove.it\/fr\/wp-json\/wp\/v2\/posts\/18777\/revisions"}],"predecessor-version":[{"id":19364,"href":"https:\/\/www.sanremoliveandlove.it\/fr\/wp-json\/wp\/v2\/posts\/18777\/revisions\/19364"}],"wp:featuredmedia":[{"embeddable":true,"href":"https:\/\/www.sanremoliveandlove.it\/fr\/wp-json\/wp\/v2\/media\/18402"}],"wp:attachment":[{"href":"https:\/\/www.sanremoliveandlove.it\/fr\/wp-json\/wp\/v2\/media?parent=18777"}],"wp:term":[{"taxonomy":"category","embeddable":true,"href":"https:\/\/www.sanremoliveandlove.it\/fr\/wp-json\/wp\/v2\/categories?post=18777"},{"taxonomy":"post_tag","embeddable":true,"href":"https:\/\/www.sanremoliveandlove.it\/fr\/wp-json\/wp\/v2\/tags?post=18777"}],"curies":[{"name":"wp","href":"https:\/\/api.w.org\/{rel}","templated":true}]}}