{"id":18765,"date":"2025-06-16T19:45:24","date_gmt":"2025-06-16T17:45:24","guid":{"rendered":"https:\/\/www.sanremoliveandlove.it\/?p=18765"},"modified":"2025-06-25T08:45:12","modified_gmt":"2025-06-25T06:45:12","slug":"__trashed-33","status":"publish","type":"post","link":"https:\/\/www.sanremoliveandlove.it\/fr\/__trashed-33\/","title":{"rendered":"12 ao\u00fbt &#8211; \u00c9v\u00e9nements de l&rsquo;\u00e9t\u00e9 2025"},"content":{"rendered":"\n<p>12 ao\u00fbt<\/p>\n\n\n\n<p>PIAN \u200b\u200bDI NAVE<\/p>\n\n\n\n<p>21h00 XXVIe Festival de Com\u00e9die Dialectique \u00ab Nini Sappia \u00bb \u2013 Sanremo City Stable Company<\/p>\n\n\n\n<p>PIAZZA BOREA d&rsquo;OLMO<\/p>\n\n\n\n<p>21h00 Ateliers cr\u00e9atifs pour les enfants \u2013 Lecture anim\u00e9e \u00ab Marionnettes \u00bb \u2013<\/p>\n\n\n\n<p>Association culturelle Talea<\/p>\n\n\n\n<p>21h30 AUDITORIUM FRANCO ALFANO<\/p>\n\n\n\n<p>Symphonie d&rsquo;\u00e9t\u00e9 de Sanremo \u00ab Mario Biondi \u00bb \u2013 Orchestre Symphonique de Sanremo<\/p>\n\n\n\n<p>(frais d&rsquo;entr\u00e9e)<\/p>\n\n\n\n<p><\/p>\n\n\n\n<figure class=\"wp-block-image size-large\"><img loading=\"lazy\" decoding=\"async\" width=\"1024\" height=\"576\" src=\"https:\/\/www.sanremoliveandlove.it\/wp-content\/uploads\/2025\/05\/Copia-di-Mappa-Sanremo-Estate-V5-1.920-x-1.080-px-1024x576.jpg\" alt=\"\" class=\"wp-image-18400\" srcset=\"https:\/\/www.sanremoliveandlove.it\/wp-content\/uploads\/2025\/05\/Copia-di-Mappa-Sanremo-Estate-V5-1.920-x-1.080-px-1024x576.jpg 1024w, https:\/\/www.sanremoliveandlove.it\/wp-content\/uploads\/2025\/05\/Copia-di-Mappa-Sanremo-Estate-V5-1.920-x-1.080-px-300x169.jpg 300w, https:\/\/www.sanremoliveandlove.it\/wp-content\/uploads\/2025\/05\/Copia-di-Mappa-Sanremo-Estate-V5-1.920-x-1.080-px-768x432.jpg 768w, https:\/\/www.sanremoliveandlove.it\/wp-content\/uploads\/2025\/05\/Copia-di-Mappa-Sanremo-Estate-V5-1.920-x-1.080-px-1536x864.jpg 1536w, https:\/\/www.sanremoliveandlove.it\/wp-content\/uploads\/2025\/05\/Copia-di-Mappa-Sanremo-Estate-V5-1.920-x-1.080-px.jpg 1920w\" sizes=\"auto, (max-width: 1024px) 100vw, 1024px\" \/><\/figure>\n","protected":false},"excerpt":{"rendered":"<p>12 ao\u00fbt PIAN \u200b\u200bDI NAVE 21h00 XXVIe Festival de Com\u00e9die Dialectique \u00ab Nini Sappia \u00bb \u2013 Sanremo City Stable Company PIAZZA BOREA d&rsquo;OLMO 21h00 Ateliers cr\u00e9atifs pour les enfants \u2013 Lecture anim\u00e9e \u00ab Marionnettes \u00bb \u2013 Association culturelle Talea 21h30 AUDITORIUM FRANCO ALFANO Symphonie d&rsquo;\u00e9t\u00e9 de Sanremo \u00ab Mario Biondi \u00bb \u2013 Orchestre Symphonique de<\/p>\n","protected":false},"author":3,"featured_media":18402,"comment_status":"closed","ping_status":"closed","sticky":false,"template":"","format":"standard","meta":{"_acf_changed":false,"footnotes":""},"categories":[24],"tags":[842,843,71,666],"class_list":["post-18765","post","type-post","status-publish","format-standard","has-post-thumbnail","hentry","category-evenements","tag-a-sanremo-puoi-fr","tag-eventi-estate-2025-fr","tag-sanremo-fr","tag-sanremo-2025-fr"],"acf":[],"_links":{"self":[{"href":"https:\/\/www.sanremoliveandlove.it\/fr\/wp-json\/wp\/v2\/posts\/18765","targetHints":{"allow":["GET"]}}],"collection":[{"href":"https:\/\/www.sanremoliveandlove.it\/fr\/wp-json\/wp\/v2\/posts"}],"about":[{"href":"https:\/\/www.sanremoliveandlove.it\/fr\/wp-json\/wp\/v2\/types\/post"}],"author":[{"embeddable":true,"href":"https:\/\/www.sanremoliveandlove.it\/fr\/wp-json\/wp\/v2\/users\/3"}],"replies":[{"embeddable":true,"href":"https:\/\/www.sanremoliveandlove.it\/fr\/wp-json\/wp\/v2\/comments?post=18765"}],"version-history":[{"count":2,"href":"https:\/\/www.sanremoliveandlove.it\/fr\/wp-json\/wp\/v2\/posts\/18765\/revisions"}],"predecessor-version":[{"id":19361,"href":"https:\/\/www.sanremoliveandlove.it\/fr\/wp-json\/wp\/v2\/posts\/18765\/revisions\/19361"}],"wp:featuredmedia":[{"embeddable":true,"href":"https:\/\/www.sanremoliveandlove.it\/fr\/wp-json\/wp\/v2\/media\/18402"}],"wp:attachment":[{"href":"https:\/\/www.sanremoliveandlove.it\/fr\/wp-json\/wp\/v2\/media?parent=18765"}],"wp:term":[{"taxonomy":"category","embeddable":true,"href":"https:\/\/www.sanremoliveandlove.it\/fr\/wp-json\/wp\/v2\/categories?post=18765"},{"taxonomy":"post_tag","embeddable":true,"href":"https:\/\/www.sanremoliveandlove.it\/fr\/wp-json\/wp\/v2\/tags?post=18765"}],"curies":[{"name":"wp","href":"https:\/\/api.w.org\/{rel}","templated":true}]}}