{"id":18744,"date":"2025-06-16T19:45:25","date_gmt":"2025-06-16T17:45:25","guid":{"rendered":"https:\/\/www.sanremoliveandlove.it\/?p=18744"},"modified":"2025-06-25T08:40:38","modified_gmt":"2025-06-25T06:40:38","slug":"__trashed-35","status":"publish","type":"post","link":"https:\/\/www.sanremoliveandlove.it\/fr\/__trashed-35\/","title":{"rendered":"10 ao\u00fbt &#8211; \u00c9v\u00e9nements de l&rsquo;\u00e9t\u00e9 2025"},"content":{"rendered":"\n<p>10 AO\u00dbT<\/p>\n\n\n\n<p>PIAZZA COLOMBO \u2013 PALAFIORI ATRIO<\/p>\n\n\n\n<p>March\u00e9 d&rsquo;antiquit\u00e9s de Sanremo \u2013 Association culturelle \u00c9v\u00e9nements r\u00e9cr\u00e9atifs gratuits<\/p>\n\n\n\n<p>PIAN \u200b\u200bDI NAVE<\/p>\n\n\n\n<p>21h00 Rencontres litt\u00e9raires \u2013 Paolo Mieli pr\u00e9sente le livre \u00ab Fiamme dal passato \u00bb \u2013 Commune de Sanremo\/Casin\u00f2 SpA<\/p>\n\n\n\n<p>PIAZZA BOREA d&rsquo;OLMO<\/p>\n\n\n\n<p>21h00 Spectacle pour enfants : \u00ab Sur la place tu danses parmi les bulles &#8211; Baby Dance \u00bb \u2013<\/p>\n\n\n\n<p>Association culturelle Talea<\/p>\n\n\n\n<p>Acad\u00e9mie Tennis-Padel San Remo<\/p>\n\n\n\n<p>Tournoi de Padel \u00ab&nbsp;Memorial Francesco Prevosto \u2013 IV Edition&nbsp;\u00bb \u2013 SSD Sciolli Srl<\/p>\n\n\n\n<p><\/p>\n\n\n\n<figure class=\"wp-block-image size-large\"><img loading=\"lazy\" decoding=\"async\" width=\"1024\" height=\"576\" src=\"https:\/\/www.sanremoliveandlove.it\/wp-content\/uploads\/2025\/05\/Copia-di-Mappa-Sanremo-Estate-V5-1.920-x-1.080-px-1024x576.jpg\" alt=\"\" class=\"wp-image-18400\" srcset=\"https:\/\/www.sanremoliveandlove.it\/wp-content\/uploads\/2025\/05\/Copia-di-Mappa-Sanremo-Estate-V5-1.920-x-1.080-px-1024x576.jpg 1024w, https:\/\/www.sanremoliveandlove.it\/wp-content\/uploads\/2025\/05\/Copia-di-Mappa-Sanremo-Estate-V5-1.920-x-1.080-px-300x169.jpg 300w, https:\/\/www.sanremoliveandlove.it\/wp-content\/uploads\/2025\/05\/Copia-di-Mappa-Sanremo-Estate-V5-1.920-x-1.080-px-768x432.jpg 768w, https:\/\/www.sanremoliveandlove.it\/wp-content\/uploads\/2025\/05\/Copia-di-Mappa-Sanremo-Estate-V5-1.920-x-1.080-px-1536x864.jpg 1536w, https:\/\/www.sanremoliveandlove.it\/wp-content\/uploads\/2025\/05\/Copia-di-Mappa-Sanremo-Estate-V5-1.920-x-1.080-px.jpg 1920w\" sizes=\"auto, (max-width: 1024px) 100vw, 1024px\" \/><\/figure>\n","protected":false},"excerpt":{"rendered":"<p>10 AO\u00dbT PIAZZA COLOMBO \u2013 PALAFIORI ATRIO March\u00e9 d&rsquo;antiquit\u00e9s de Sanremo \u2013 Association culturelle \u00c9v\u00e9nements r\u00e9cr\u00e9atifs gratuits PIAN \u200b\u200bDI NAVE 21h00 Rencontres litt\u00e9raires \u2013 Paolo Mieli pr\u00e9sente le livre \u00ab Fiamme dal passato \u00bb \u2013 Commune de Sanremo\/Casin\u00f2 SpA PIAZZA BOREA d&rsquo;OLMO 21h00 Spectacle pour enfants : \u00ab Sur la place tu danses parmi les<\/p>\n","protected":false},"author":3,"featured_media":18402,"comment_status":"closed","ping_status":"closed","sticky":false,"template":"","format":"standard","meta":{"_acf_changed":false,"footnotes":""},"categories":[24],"tags":[842,843,71,666],"class_list":["post-18744","post","type-post","status-publish","format-standard","has-post-thumbnail","hentry","category-evenements","tag-a-sanremo-puoi-fr","tag-eventi-estate-2025-fr","tag-sanremo-fr","tag-sanremo-2025-fr"],"acf":[],"_links":{"self":[{"href":"https:\/\/www.sanremoliveandlove.it\/fr\/wp-json\/wp\/v2\/posts\/18744","targetHints":{"allow":["GET"]}}],"collection":[{"href":"https:\/\/www.sanremoliveandlove.it\/fr\/wp-json\/wp\/v2\/posts"}],"about":[{"href":"https:\/\/www.sanremoliveandlove.it\/fr\/wp-json\/wp\/v2\/types\/post"}],"author":[{"embeddable":true,"href":"https:\/\/www.sanremoliveandlove.it\/fr\/wp-json\/wp\/v2\/users\/3"}],"replies":[{"embeddable":true,"href":"https:\/\/www.sanremoliveandlove.it\/fr\/wp-json\/wp\/v2\/comments?post=18744"}],"version-history":[{"count":2,"href":"https:\/\/www.sanremoliveandlove.it\/fr\/wp-json\/wp\/v2\/posts\/18744\/revisions"}],"predecessor-version":[{"id":19359,"href":"https:\/\/www.sanremoliveandlove.it\/fr\/wp-json\/wp\/v2\/posts\/18744\/revisions\/19359"}],"wp:featuredmedia":[{"embeddable":true,"href":"https:\/\/www.sanremoliveandlove.it\/fr\/wp-json\/wp\/v2\/media\/18402"}],"wp:attachment":[{"href":"https:\/\/www.sanremoliveandlove.it\/fr\/wp-json\/wp\/v2\/media?parent=18744"}],"wp:term":[{"taxonomy":"category","embeddable":true,"href":"https:\/\/www.sanremoliveandlove.it\/fr\/wp-json\/wp\/v2\/categories?post=18744"},{"taxonomy":"post_tag","embeddable":true,"href":"https:\/\/www.sanremoliveandlove.it\/fr\/wp-json\/wp\/v2\/tags?post=18744"}],"curies":[{"name":"wp","href":"https:\/\/api.w.org\/{rel}","templated":true}]}}