{"id":18709,"date":"2025-06-16T19:45:32","date_gmt":"2025-06-16T17:45:32","guid":{"rendered":"https:\/\/www.sanremoliveandlove.it\/?p=18709"},"modified":"2025-06-30T11:14:06","modified_gmt":"2025-06-30T09:14:06","slug":"__trashed-43","status":"publish","type":"post","link":"https:\/\/www.sanremoliveandlove.it\/fr\/__trashed-43\/","title":{"rendered":"2 ao\u00fbt &#8211; \u00c9v\u00e9nements d&rsquo;\u00e9t\u00e9 2025"},"content":{"rendered":"\n<p>2 AO\u00dbT<br>PIAZZA SAN SIRO<\/p>\n\n\n\n<p>Mercatino Piccolo Brocante \u2013 Association d&rsquo;\u00c9v\u00e9nements de Culture R\u00e9cr\u00e9ative Gratuit<\/p>\n\n\n\n<p>Localisation SAN ROMOLO<\/p>\n\n\n\n<p>10h00 Festival dei Boschi \u2013 11\u00e8me \u00e9dition \u2013 Association des Peuples dans l&rsquo;Art<\/p>\n\n\n\n<p>PIAN \u200b\u200bDI NAVE<\/p>\n\n\n\n<p>21h00 XXVI Festival de Com\u00e9die Dialectique \u00ab Nini Sappia \u00bb \u2013 Compagnie \u00ab Piccolo Variet\u00e0 \u00bb \u2013 Pinerolo (Turin)<\/p>\n\n\n\n<p>AUDITORIUM FRANCO ALFANO<\/p>\n\n\n\n<p>21h30 Symphonie d&rsquo;\u00e9t\u00e9 de Sanremo \u2013 \u00ab Ute Lemper \u00bb \u2013 Orchestre Symphonique de Sanremo<\/p>\n\n\n\n<p>(frais d&rsquo;entr\u00e9e)<\/p>\n\n\n\n<p>COLDIRODI \u2013 QUARTIER DE SANREMO<\/p>\n\n\n\n<p>21h00 C\u00e9l\u00e9brations patronales \u00ab Sant\u2019Anna \u00bb \u2013 Famija Culantina<\/p>\n\n\n\n<p>CENTRE HISTORIQUE \u2013 AMPHITH\u00c9\u00c2TRE DE SAN COSTANZO<\/p>\n\n\n\n<p>21h00 Festival musical \u00ab Rock in The Casbah \u2013 XXVI \u00e9dition \u00bb \u2013 Ass.ne Fare Musique<\/p>\n\n\n\n<p><\/p>\n\n\n\n<figure class=\"wp-block-image size-large\"><img loading=\"lazy\" decoding=\"async\" width=\"1024\" height=\"576\" src=\"https:\/\/www.sanremoliveandlove.it\/wp-content\/uploads\/2025\/05\/Copia-di-Mappa-Sanremo-Estate-V5-1.920-x-1.080-px-1024x576.jpg\" alt=\"\" class=\"wp-image-18400\" srcset=\"https:\/\/www.sanremoliveandlove.it\/wp-content\/uploads\/2025\/05\/Copia-di-Mappa-Sanremo-Estate-V5-1.920-x-1.080-px-1024x576.jpg 1024w, https:\/\/www.sanremoliveandlove.it\/wp-content\/uploads\/2025\/05\/Copia-di-Mappa-Sanremo-Estate-V5-1.920-x-1.080-px-300x169.jpg 300w, https:\/\/www.sanremoliveandlove.it\/wp-content\/uploads\/2025\/05\/Copia-di-Mappa-Sanremo-Estate-V5-1.920-x-1.080-px-768x432.jpg 768w, https:\/\/www.sanremoliveandlove.it\/wp-content\/uploads\/2025\/05\/Copia-di-Mappa-Sanremo-Estate-V5-1.920-x-1.080-px-1536x864.jpg 1536w, https:\/\/www.sanremoliveandlove.it\/wp-content\/uploads\/2025\/05\/Copia-di-Mappa-Sanremo-Estate-V5-1.920-x-1.080-px.jpg 1920w\" sizes=\"auto, (max-width: 1024px) 100vw, 1024px\" \/><\/figure>\n","protected":false},"excerpt":{"rendered":"<p>2 AO\u00dbTPIAZZA SAN SIRO Mercatino Piccolo Brocante \u2013 Association d&rsquo;\u00c9v\u00e9nements de Culture R\u00e9cr\u00e9ative Gratuit Localisation SAN ROMOLO 10h00 Festival dei Boschi \u2013 11\u00e8me \u00e9dition \u2013 Association des Peuples dans l&rsquo;Art PIAN \u200b\u200bDI NAVE 21h00 XXVI Festival de Com\u00e9die Dialectique \u00ab Nini Sappia \u00bb \u2013 Compagnie \u00ab Piccolo Variet\u00e0 \u00bb \u2013 Pinerolo (Turin) AUDITORIUM FRANCO ALFANO<\/p>\n","protected":false},"author":3,"featured_media":18402,"comment_status":"closed","ping_status":"closed","sticky":false,"template":"","format":"standard","meta":{"_acf_changed":false,"footnotes":""},"categories":[24],"tags":[842,843,71,666],"class_list":["post-18709","post","type-post","status-publish","format-standard","has-post-thumbnail","hentry","category-evenements","tag-a-sanremo-puoi-fr","tag-eventi-estate-2025-fr","tag-sanremo-fr","tag-sanremo-2025-fr"],"acf":[],"_links":{"self":[{"href":"https:\/\/www.sanremoliveandlove.it\/fr\/wp-json\/wp\/v2\/posts\/18709","targetHints":{"allow":["GET"]}}],"collection":[{"href":"https:\/\/www.sanremoliveandlove.it\/fr\/wp-json\/wp\/v2\/posts"}],"about":[{"href":"https:\/\/www.sanremoliveandlove.it\/fr\/wp-json\/wp\/v2\/types\/post"}],"author":[{"embeddable":true,"href":"https:\/\/www.sanremoliveandlove.it\/fr\/wp-json\/wp\/v2\/users\/3"}],"replies":[{"embeddable":true,"href":"https:\/\/www.sanremoliveandlove.it\/fr\/wp-json\/wp\/v2\/comments?post=18709"}],"version-history":[{"count":3,"href":"https:\/\/www.sanremoliveandlove.it\/fr\/wp-json\/wp\/v2\/posts\/18709\/revisions"}],"predecessor-version":[{"id":19444,"href":"https:\/\/www.sanremoliveandlove.it\/fr\/wp-json\/wp\/v2\/posts\/18709\/revisions\/19444"}],"wp:featuredmedia":[{"embeddable":true,"href":"https:\/\/www.sanremoliveandlove.it\/fr\/wp-json\/wp\/v2\/media\/18402"}],"wp:attachment":[{"href":"https:\/\/www.sanremoliveandlove.it\/fr\/wp-json\/wp\/v2\/media?parent=18709"}],"wp:term":[{"taxonomy":"category","embeddable":true,"href":"https:\/\/www.sanremoliveandlove.it\/fr\/wp-json\/wp\/v2\/categories?post=18709"},{"taxonomy":"post_tag","embeddable":true,"href":"https:\/\/www.sanremoliveandlove.it\/fr\/wp-json\/wp\/v2\/tags?post=18709"}],"curies":[{"name":"wp","href":"https:\/\/api.w.org\/{rel}","templated":true}]}}