{"id":18611,"date":"2025-06-16T19:45:33","date_gmt":"2025-06-16T17:45:33","guid":{"rendered":"https:\/\/www.sanremoliveandlove.it\/?p=18611"},"modified":"2025-06-18T09:48:13","modified_gmt":"2025-06-18T07:48:13","slug":"__trashed-50","status":"publish","type":"post","link":"https:\/\/www.sanremoliveandlove.it\/fr\/__trashed-50\/","title":{"rendered":"30 Juillet \u2013 \u00c9v\u00e9nements \u00c9t\u00e9 2025"},"content":{"rendered":"\n<p><strong>30 JUILLET \u2013 PIAZZA EROI SANREMESI \u2013 Fontaine Siro Carli<\/strong><\/p>\n\n\n\n<p>\u00c0 19h00<br>Festival musical \u201cIXe \u00e9d. Gorg\u00e9es de Notes\u201d \u2013 Duo musical Beatrice &amp; Serena<\/p>\n\n\n\n<p><strong>FORTE DI SANTA TECLA \u2013 Terrasse \/ Salles<\/strong><\/p>\n\n\n\n<p>\u00c0 19h00<br>\u201cEchoes of Tecla\u201d \u2013 Projet Balletto Teatro di Torino \/ BTT<\/p>\n\n\n\n<p><strong>PIAN DI NAVE<\/strong><\/p>\n\n\n\n<p>\u00c0 21h00<br>Rencontres litt\u00e9raires \u2013 Gianluigi Nuzzi<br>\u00ab D\u2019Emanuela Orlandi \u00e0 Garlasco, les v\u00e9rit\u00e9s cach\u00e9es \u00bb \u2013 Ville de Sanremo \/ Casino S.p.A.<\/p>\n\n\n\n<p><strong>COLDIRODI \u2013 HAMEAU DE SANREMO<\/strong><\/p>\n\n\n\n<p>\u00c0 21h00<br>F\u00eate patronale de Sainte-Anne \u2013 Famija Culantina<\/p>\n\n\n\n<p><strong>CENTRE HISTORIQUE \u2013 AMPHITH\u00c9\u00c2TRE SAN COSTANZO<\/strong><\/p>\n\n\n\n<p>\u00c0 21h00<br>Festival musical \u201cRock in The Casbah \u2013 26e \u00e9dition\u201d \u2013 Association Fare Musica<\/p>\n\n\n\n<figure class=\"wp-block-image size-large\"><img loading=\"lazy\" decoding=\"async\" width=\"1024\" height=\"576\" src=\"https:\/\/www.sanremoliveandlove.it\/wp-content\/uploads\/2025\/05\/Copia-di-Mappa-Sanremo-Estate-V5-1.920-x-1.080-px-1024x576.jpg\" alt=\"\" class=\"wp-image-18400\" srcset=\"https:\/\/www.sanremoliveandlove.it\/wp-content\/uploads\/2025\/05\/Copia-di-Mappa-Sanremo-Estate-V5-1.920-x-1.080-px-1024x576.jpg 1024w, https:\/\/www.sanremoliveandlove.it\/wp-content\/uploads\/2025\/05\/Copia-di-Mappa-Sanremo-Estate-V5-1.920-x-1.080-px-300x169.jpg 300w, https:\/\/www.sanremoliveandlove.it\/wp-content\/uploads\/2025\/05\/Copia-di-Mappa-Sanremo-Estate-V5-1.920-x-1.080-px-768x432.jpg 768w, https:\/\/www.sanremoliveandlove.it\/wp-content\/uploads\/2025\/05\/Copia-di-Mappa-Sanremo-Estate-V5-1.920-x-1.080-px-1536x864.jpg 1536w, https:\/\/www.sanremoliveandlove.it\/wp-content\/uploads\/2025\/05\/Copia-di-Mappa-Sanremo-Estate-V5-1.920-x-1.080-px.jpg 1920w\" sizes=\"auto, (max-width: 1024px) 100vw, 1024px\" \/><\/figure>\n","protected":false},"excerpt":{"rendered":"<p>30 JUILLET \u2013 PIAZZA EROI SANREMESI \u2013 Fontaine Siro Carli \u00c0 19h00Festival musical \u201cIXe \u00e9d. Gorg\u00e9es de Notes\u201d \u2013 Duo musical Beatrice &amp; Serena FORTE DI SANTA TECLA \u2013 Terrasse \/ Salles \u00c0 19h00\u201cEchoes of Tecla\u201d \u2013 Projet Balletto Teatro di Torino \/ BTT PIAN DI NAVE \u00c0 21h00Rencontres litt\u00e9raires \u2013 Gianluigi Nuzzi\u00ab D\u2019Emanuela Orlandi<\/p>\n","protected":false},"author":3,"featured_media":18402,"comment_status":"closed","ping_status":"closed","sticky":false,"template":"","format":"standard","meta":{"_acf_changed":false,"footnotes":""},"categories":[24],"tags":[842,843,71,666],"class_list":["post-18611","post","type-post","status-publish","format-standard","has-post-thumbnail","hentry","category-evenements","tag-a-sanremo-puoi-fr","tag-eventi-estate-2025-fr","tag-sanremo-fr","tag-sanremo-2025-fr"],"acf":[],"_links":{"self":[{"href":"https:\/\/www.sanremoliveandlove.it\/fr\/wp-json\/wp\/v2\/posts\/18611","targetHints":{"allow":["GET"]}}],"collection":[{"href":"https:\/\/www.sanremoliveandlove.it\/fr\/wp-json\/wp\/v2\/posts"}],"about":[{"href":"https:\/\/www.sanremoliveandlove.it\/fr\/wp-json\/wp\/v2\/types\/post"}],"author":[{"embeddable":true,"href":"https:\/\/www.sanremoliveandlove.it\/fr\/wp-json\/wp\/v2\/users\/3"}],"replies":[{"embeddable":true,"href":"https:\/\/www.sanremoliveandlove.it\/fr\/wp-json\/wp\/v2\/comments?post=18611"}],"version-history":[{"count":5,"href":"https:\/\/www.sanremoliveandlove.it\/fr\/wp-json\/wp\/v2\/posts\/18611\/revisions"}],"predecessor-version":[{"id":19176,"href":"https:\/\/www.sanremoliveandlove.it\/fr\/wp-json\/wp\/v2\/posts\/18611\/revisions\/19176"}],"wp:featuredmedia":[{"embeddable":true,"href":"https:\/\/www.sanremoliveandlove.it\/fr\/wp-json\/wp\/v2\/media\/18402"}],"wp:attachment":[{"href":"https:\/\/www.sanremoliveandlove.it\/fr\/wp-json\/wp\/v2\/media?parent=18611"}],"wp:term":[{"taxonomy":"category","embeddable":true,"href":"https:\/\/www.sanremoliveandlove.it\/fr\/wp-json\/wp\/v2\/categories?post=18611"},{"taxonomy":"post_tag","embeddable":true,"href":"https:\/\/www.sanremoliveandlove.it\/fr\/wp-json\/wp\/v2\/tags?post=18611"}],"curies":[{"name":"wp","href":"https:\/\/api.w.org\/{rel}","templated":true}]}}