{"id":18603,"date":"2025-06-16T19:45:34","date_gmt":"2025-06-16T17:45:34","guid":{"rendered":"https:\/\/www.sanremoliveandlove.it\/?p=18603"},"modified":"2025-06-18T09:50:47","modified_gmt":"2025-06-18T07:50:47","slug":"__trashed-52","status":"publish","type":"post","link":"https:\/\/www.sanremoliveandlove.it\/fr\/__trashed-52\/","title":{"rendered":"28 Juillet \u2013 \u00c9v\u00e9nements \u00c9t\u00e9 2025"},"content":{"rendered":"\n<p><strong>28 JUILLET<\/strong><\/p>\n\n\n\n<p><strong>PIAN DI NAVE<\/strong><br>\u00c0 21h00<br>Spectacle musical \/ divertissement<br><strong>\u201cFestival Story\u201d avec Alex Penna<\/strong>&nbsp;\u2013 Association&nbsp;<strong>Vivi Armea<\/strong><\/p>\n\n\n\n<p><strong>CENTRE HISTORIQUE \u2013 AMPHITH\u00c9\u00c2TRE SAN COSTANZO<\/strong><br>\u00c0 21h00<br>Festival musical&nbsp;<strong>\u201cBravo Jazz \u2013 XIIe \u00e9dition\u201d<\/strong>&nbsp;\u2013 Association&nbsp;<strong>Fare Musica<\/strong><\/p>\n\n\n\n<p><strong>COLDIRODI \u2013 HAMEAU DE SANREMO<\/strong><br>\u00c0 21h00<br>F\u00eate patronale de&nbsp;<strong>Sainte-Anne<\/strong>&nbsp;\u2013&nbsp;<strong>Famija Culantina<\/strong><\/p>\n\n\n\n<figure class=\"wp-block-image size-large\"><img loading=\"lazy\" decoding=\"async\" width=\"1024\" height=\"576\" src=\"https:\/\/www.sanremoliveandlove.it\/wp-content\/uploads\/2025\/05\/Copia-di-Mappa-Sanremo-Estate-V5-1.920-x-1.080-px-1024x576.jpg\" alt=\"\" class=\"wp-image-18400\" srcset=\"https:\/\/www.sanremoliveandlove.it\/wp-content\/uploads\/2025\/05\/Copia-di-Mappa-Sanremo-Estate-V5-1.920-x-1.080-px-1024x576.jpg 1024w, https:\/\/www.sanremoliveandlove.it\/wp-content\/uploads\/2025\/05\/Copia-di-Mappa-Sanremo-Estate-V5-1.920-x-1.080-px-300x169.jpg 300w, https:\/\/www.sanremoliveandlove.it\/wp-content\/uploads\/2025\/05\/Copia-di-Mappa-Sanremo-Estate-V5-1.920-x-1.080-px-768x432.jpg 768w, https:\/\/www.sanremoliveandlove.it\/wp-content\/uploads\/2025\/05\/Copia-di-Mappa-Sanremo-Estate-V5-1.920-x-1.080-px-1536x864.jpg 1536w, https:\/\/www.sanremoliveandlove.it\/wp-content\/uploads\/2025\/05\/Copia-di-Mappa-Sanremo-Estate-V5-1.920-x-1.080-px.jpg 1920w\" sizes=\"auto, (max-width: 1024px) 100vw, 1024px\" \/><\/figure>\n","protected":false},"excerpt":{"rendered":"<p>28 JUILLET PIAN DI NAVE\u00c0 21h00Spectacle musical \/ divertissement\u201cFestival Story\u201d avec Alex Penna&nbsp;\u2013 Association&nbsp;Vivi Armea CENTRE HISTORIQUE \u2013 AMPHITH\u00c9\u00c2TRE SAN COSTANZO\u00c0 21h00Festival musical&nbsp;\u201cBravo Jazz \u2013 XIIe \u00e9dition\u201d&nbsp;\u2013 Association&nbsp;Fare Musica COLDIRODI \u2013 HAMEAU DE SANREMO\u00c0 21h00F\u00eate patronale de&nbsp;Sainte-Anne&nbsp;\u2013&nbsp;Famija Culantina<\/p>\n","protected":false},"author":3,"featured_media":18402,"comment_status":"closed","ping_status":"closed","sticky":false,"template":"","format":"standard","meta":{"_acf_changed":false,"footnotes":""},"categories":[24],"tags":[842,843,71,666],"class_list":["post-18603","post","type-post","status-publish","format-standard","has-post-thumbnail","hentry","category-evenements","tag-a-sanremo-puoi-fr","tag-eventi-estate-2025-fr","tag-sanremo-fr","tag-sanremo-2025-fr"],"acf":[],"_links":{"self":[{"href":"https:\/\/www.sanremoliveandlove.it\/fr\/wp-json\/wp\/v2\/posts\/18603","targetHints":{"allow":["GET"]}}],"collection":[{"href":"https:\/\/www.sanremoliveandlove.it\/fr\/wp-json\/wp\/v2\/posts"}],"about":[{"href":"https:\/\/www.sanremoliveandlove.it\/fr\/wp-json\/wp\/v2\/types\/post"}],"author":[{"embeddable":true,"href":"https:\/\/www.sanremoliveandlove.it\/fr\/wp-json\/wp\/v2\/users\/3"}],"replies":[{"embeddable":true,"href":"https:\/\/www.sanremoliveandlove.it\/fr\/wp-json\/wp\/v2\/comments?post=18603"}],"version-history":[{"count":5,"href":"https:\/\/www.sanremoliveandlove.it\/fr\/wp-json\/wp\/v2\/posts\/18603\/revisions"}],"predecessor-version":[{"id":19177,"href":"https:\/\/www.sanremoliveandlove.it\/fr\/wp-json\/wp\/v2\/posts\/18603\/revisions\/19177"}],"wp:featuredmedia":[{"embeddable":true,"href":"https:\/\/www.sanremoliveandlove.it\/fr\/wp-json\/wp\/v2\/media\/18402"}],"wp:attachment":[{"href":"https:\/\/www.sanremoliveandlove.it\/fr\/wp-json\/wp\/v2\/media?parent=18603"}],"wp:term":[{"taxonomy":"category","embeddable":true,"href":"https:\/\/www.sanremoliveandlove.it\/fr\/wp-json\/wp\/v2\/categories?post=18603"},{"taxonomy":"post_tag","embeddable":true,"href":"https:\/\/www.sanremoliveandlove.it\/fr\/wp-json\/wp\/v2\/tags?post=18603"}],"curies":[{"name":"wp","href":"https:\/\/api.w.org\/{rel}","templated":true}]}}