{"id":18587,"date":"2025-06-16T19:45:34","date_gmt":"2025-06-16T17:45:34","guid":{"rendered":"https:\/\/www.sanremoliveandlove.it\/?p=18587"},"modified":"2025-06-17T11:58:55","modified_gmt":"2025-06-17T09:58:55","slug":"__trashed-56","status":"publish","type":"post","link":"https:\/\/www.sanremoliveandlove.it\/fr\/__trashed-56\/","title":{"rendered":"25 Juillet-\u00c9v\u00e9nements de l&rsquo;\u00e9t\u00e9 2025"},"content":{"rendered":"\n<p>25 JUILLET<\/p>\n\n\n\n<p>PIAZZA EROI SANREMESI \u2013 Fontaine Siro Carli<\/p>\n\n\n\n<p>19h00 Revue Musicale \u00ab IX \u00e9d. Sorsi di Note \u00bb \u2013 Radio Reset \u2013 Tributo Negrita<\/p>\n\n\n\n<p>PIAN \u200b\u200bDI NAVE<\/p>\n\n\n\n<p>21h00 XXVI Revue de com\u00e9die en dialecte \u00ab Nini Sappia \u00bb \u2013 Compagnie \u00ab I JMotobin \u00bb \u2013 Verzuolo (Cuneo)<\/p>\n\n\n\n<p>PIAZZA BOREA d&rsquo;OLMO<\/p>\n\n\n\n<p>21h00 Spectacle pour enfants \u00ab Gioco Fiaba \u2013 L\u2019isola delle lucciole \u00bb \u2013<\/p>\n\n\n\n<p>Association culturelle Talea<\/p>\n\n\n\n<p>COLDIRODI \u2013 QUARTIER DE SANREMO<\/p>\n\n\n\n<p>21h00 C\u00e9l\u00e9brations patronales \u00ab Sant\u2019Anna \u00bb \u2013 Famija Culantina<\/p>\n\n\n\n<figure class=\"wp-block-image size-large\"><img loading=\"lazy\" decoding=\"async\" width=\"1024\" height=\"576\" src=\"https:\/\/www.sanremoliveandlove.it\/wp-content\/uploads\/2025\/05\/Copia-di-Mappa-Sanremo-Estate-V5-1.920-x-1.080-px-1024x576.jpg\" alt=\"\" class=\"wp-image-18400\" srcset=\"https:\/\/www.sanremoliveandlove.it\/wp-content\/uploads\/2025\/05\/Copia-di-Mappa-Sanremo-Estate-V5-1.920-x-1.080-px-1024x576.jpg 1024w, https:\/\/www.sanremoliveandlove.it\/wp-content\/uploads\/2025\/05\/Copia-di-Mappa-Sanremo-Estate-V5-1.920-x-1.080-px-300x169.jpg 300w, https:\/\/www.sanremoliveandlove.it\/wp-content\/uploads\/2025\/05\/Copia-di-Mappa-Sanremo-Estate-V5-1.920-x-1.080-px-768x432.jpg 768w, https:\/\/www.sanremoliveandlove.it\/wp-content\/uploads\/2025\/05\/Copia-di-Mappa-Sanremo-Estate-V5-1.920-x-1.080-px-1536x864.jpg 1536w, https:\/\/www.sanremoliveandlove.it\/wp-content\/uploads\/2025\/05\/Copia-di-Mappa-Sanremo-Estate-V5-1.920-x-1.080-px.jpg 1920w\" sizes=\"auto, (max-width: 1024px) 100vw, 1024px\" \/><\/figure>\n","protected":false},"excerpt":{"rendered":"<p>25 JUILLET PIAZZA EROI SANREMESI \u2013 Fontaine Siro Carli 19h00 Revue Musicale \u00ab IX \u00e9d. Sorsi di Note \u00bb \u2013 Radio Reset \u2013 Tributo Negrita PIAN \u200b\u200bDI NAVE 21h00 XXVI Revue de com\u00e9die en dialecte \u00ab Nini Sappia \u00bb \u2013 Compagnie \u00ab I JMotobin \u00bb \u2013 Verzuolo (Cuneo) PIAZZA BOREA d&rsquo;OLMO 21h00 Spectacle pour enfants<\/p>\n","protected":false},"author":3,"featured_media":18402,"comment_status":"closed","ping_status":"closed","sticky":false,"template":"","format":"standard","meta":{"_acf_changed":false,"footnotes":""},"categories":[24],"tags":[842,843,71,666],"class_list":["post-18587","post","type-post","status-publish","format-standard","has-post-thumbnail","hentry","category-evenements","tag-a-sanremo-puoi-fr","tag-eventi-estate-2025-fr","tag-sanremo-fr","tag-sanremo-2025-fr"],"acf":[],"_links":{"self":[{"href":"https:\/\/www.sanremoliveandlove.it\/fr\/wp-json\/wp\/v2\/posts\/18587","targetHints":{"allow":["GET"]}}],"collection":[{"href":"https:\/\/www.sanremoliveandlove.it\/fr\/wp-json\/wp\/v2\/posts"}],"about":[{"href":"https:\/\/www.sanremoliveandlove.it\/fr\/wp-json\/wp\/v2\/types\/post"}],"author":[{"embeddable":true,"href":"https:\/\/www.sanremoliveandlove.it\/fr\/wp-json\/wp\/v2\/users\/3"}],"replies":[{"embeddable":true,"href":"https:\/\/www.sanremoliveandlove.it\/fr\/wp-json\/wp\/v2\/comments?post=18587"}],"version-history":[{"count":3,"href":"https:\/\/www.sanremoliveandlove.it\/fr\/wp-json\/wp\/v2\/posts\/18587\/revisions"}],"predecessor-version":[{"id":19143,"href":"https:\/\/www.sanremoliveandlove.it\/fr\/wp-json\/wp\/v2\/posts\/18587\/revisions\/19143"}],"wp:featuredmedia":[{"embeddable":true,"href":"https:\/\/www.sanremoliveandlove.it\/fr\/wp-json\/wp\/v2\/media\/18402"}],"wp:attachment":[{"href":"https:\/\/www.sanremoliveandlove.it\/fr\/wp-json\/wp\/v2\/media?parent=18587"}],"wp:term":[{"taxonomy":"category","embeddable":true,"href":"https:\/\/www.sanremoliveandlove.it\/fr\/wp-json\/wp\/v2\/categories?post=18587"},{"taxonomy":"post_tag","embeddable":true,"href":"https:\/\/www.sanremoliveandlove.it\/fr\/wp-json\/wp\/v2\/tags?post=18587"}],"curies":[{"name":"wp","href":"https:\/\/api.w.org\/{rel}","templated":true}]}}