{"id":18582,"date":"2025-06-16T19:45:34","date_gmt":"2025-06-16T17:45:34","guid":{"rendered":"https:\/\/www.sanremoliveandlove.it\/?p=18582"},"modified":"2025-06-17T11:58:21","modified_gmt":"2025-06-17T09:58:21","slug":"__trashed-57","status":"publish","type":"post","link":"https:\/\/www.sanremoliveandlove.it\/fr\/__trashed-57\/","title":{"rendered":"24 Juillet-\u00c9v\u00e9nements de l&rsquo;\u00e9t\u00e9 2025"},"content":{"rendered":"\n<p>24 JUILLET PIAN DI NAVE<\/p>\n\n\n\n<p>21h00 Spectacle \u00ab Histoires musicales \u00bb \u2013 Provideoservice<\/p>\n\n\n\n<p>CENTRE HISTORIQUE \u2013 PIAZZA SAN COSTANZO<\/p>\n\n\n\n<p>21h15 XIX Critique \u00ab Cin\u00e9ma sotto le Stelle \u00bb \u2013 Projection de \u00ab Marguerite \u00bb \u2013<\/p>\n\n\n\n<p>APS Pigna Mon Amour et Soc. Coop\u00e9rative. CMC<\/p>\n\n\n\n<p>AUDITORIUM FRANCO ALFANO<\/p>\n\n\n\n<p>21h15 Symphonie d&rsquo;\u00e9t\u00e9 de Sanremo \u00ab Pino a met\u00e0 \u00bb avec Eugenio Bennato et Pietra Montecorvino \u2013 Orchestre Symphonique de Sanremo (tarif d&rsquo;entr\u00e9e)<\/p>\n\n\n\n<p>COLDIRODI \u2013 QUARTIER DE SANREMO<\/p>\n\n\n\n<p>21h00 C\u00e9l\u00e9brations patronales \u00ab Sant\u2019Anna \u00bb \u2013 Famija Culantina<\/p>\n\n\n\n<figure class=\"wp-block-image size-large\"><img loading=\"lazy\" decoding=\"async\" width=\"1024\" height=\"576\" src=\"https:\/\/www.sanremoliveandlove.it\/wp-content\/uploads\/2025\/05\/Copia-di-Mappa-Sanremo-Estate-V5-1.920-x-1.080-px-1024x576.jpg\" alt=\"\" class=\"wp-image-18400\" srcset=\"https:\/\/www.sanremoliveandlove.it\/wp-content\/uploads\/2025\/05\/Copia-di-Mappa-Sanremo-Estate-V5-1.920-x-1.080-px-1024x576.jpg 1024w, https:\/\/www.sanremoliveandlove.it\/wp-content\/uploads\/2025\/05\/Copia-di-Mappa-Sanremo-Estate-V5-1.920-x-1.080-px-300x169.jpg 300w, https:\/\/www.sanremoliveandlove.it\/wp-content\/uploads\/2025\/05\/Copia-di-Mappa-Sanremo-Estate-V5-1.920-x-1.080-px-768x432.jpg 768w, https:\/\/www.sanremoliveandlove.it\/wp-content\/uploads\/2025\/05\/Copia-di-Mappa-Sanremo-Estate-V5-1.920-x-1.080-px-1536x864.jpg 1536w, https:\/\/www.sanremoliveandlove.it\/wp-content\/uploads\/2025\/05\/Copia-di-Mappa-Sanremo-Estate-V5-1.920-x-1.080-px.jpg 1920w\" sizes=\"auto, (max-width: 1024px) 100vw, 1024px\" \/><\/figure>\n","protected":false},"excerpt":{"rendered":"<p>24 JUILLET PIAN DI NAVE 21h00 Spectacle \u00ab Histoires musicales \u00bb \u2013 Provideoservice CENTRE HISTORIQUE \u2013 PIAZZA SAN COSTANZO 21h15 XIX Critique \u00ab Cin\u00e9ma sotto le Stelle \u00bb \u2013 Projection de \u00ab Marguerite \u00bb \u2013 APS Pigna Mon Amour et Soc. Coop\u00e9rative. CMC AUDITORIUM FRANCO ALFANO 21h15 Symphonie d&rsquo;\u00e9t\u00e9 de Sanremo \u00ab Pino a met\u00e0<\/p>\n","protected":false},"author":3,"featured_media":18402,"comment_status":"closed","ping_status":"closed","sticky":false,"template":"","format":"standard","meta":{"_acf_changed":false,"footnotes":""},"categories":[24],"tags":[842,843,71,666],"class_list":["post-18582","post","type-post","status-publish","format-standard","has-post-thumbnail","hentry","category-evenements","tag-a-sanremo-puoi-fr","tag-eventi-estate-2025-fr","tag-sanremo-fr","tag-sanremo-2025-fr"],"acf":[],"_links":{"self":[{"href":"https:\/\/www.sanremoliveandlove.it\/fr\/wp-json\/wp\/v2\/posts\/18582","targetHints":{"allow":["GET"]}}],"collection":[{"href":"https:\/\/www.sanremoliveandlove.it\/fr\/wp-json\/wp\/v2\/posts"}],"about":[{"href":"https:\/\/www.sanremoliveandlove.it\/fr\/wp-json\/wp\/v2\/types\/post"}],"author":[{"embeddable":true,"href":"https:\/\/www.sanremoliveandlove.it\/fr\/wp-json\/wp\/v2\/users\/3"}],"replies":[{"embeddable":true,"href":"https:\/\/www.sanremoliveandlove.it\/fr\/wp-json\/wp\/v2\/comments?post=18582"}],"version-history":[{"count":3,"href":"https:\/\/www.sanremoliveandlove.it\/fr\/wp-json\/wp\/v2\/posts\/18582\/revisions"}],"predecessor-version":[{"id":19142,"href":"https:\/\/www.sanremoliveandlove.it\/fr\/wp-json\/wp\/v2\/posts\/18582\/revisions\/19142"}],"wp:featuredmedia":[{"embeddable":true,"href":"https:\/\/www.sanremoliveandlove.it\/fr\/wp-json\/wp\/v2\/media\/18402"}],"wp:attachment":[{"href":"https:\/\/www.sanremoliveandlove.it\/fr\/wp-json\/wp\/v2\/media?parent=18582"}],"wp:term":[{"taxonomy":"category","embeddable":true,"href":"https:\/\/www.sanremoliveandlove.it\/fr\/wp-json\/wp\/v2\/categories?post=18582"},{"taxonomy":"post_tag","embeddable":true,"href":"https:\/\/www.sanremoliveandlove.it\/fr\/wp-json\/wp\/v2\/tags?post=18582"}],"curies":[{"name":"wp","href":"https:\/\/api.w.org\/{rel}","templated":true}]}}