{"id":18574,"date":"2025-06-16T19:45:35","date_gmt":"2025-06-16T17:45:35","guid":{"rendered":"https:\/\/www.sanremoliveandlove.it\/?p=18574"},"modified":"2025-06-17T11:57:31","modified_gmt":"2025-06-17T09:57:31","slug":"__trashed-59","status":"publish","type":"post","link":"https:\/\/www.sanremoliveandlove.it\/fr\/__trashed-59\/","title":{"rendered":"22 Juillet-\u00c9v\u00e9nements de l&rsquo;\u00e9t\u00e9 2025"},"content":{"rendered":"\n<p>22 JUILLET PIAN DI NAVE<\/p>\n\n\n\n<p>21h00 \u00ab Hommage \u00e0 Dodo Goya \u00bb \u2013 Duo Dado Moroni\/Pietro Tonolo 4tet<\/p>\n\n\n\n<p>Association culturelle Mus\u2019Art.<\/p>\n\n\n\n<p>PIAZZA BOREA d&rsquo;OLMO<\/p>\n\n\n\n<p>21h00 Ateliers cr\u00e9atifs avec musique pour enfants \u2013 Association culturelle Talea<\/p>\n\n\n\n<p>L\u2019OP\u00c9RA \u2013 CASINO\u2019 DI SANREMO<\/p>\n\n\n\n<p>21h00 Mardis litt\u00e9raires \u2013 Alessandro Rivali (Prix Semeria) pr\u00e9sente le livre<\/p>\n\n\n\n<p>\u00ab\u00a0Mon nom dans le vent\u00a0\u00bb<\/p>\n\n\n\n<p>SANREMO \u2013 QUARTIER DE COLDIRODI<\/p>\n\n\n\n<p>21h00 Com\u00e9die dialectale \u2013 Compagnia Stabile Citt\u00e0 di Sanremo en tourn\u00e9e<\/p>\n\n\n\n<p>COLDIRODI \u2013 QUARTIER DE SANREMO<\/p>\n\n\n\n<p>21h00 C\u00e9l\u00e9brations patronales \u00ab Sant\u2019Anna \u00bb \u2013 Famija Culantina<\/p>\n\n\n\n<figure class=\"wp-block-image size-large\"><img loading=\"lazy\" decoding=\"async\" width=\"1024\" height=\"576\" src=\"https:\/\/www.sanremoliveandlove.it\/wp-content\/uploads\/2025\/05\/Copia-di-Mappa-Sanremo-Estate-V5-1.920-x-1.080-px-1024x576.jpg\" alt=\"\" class=\"wp-image-18400\" srcset=\"https:\/\/www.sanremoliveandlove.it\/wp-content\/uploads\/2025\/05\/Copia-di-Mappa-Sanremo-Estate-V5-1.920-x-1.080-px-1024x576.jpg 1024w, https:\/\/www.sanremoliveandlove.it\/wp-content\/uploads\/2025\/05\/Copia-di-Mappa-Sanremo-Estate-V5-1.920-x-1.080-px-300x169.jpg 300w, https:\/\/www.sanremoliveandlove.it\/wp-content\/uploads\/2025\/05\/Copia-di-Mappa-Sanremo-Estate-V5-1.920-x-1.080-px-768x432.jpg 768w, https:\/\/www.sanremoliveandlove.it\/wp-content\/uploads\/2025\/05\/Copia-di-Mappa-Sanremo-Estate-V5-1.920-x-1.080-px-1536x864.jpg 1536w, https:\/\/www.sanremoliveandlove.it\/wp-content\/uploads\/2025\/05\/Copia-di-Mappa-Sanremo-Estate-V5-1.920-x-1.080-px.jpg 1920w\" sizes=\"auto, (max-width: 1024px) 100vw, 1024px\" \/><\/figure>\n","protected":false},"excerpt":{"rendered":"<p>22 JUILLET PIAN DI NAVE 21h00 \u00ab Hommage \u00e0 Dodo Goya \u00bb \u2013 Duo Dado Moroni\/Pietro Tonolo 4tet Association culturelle Mus\u2019Art. PIAZZA BOREA d&rsquo;OLMO 21h00 Ateliers cr\u00e9atifs avec musique pour enfants \u2013 Association culturelle Talea L\u2019OP\u00c9RA \u2013 CASINO\u2019 DI SANREMO 21h00 Mardis litt\u00e9raires \u2013 Alessandro Rivali (Prix Semeria) pr\u00e9sente le livre \u00ab\u00a0Mon nom dans le<\/p>\n","protected":false},"author":3,"featured_media":18402,"comment_status":"closed","ping_status":"closed","sticky":false,"template":"","format":"standard","meta":{"_acf_changed":false,"footnotes":""},"categories":[24],"tags":[842,843,71,666],"class_list":["post-18574","post","type-post","status-publish","format-standard","has-post-thumbnail","hentry","category-evenements","tag-a-sanremo-puoi-fr","tag-eventi-estate-2025-fr","tag-sanremo-fr","tag-sanremo-2025-fr"],"acf":[],"_links":{"self":[{"href":"https:\/\/www.sanremoliveandlove.it\/fr\/wp-json\/wp\/v2\/posts\/18574","targetHints":{"allow":["GET"]}}],"collection":[{"href":"https:\/\/www.sanremoliveandlove.it\/fr\/wp-json\/wp\/v2\/posts"}],"about":[{"href":"https:\/\/www.sanremoliveandlove.it\/fr\/wp-json\/wp\/v2\/types\/post"}],"author":[{"embeddable":true,"href":"https:\/\/www.sanremoliveandlove.it\/fr\/wp-json\/wp\/v2\/users\/3"}],"replies":[{"embeddable":true,"href":"https:\/\/www.sanremoliveandlove.it\/fr\/wp-json\/wp\/v2\/comments?post=18574"}],"version-history":[{"count":3,"href":"https:\/\/www.sanremoliveandlove.it\/fr\/wp-json\/wp\/v2\/posts\/18574\/revisions"}],"predecessor-version":[{"id":19140,"href":"https:\/\/www.sanremoliveandlove.it\/fr\/wp-json\/wp\/v2\/posts\/18574\/revisions\/19140"}],"wp:featuredmedia":[{"embeddable":true,"href":"https:\/\/www.sanremoliveandlove.it\/fr\/wp-json\/wp\/v2\/media\/18402"}],"wp:attachment":[{"href":"https:\/\/www.sanremoliveandlove.it\/fr\/wp-json\/wp\/v2\/media?parent=18574"}],"wp:term":[{"taxonomy":"category","embeddable":true,"href":"https:\/\/www.sanremoliveandlove.it\/fr\/wp-json\/wp\/v2\/categories?post=18574"},{"taxonomy":"post_tag","embeddable":true,"href":"https:\/\/www.sanremoliveandlove.it\/fr\/wp-json\/wp\/v2\/tags?post=18574"}],"curies":[{"name":"wp","href":"https:\/\/api.w.org\/{rel}","templated":true}]}}