{"id":18513,"date":"2025-06-16T19:45:44","date_gmt":"2025-06-16T17:45:44","guid":{"rendered":"https:\/\/www.sanremoliveandlove.it\/?p=18513"},"modified":"2025-06-17T08:37:04","modified_gmt":"2025-06-17T06:37:04","slug":"__trashed-74","status":"publish","type":"post","link":"https:\/\/www.sanremoliveandlove.it\/fr\/__trashed-74\/","title":{"rendered":"11 Juillet-\u00c9v\u00e9nements de l&rsquo;\u00e9t\u00e9 2025"},"content":{"rendered":"\n<p>11 JUILLET<br>PIAZZA BOREA d&rsquo;OLMO<br>21h00 Spectacle pour enfants \u00ab Granelli di sabbia con il Piccolo Principe \u00bb<br>Association culturelle Talea<\/p>\n\n\n\n<p>FORTE DI SANTA TECLA \u2013 Cortile Piazza d\u2019Armi<br>19h00 Concert \u00ab Mozart \u2013 Portrait d&rsquo;un g\u00e9nie \u00bb<br>Cordes de l&rsquo;Orchestre Classique d&rsquo;Alexandrie<\/p>\n\n\n\n<p>VILLA NOBEL<\/p>\n\n\n\n<p>19h00 VIIe \u00e9dition \u00ab Les concerts de la Villa Nobel \u2013 L&rsquo;\u00e9t\u00e9 \u00e0 la Villa \u00bb \u2013<\/p>\n\n\n\n<p>Cul. Culte. Concertistica Musica \u00e0 S. Tecla<\/p>\n\n\n\n<p>COLDIRODI \u2013 QUARTIER DE SANREMO<\/p>\n\n\n\n<p>21h00 C\u00e9l\u00e9brations patronales \u00ab Sant\u2019Anna \u00bb \u2013 Famija Culantina<\/p>\n\n\n\n<figure class=\"wp-block-image size-large\"><img loading=\"lazy\" decoding=\"async\" width=\"1024\" height=\"576\" src=\"https:\/\/www.sanremoliveandlove.it\/wp-content\/uploads\/2025\/05\/Copia-di-Mappa-Sanremo-Estate-V5-1.920-x-1.080-px-1024x576.jpg\" alt=\"\" class=\"wp-image-18400\" srcset=\"https:\/\/www.sanremoliveandlove.it\/wp-content\/uploads\/2025\/05\/Copia-di-Mappa-Sanremo-Estate-V5-1.920-x-1.080-px-1024x576.jpg 1024w, https:\/\/www.sanremoliveandlove.it\/wp-content\/uploads\/2025\/05\/Copia-di-Mappa-Sanremo-Estate-V5-1.920-x-1.080-px-300x169.jpg 300w, https:\/\/www.sanremoliveandlove.it\/wp-content\/uploads\/2025\/05\/Copia-di-Mappa-Sanremo-Estate-V5-1.920-x-1.080-px-768x432.jpg 768w, https:\/\/www.sanremoliveandlove.it\/wp-content\/uploads\/2025\/05\/Copia-di-Mappa-Sanremo-Estate-V5-1.920-x-1.080-px-1536x864.jpg 1536w, https:\/\/www.sanremoliveandlove.it\/wp-content\/uploads\/2025\/05\/Copia-di-Mappa-Sanremo-Estate-V5-1.920-x-1.080-px.jpg 1920w\" sizes=\"auto, (max-width: 1024px) 100vw, 1024px\" \/><\/figure>\n","protected":false},"excerpt":{"rendered":"<p>11 JUILLETPIAZZA BOREA d&rsquo;OLMO21h00 Spectacle pour enfants \u00ab Granelli di sabbia con il Piccolo Principe \u00bbAssociation culturelle Talea FORTE DI SANTA TECLA \u2013 Cortile Piazza d\u2019Armi19h00 Concert \u00ab Mozart \u2013 Portrait d&rsquo;un g\u00e9nie \u00bbCordes de l&rsquo;Orchestre Classique d&rsquo;Alexandrie VILLA NOBEL 19h00 VIIe \u00e9dition \u00ab Les concerts de la Villa Nobel \u2013 L&rsquo;\u00e9t\u00e9 \u00e0 la Villa<\/p>\n","protected":false},"author":3,"featured_media":18402,"comment_status":"closed","ping_status":"closed","sticky":false,"template":"","format":"standard","meta":{"_acf_changed":false,"footnotes":""},"categories":[24,841],"tags":[842,843,71,666],"class_list":["post-18513","post","type-post","status-publish","format-standard","has-post-thumbnail","hentry","category-evenements","category-eventi-estate-2025-fr","tag-a-sanremo-puoi-fr","tag-eventi-estate-2025-fr","tag-sanremo-fr","tag-sanremo-2025-fr"],"acf":[],"_links":{"self":[{"href":"https:\/\/www.sanremoliveandlove.it\/fr\/wp-json\/wp\/v2\/posts\/18513","targetHints":{"allow":["GET"]}}],"collection":[{"href":"https:\/\/www.sanremoliveandlove.it\/fr\/wp-json\/wp\/v2\/posts"}],"about":[{"href":"https:\/\/www.sanremoliveandlove.it\/fr\/wp-json\/wp\/v2\/types\/post"}],"author":[{"embeddable":true,"href":"https:\/\/www.sanremoliveandlove.it\/fr\/wp-json\/wp\/v2\/users\/3"}],"replies":[{"embeddable":true,"href":"https:\/\/www.sanremoliveandlove.it\/fr\/wp-json\/wp\/v2\/comments?post=18513"}],"version-history":[{"count":3,"href":"https:\/\/www.sanremoliveandlove.it\/fr\/wp-json\/wp\/v2\/posts\/18513\/revisions"}],"predecessor-version":[{"id":19129,"href":"https:\/\/www.sanremoliveandlove.it\/fr\/wp-json\/wp\/v2\/posts\/18513\/revisions\/19129"}],"wp:featuredmedia":[{"embeddable":true,"href":"https:\/\/www.sanremoliveandlove.it\/fr\/wp-json\/wp\/v2\/media\/18402"}],"wp:attachment":[{"href":"https:\/\/www.sanremoliveandlove.it\/fr\/wp-json\/wp\/v2\/media?parent=18513"}],"wp:term":[{"taxonomy":"category","embeddable":true,"href":"https:\/\/www.sanremoliveandlove.it\/fr\/wp-json\/wp\/v2\/categories?post=18513"},{"taxonomy":"post_tag","embeddable":true,"href":"https:\/\/www.sanremoliveandlove.it\/fr\/wp-json\/wp\/v2\/tags?post=18513"}],"curies":[{"name":"wp","href":"https:\/\/api.w.org\/{rel}","templated":true}]}}