{"id":18497,"date":"2025-06-16T19:45:45","date_gmt":"2025-06-16T17:45:45","guid":{"rendered":"https:\/\/www.sanremoliveandlove.it\/?p=18497"},"modified":"2025-06-17T08:33:51","modified_gmt":"2025-06-17T06:33:51","slug":"__trashed-78","status":"publish","type":"post","link":"https:\/\/www.sanremoliveandlove.it\/fr\/__trashed-78\/","title":{"rendered":"6 Juillet-\u00c9v\u00e9nements de l&rsquo;\u00e9t\u00e9 2025"},"content":{"rendered":"\n<p>6 JUILLET PIAZZA BOREA d\u2019OLMO<\/p>\n\n\n\n<p>21h00 Spectacle pour enfants&nbsp;: \u00ab&nbsp;Sur la place, nous dansons parmi les bulles&nbsp;\u2013 Baby Dance&nbsp;\u00bb \u2013<\/p>\n\n\n\n<p>Association culturelle Talea.<\/p>\n\n\n\n<p>FORTE DI SANTA TECLA \u2013 Magazzini di Ponente<\/p>\n\n\n\n<p>21h00 Vox Onus Festival XIV Edition \u2013 \u00ab Vox Onus Duo. Le salon musical dans l&rsquo;Europe du XVIIIe si\u00e8cle \u00bb<\/p>\n\n\n\n<p>AUDITORIUM FRANCO ALFANO<\/p>\n\n\n\n<p>21h30 Symphonie d&rsquo;\u00e9t\u00e9 de Sanremo \u2013 \u00ab Allegra Fantasia \u00bb (Antonio Vivaldi) avec la participation de Bruno Bozzetto \u2013 Orchestre Symphonique de Sanremo<\/p>\n\n\n\n<p>(frais d&rsquo;entr\u00e9e)<\/p>\n\n\n\n<p>PIAZZA SAN SIRO<\/p>\n\n\n\n<p>21h00 C\u00e9l\u00e9brations patronales San Siro \u2013 Paroisse de San Siro<\/p>\n\n\n\n<p>VILLA ORMOND<\/p>\n\n\n\n<p>Matin et apr\u00e8s-midi Flor the Tango Festival \u2013 Mision Tango Asd<\/p>\n\n\n\n<p>COLDIRODI \u2013 QUARTIER DE SANREMO<\/p>\n\n\n\n<p>21h00 C\u00e9l\u00e9brations patronales \u00ab Sant\u2019Anna \u00bb \u2013 Famija Culantina<\/p>\n\n\n\n<figure class=\"wp-block-image size-large\"><img loading=\"lazy\" decoding=\"async\" width=\"1024\" height=\"576\" src=\"https:\/\/www.sanremoliveandlove.it\/wp-content\/uploads\/2025\/05\/Copia-di-Mappa-Sanremo-Estate-V5-1.920-x-1.080-px-1024x576.jpg\" alt=\"\" class=\"wp-image-18400\" srcset=\"https:\/\/www.sanremoliveandlove.it\/wp-content\/uploads\/2025\/05\/Copia-di-Mappa-Sanremo-Estate-V5-1.920-x-1.080-px-1024x576.jpg 1024w, https:\/\/www.sanremoliveandlove.it\/wp-content\/uploads\/2025\/05\/Copia-di-Mappa-Sanremo-Estate-V5-1.920-x-1.080-px-300x169.jpg 300w, https:\/\/www.sanremoliveandlove.it\/wp-content\/uploads\/2025\/05\/Copia-di-Mappa-Sanremo-Estate-V5-1.920-x-1.080-px-768x432.jpg 768w, https:\/\/www.sanremoliveandlove.it\/wp-content\/uploads\/2025\/05\/Copia-di-Mappa-Sanremo-Estate-V5-1.920-x-1.080-px-1536x864.jpg 1536w, https:\/\/www.sanremoliveandlove.it\/wp-content\/uploads\/2025\/05\/Copia-di-Mappa-Sanremo-Estate-V5-1.920-x-1.080-px.jpg 1920w\" sizes=\"auto, (max-width: 1024px) 100vw, 1024px\" \/><\/figure>\n","protected":false},"excerpt":{"rendered":"<p>6 JUILLET PIAZZA BOREA d\u2019OLMO 21h00 Spectacle pour enfants&nbsp;: \u00ab&nbsp;Sur la place, nous dansons parmi les bulles&nbsp;\u2013 Baby Dance&nbsp;\u00bb \u2013 Association culturelle Talea. FORTE DI SANTA TECLA \u2013 Magazzini di Ponente 21h00 Vox Onus Festival XIV Edition \u2013 \u00ab Vox Onus Duo. Le salon musical dans l&rsquo;Europe du XVIIIe si\u00e8cle \u00bb AUDITORIUM FRANCO ALFANO 21h30<\/p>\n","protected":false},"author":3,"featured_media":18402,"comment_status":"closed","ping_status":"closed","sticky":false,"template":"","format":"standard","meta":{"_acf_changed":false,"footnotes":""},"categories":[24],"tags":[842,843,71,666],"class_list":["post-18497","post","type-post","status-publish","format-standard","has-post-thumbnail","hentry","category-evenements","tag-a-sanremo-puoi-fr","tag-eventi-estate-2025-fr","tag-sanremo-fr","tag-sanremo-2025-fr"],"acf":[],"_links":{"self":[{"href":"https:\/\/www.sanremoliveandlove.it\/fr\/wp-json\/wp\/v2\/posts\/18497","targetHints":{"allow":["GET"]}}],"collection":[{"href":"https:\/\/www.sanremoliveandlove.it\/fr\/wp-json\/wp\/v2\/posts"}],"about":[{"href":"https:\/\/www.sanremoliveandlove.it\/fr\/wp-json\/wp\/v2\/types\/post"}],"author":[{"embeddable":true,"href":"https:\/\/www.sanremoliveandlove.it\/fr\/wp-json\/wp\/v2\/users\/3"}],"replies":[{"embeddable":true,"href":"https:\/\/www.sanremoliveandlove.it\/fr\/wp-json\/wp\/v2\/comments?post=18497"}],"version-history":[{"count":3,"href":"https:\/\/www.sanremoliveandlove.it\/fr\/wp-json\/wp\/v2\/posts\/18497\/revisions"}],"predecessor-version":[{"id":19123,"href":"https:\/\/www.sanremoliveandlove.it\/fr\/wp-json\/wp\/v2\/posts\/18497\/revisions\/19123"}],"wp:featuredmedia":[{"embeddable":true,"href":"https:\/\/www.sanremoliveandlove.it\/fr\/wp-json\/wp\/v2\/media\/18402"}],"wp:attachment":[{"href":"https:\/\/www.sanremoliveandlove.it\/fr\/wp-json\/wp\/v2\/media?parent=18497"}],"wp:term":[{"taxonomy":"category","embeddable":true,"href":"https:\/\/www.sanremoliveandlove.it\/fr\/wp-json\/wp\/v2\/categories?post=18497"},{"taxonomy":"post_tag","embeddable":true,"href":"https:\/\/www.sanremoliveandlove.it\/fr\/wp-json\/wp\/v2\/tags?post=18497"}],"curies":[{"name":"wp","href":"https:\/\/api.w.org\/{rel}","templated":true}]}}