{"id":18489,"date":"2025-06-16T19:45:55","date_gmt":"2025-06-16T17:45:55","guid":{"rendered":"https:\/\/www.sanremoliveandlove.it\/?p=18489"},"modified":"2025-06-17T08:33:17","modified_gmt":"2025-06-17T06:33:17","slug":"__trashed-80","status":"publish","type":"post","link":"https:\/\/www.sanremoliveandlove.it\/fr\/__trashed-80\/","title":{"rendered":"5 Juillet-\u00c9v\u00e9nements de l&rsquo;\u00e9t\u00e9 2025"},"content":{"rendered":"\n<p>5 JUILLET<br>CENTRE VILLE<br>\u00c0 partir de 18h30 Festival de musique de rue de Sanremo \u2013 Commune de Sanremo<\/p>\n\n\n\n<p>VILLA ORMOND<br>Matin et apr\u00e8s-midi Flor the Tango Festival \u2013 Mision Tango Asd<\/p>\n\n\n\n<p>PIAZZA SAN SIRO<br>21h00 C\u00e9l\u00e9brations patronales San Siro \u2013 Paroisse de San Siro<\/p>\n\n\n\n<p>COLDIRODI \u2013 QUARTIER DE SANREMO<br>21h00 C\u00e9l\u00e9brations patronales \u00ab Sant\u2019Anna \u00bb \u2013 Famija Culantina<\/p>\n\n\n\n<figure class=\"wp-block-image size-large\"><img loading=\"lazy\" decoding=\"async\" width=\"1024\" height=\"576\" src=\"https:\/\/www.sanremoliveandlove.it\/wp-content\/uploads\/2025\/05\/Copia-di-Mappa-Sanremo-Estate-V5-1.920-x-1.080-px-1024x576.jpg\" alt=\"\" class=\"wp-image-18400\" srcset=\"https:\/\/www.sanremoliveandlove.it\/wp-content\/uploads\/2025\/05\/Copia-di-Mappa-Sanremo-Estate-V5-1.920-x-1.080-px-1024x576.jpg 1024w, https:\/\/www.sanremoliveandlove.it\/wp-content\/uploads\/2025\/05\/Copia-di-Mappa-Sanremo-Estate-V5-1.920-x-1.080-px-300x169.jpg 300w, https:\/\/www.sanremoliveandlove.it\/wp-content\/uploads\/2025\/05\/Copia-di-Mappa-Sanremo-Estate-V5-1.920-x-1.080-px-768x432.jpg 768w, https:\/\/www.sanremoliveandlove.it\/wp-content\/uploads\/2025\/05\/Copia-di-Mappa-Sanremo-Estate-V5-1.920-x-1.080-px-1536x864.jpg 1536w, https:\/\/www.sanremoliveandlove.it\/wp-content\/uploads\/2025\/05\/Copia-di-Mappa-Sanremo-Estate-V5-1.920-x-1.080-px.jpg 1920w\" sizes=\"auto, (max-width: 1024px) 100vw, 1024px\" \/><\/figure>\n","protected":false},"excerpt":{"rendered":"<p>5 JUILLETCENTRE VILLE\u00c0 partir de 18h30 Festival de musique de rue de Sanremo \u2013 Commune de Sanremo VILLA ORMONDMatin et apr\u00e8s-midi Flor the Tango Festival \u2013 Mision Tango Asd PIAZZA SAN SIRO21h00 C\u00e9l\u00e9brations patronales San Siro \u2013 Paroisse de San Siro COLDIRODI \u2013 QUARTIER DE SANREMO21h00 C\u00e9l\u00e9brations patronales \u00ab Sant\u2019Anna \u00bb \u2013 Famija Culantina<\/p>\n","protected":false},"author":3,"featured_media":18402,"comment_status":"closed","ping_status":"closed","sticky":false,"template":"","format":"standard","meta":{"_acf_changed":false,"footnotes":""},"categories":[24],"tags":[842,843,71,666],"class_list":["post-18489","post","type-post","status-publish","format-standard","has-post-thumbnail","hentry","category-evenements","tag-a-sanremo-puoi-fr","tag-eventi-estate-2025-fr","tag-sanremo-fr","tag-sanremo-2025-fr"],"acf":[],"_links":{"self":[{"href":"https:\/\/www.sanremoliveandlove.it\/fr\/wp-json\/wp\/v2\/posts\/18489","targetHints":{"allow":["GET"]}}],"collection":[{"href":"https:\/\/www.sanremoliveandlove.it\/fr\/wp-json\/wp\/v2\/posts"}],"about":[{"href":"https:\/\/www.sanremoliveandlove.it\/fr\/wp-json\/wp\/v2\/types\/post"}],"author":[{"embeddable":true,"href":"https:\/\/www.sanremoliveandlove.it\/fr\/wp-json\/wp\/v2\/users\/3"}],"replies":[{"embeddable":true,"href":"https:\/\/www.sanremoliveandlove.it\/fr\/wp-json\/wp\/v2\/comments?post=18489"}],"version-history":[{"count":3,"href":"https:\/\/www.sanremoliveandlove.it\/fr\/wp-json\/wp\/v2\/posts\/18489\/revisions"}],"predecessor-version":[{"id":19122,"href":"https:\/\/www.sanremoliveandlove.it\/fr\/wp-json\/wp\/v2\/posts\/18489\/revisions\/19122"}],"wp:featuredmedia":[{"embeddable":true,"href":"https:\/\/www.sanremoliveandlove.it\/fr\/wp-json\/wp\/v2\/media\/18402"}],"wp:attachment":[{"href":"https:\/\/www.sanremoliveandlove.it\/fr\/wp-json\/wp\/v2\/media?parent=18489"}],"wp:term":[{"taxonomy":"category","embeddable":true,"href":"https:\/\/www.sanremoliveandlove.it\/fr\/wp-json\/wp\/v2\/categories?post=18489"},{"taxonomy":"post_tag","embeddable":true,"href":"https:\/\/www.sanremoliveandlove.it\/fr\/wp-json\/wp\/v2\/tags?post=18489"}],"curies":[{"name":"wp","href":"https:\/\/api.w.org\/{rel}","templated":true}]}}