{"id":18477,"date":"2025-06-16T19:45:55","date_gmt":"2025-06-16T17:45:55","guid":{"rendered":"https:\/\/www.sanremoliveandlove.it\/?p=18477"},"modified":"2025-06-17T08:32:31","modified_gmt":"2025-06-17T06:32:31","slug":"__trashed-83","status":"publish","type":"post","link":"https:\/\/www.sanremoliveandlove.it\/fr\/__trashed-83\/","title":{"rendered":"3 Juillet-\u00c9v\u00e9nements de l&rsquo;\u00e9t\u00e9 2025"},"content":{"rendered":"\n<p>3 JUILLET <br>PIAZZA EROI SANREMESI <br>Fontana Siro Carli19h00 Revue musicale \u00ab IX \u00e9d. Sorsi di Note \u00bb \u2013 Francesca Furfari Chanteuse<\/p>\n\n\n\n<p>21h15 CENTRE HISTORIQUE <br>PIAZZA SAN COSTANZO<br>19\u00e8me Revue \u00ab Cin\u00e9ma sous les \u00e9toiles \u00bb \u2013 Projection de \u00ab Allegro non troppo \u00bb \u2013 APS Pigna Mon Amour et Soc. Coop\u00e9rative. CMC.<\/p>\n\n\n\n<p>PIAZZA SAN SIRO<br>21h00 C\u00e9l\u00e9brations patronales de San Siro \u2013 Paroisse de San Siro<\/p>\n\n\n\n<p>VILLA NOBEL<br>18h30\/19h00<br>7\u00e8me \u00e9dition \u00ab Concerts Villa Nobel \u2013 L&rsquo;\u00e9t\u00e9 \u00e0 la Villa \u00bb \u2013 Concert de musique de l&rsquo;association culte \u00e0 S. Tecla<\/p>\n\n\n\n<p>COLDIRODI \u2013 HAMEAU DE SANREMO<br>21h00 C\u00e9l\u00e9brations patronales \u00ab Sant\u2019Anna \u00bb \u2013 Famija Culantina<\/p>\n\n\n\n<figure class=\"wp-block-image size-large\"><img loading=\"lazy\" decoding=\"async\" width=\"1024\" height=\"576\" src=\"https:\/\/www.sanremoliveandlove.it\/wp-content\/uploads\/2025\/05\/Copia-di-Mappa-Sanremo-Estate-V5-1.920-x-1.080-px-1024x576.jpg\" alt=\"\" class=\"wp-image-18400\" srcset=\"https:\/\/www.sanremoliveandlove.it\/wp-content\/uploads\/2025\/05\/Copia-di-Mappa-Sanremo-Estate-V5-1.920-x-1.080-px-1024x576.jpg 1024w, https:\/\/www.sanremoliveandlove.it\/wp-content\/uploads\/2025\/05\/Copia-di-Mappa-Sanremo-Estate-V5-1.920-x-1.080-px-300x169.jpg 300w, https:\/\/www.sanremoliveandlove.it\/wp-content\/uploads\/2025\/05\/Copia-di-Mappa-Sanremo-Estate-V5-1.920-x-1.080-px-768x432.jpg 768w, https:\/\/www.sanremoliveandlove.it\/wp-content\/uploads\/2025\/05\/Copia-di-Mappa-Sanremo-Estate-V5-1.920-x-1.080-px-1536x864.jpg 1536w, https:\/\/www.sanremoliveandlove.it\/wp-content\/uploads\/2025\/05\/Copia-di-Mappa-Sanremo-Estate-V5-1.920-x-1.080-px.jpg 1920w\" sizes=\"auto, (max-width: 1024px) 100vw, 1024px\" \/><\/figure>\n","protected":false},"excerpt":{"rendered":"<p>3 JUILLET PIAZZA EROI SANREMESI Fontana Siro Carli19h00 Revue musicale \u00ab IX \u00e9d. Sorsi di Note \u00bb \u2013 Francesca Furfari Chanteuse 21h15 CENTRE HISTORIQUE PIAZZA SAN COSTANZO19\u00e8me Revue \u00ab Cin\u00e9ma sous les \u00e9toiles \u00bb \u2013 Projection de \u00ab Allegro non troppo \u00bb \u2013 APS Pigna Mon Amour et Soc. Coop\u00e9rative. CMC. PIAZZA SAN SIRO21h00 C\u00e9l\u00e9brations<\/p>\n","protected":false},"author":3,"featured_media":18402,"comment_status":"closed","ping_status":"closed","sticky":false,"template":"","format":"standard","meta":{"_acf_changed":false,"footnotes":""},"categories":[24],"tags":[842,843,71,666],"class_list":["post-18477","post","type-post","status-publish","format-standard","has-post-thumbnail","hentry","category-evenements","tag-a-sanremo-puoi-fr","tag-eventi-estate-2025-fr","tag-sanremo-fr","tag-sanremo-2025-fr"],"acf":[],"_links":{"self":[{"href":"https:\/\/www.sanremoliveandlove.it\/fr\/wp-json\/wp\/v2\/posts\/18477","targetHints":{"allow":["GET"]}}],"collection":[{"href":"https:\/\/www.sanremoliveandlove.it\/fr\/wp-json\/wp\/v2\/posts"}],"about":[{"href":"https:\/\/www.sanremoliveandlove.it\/fr\/wp-json\/wp\/v2\/types\/post"}],"author":[{"embeddable":true,"href":"https:\/\/www.sanremoliveandlove.it\/fr\/wp-json\/wp\/v2\/users\/3"}],"replies":[{"embeddable":true,"href":"https:\/\/www.sanremoliveandlove.it\/fr\/wp-json\/wp\/v2\/comments?post=18477"}],"version-history":[{"count":3,"href":"https:\/\/www.sanremoliveandlove.it\/fr\/wp-json\/wp\/v2\/posts\/18477\/revisions"}],"predecessor-version":[{"id":19120,"href":"https:\/\/www.sanremoliveandlove.it\/fr\/wp-json\/wp\/v2\/posts\/18477\/revisions\/19120"}],"wp:featuredmedia":[{"embeddable":true,"href":"https:\/\/www.sanremoliveandlove.it\/fr\/wp-json\/wp\/v2\/media\/18402"}],"wp:attachment":[{"href":"https:\/\/www.sanremoliveandlove.it\/fr\/wp-json\/wp\/v2\/media?parent=18477"}],"wp:term":[{"taxonomy":"category","embeddable":true,"href":"https:\/\/www.sanremoliveandlove.it\/fr\/wp-json\/wp\/v2\/categories?post=18477"},{"taxonomy":"post_tag","embeddable":true,"href":"https:\/\/www.sanremoliveandlove.it\/fr\/wp-json\/wp\/v2\/tags?post=18477"}],"curies":[{"name":"wp","href":"https:\/\/api.w.org\/{rel}","templated":true}]}}