{"id":18451,"date":"2025-06-16T19:54:38","date_gmt":"2025-06-16T17:54:38","guid":{"rendered":"https:\/\/www.sanremoliveandlove.it\/?p=18451"},"modified":"2025-06-17T08:27:55","modified_gmt":"2025-06-17T06:27:55","slug":"28-giugno-eventi-estate-2025","status":"publish","type":"post","link":"https:\/\/www.sanremoliveandlove.it\/fr\/28-giugno-eventi-estate-2025\/","title":{"rendered":"28 Juin-\u00c9v\u00e9nements de l&rsquo;\u00e9t\u00e9 2025"},"content":{"rendered":"\n<p>28 JUIN<br>FORTE DI SANTA TECLA \u2013 Magazzini di Ponente<\/p>\n\n\n\n<p>18h00 IV^ \u00c9d. &#8211; Swing Corner de la Forteresse \u2013 Concert \u00ab Un \u00e9t\u00e9 standard \u2013 Hommage \u00e0 Bruno Martino \u00e0 l&rsquo;occasion du centenaire de sa naissance \u00bb \u2013 Alessandro Bellati &amp; Livio Zanellato Quartet (entr\u00e9e payante)<\/p>\n\n\n\n<p>ROOF GARDEN CASINO\u2019 de SANREMO<\/p>\n\n\n\n<p>Gala avec Giovanni Vernia (entr\u00e9e sur invitation)<\/p>\n\n\n\n<figure class=\"wp-block-image size-large\"><img loading=\"lazy\" decoding=\"async\" width=\"1024\" height=\"576\" src=\"https:\/\/www.sanremoliveandlove.it\/wp-content\/uploads\/2025\/05\/Copia-di-Mappa-Sanremo-Estate-V5-1.920-x-1.080-px-1024x576.jpg\" alt=\"\" class=\"wp-image-18400\" srcset=\"https:\/\/www.sanremoliveandlove.it\/wp-content\/uploads\/2025\/05\/Copia-di-Mappa-Sanremo-Estate-V5-1.920-x-1.080-px-1024x576.jpg 1024w, https:\/\/www.sanremoliveandlove.it\/wp-content\/uploads\/2025\/05\/Copia-di-Mappa-Sanremo-Estate-V5-1.920-x-1.080-px-300x169.jpg 300w, https:\/\/www.sanremoliveandlove.it\/wp-content\/uploads\/2025\/05\/Copia-di-Mappa-Sanremo-Estate-V5-1.920-x-1.080-px-768x432.jpg 768w, https:\/\/www.sanremoliveandlove.it\/wp-content\/uploads\/2025\/05\/Copia-di-Mappa-Sanremo-Estate-V5-1.920-x-1.080-px-1536x864.jpg 1536w, https:\/\/www.sanremoliveandlove.it\/wp-content\/uploads\/2025\/05\/Copia-di-Mappa-Sanremo-Estate-V5-1.920-x-1.080-px.jpg 1920w\" sizes=\"auto, (max-width: 1024px) 100vw, 1024px\" \/><\/figure>\n","protected":false},"excerpt":{"rendered":"<p>28 JUINFORTE DI SANTA TECLA \u2013 Magazzini di Ponente 18h00 IV^ \u00c9d. &#8211; Swing Corner de la Forteresse \u2013 Concert \u00ab Un \u00e9t\u00e9 standard \u2013 Hommage \u00e0 Bruno Martino \u00e0 l&rsquo;occasion du centenaire de sa naissance \u00bb \u2013 Alessandro Bellati &amp; Livio Zanellato Quartet (entr\u00e9e payante) ROOF GARDEN CASINO\u2019 de SANREMO Gala avec Giovanni Vernia<\/p>\n","protected":false},"author":3,"featured_media":18402,"comment_status":"closed","ping_status":"closed","sticky":false,"template":"","format":"standard","meta":{"_acf_changed":false,"footnotes":""},"categories":[24],"tags":[842,843,71,666],"class_list":["post-18451","post","type-post","status-publish","format-standard","has-post-thumbnail","hentry","category-evenements","tag-a-sanremo-puoi-fr","tag-eventi-estate-2025-fr","tag-sanremo-fr","tag-sanremo-2025-fr"],"acf":[],"_links":{"self":[{"href":"https:\/\/www.sanremoliveandlove.it\/fr\/wp-json\/wp\/v2\/posts\/18451","targetHints":{"allow":["GET"]}}],"collection":[{"href":"https:\/\/www.sanremoliveandlove.it\/fr\/wp-json\/wp\/v2\/posts"}],"about":[{"href":"https:\/\/www.sanremoliveandlove.it\/fr\/wp-json\/wp\/v2\/types\/post"}],"author":[{"embeddable":true,"href":"https:\/\/www.sanremoliveandlove.it\/fr\/wp-json\/wp\/v2\/users\/3"}],"replies":[{"embeddable":true,"href":"https:\/\/www.sanremoliveandlove.it\/fr\/wp-json\/wp\/v2\/comments?post=18451"}],"version-history":[{"count":3,"href":"https:\/\/www.sanremoliveandlove.it\/fr\/wp-json\/wp\/v2\/posts\/18451\/revisions"}],"predecessor-version":[{"id":19115,"href":"https:\/\/www.sanremoliveandlove.it\/fr\/wp-json\/wp\/v2\/posts\/18451\/revisions\/19115"}],"wp:featuredmedia":[{"embeddable":true,"href":"https:\/\/www.sanremoliveandlove.it\/fr\/wp-json\/wp\/v2\/media\/18402"}],"wp:attachment":[{"href":"https:\/\/www.sanremoliveandlove.it\/fr\/wp-json\/wp\/v2\/media?parent=18451"}],"wp:term":[{"taxonomy":"category","embeddable":true,"href":"https:\/\/www.sanremoliveandlove.it\/fr\/wp-json\/wp\/v2\/categories?post=18451"},{"taxonomy":"post_tag","embeddable":true,"href":"https:\/\/www.sanremoliveandlove.it\/fr\/wp-json\/wp\/v2\/tags?post=18451"}],"curies":[{"name":"wp","href":"https:\/\/api.w.org\/{rel}","templated":true}]}}