{"id":16458,"date":"2025-02-12T13:12:08","date_gmt":"2025-02-12T12:12:08","guid":{"rendered":"https:\/\/www.sanremoliveandlove.it\/francesca-michielin-tra-fragilita-e-forza-la-rinascita-di-unartista-a-sanremo-2025\/"},"modified":"2025-02-12T14:04:00","modified_gmt":"2025-02-12T13:04:00","slug":"francesca-michielin-tra-fragilita-e-forza-la-rinascita-di-unartista-a-sanremo-2025","status":"publish","type":"post","link":"https:\/\/www.sanremoliveandlove.it\/fr\/francesca-michielin-tra-fragilita-e-forza-la-rinascita-di-unartista-a-sanremo-2025\/","title":{"rendered":"Francesca Michielin: tra fragilit\u00e0 e forza, la rinascita di un&rsquo;artista a Sanremo 2025"},"content":{"rendered":"\n<h2 class=\"wp-block-heading\">Oggi, mercoled\u00ec 11 febbraio,\u00a0<strong>Francesca Michielin<\/strong>\u00a0si \u00e8 raccontata in una conferenza stampa carica di emozioni, riflessioni e nuovi progetti. La cantante, che \u00e8 tornata a calcare il palco del\u00a0<strong>Festival di Sanremo 2025<\/strong>, ha parlato con sincerit\u00e0 delle sue sfide personali e artistiche, mostrando un lato pi\u00f9 intimo e viscerale del suo percorso.<\/h2>\n\n\n\n<figure class=\"wp-block-image size-large\"><img loading=\"lazy\" decoding=\"async\" width=\"768\" height=\"1024\" src=\"https:\/\/www.sanremoliveandlove.it\/wp-content\/uploads\/2025\/02\/IMG_3020-768x1024.jpeg\" alt=\"Francesca Michielin\" class=\"wp-image-16453\" srcset=\"https:\/\/www.sanremoliveandlove.it\/wp-content\/uploads\/2025\/02\/IMG_3020-768x1024.jpeg 768w, https:\/\/www.sanremoliveandlove.it\/wp-content\/uploads\/2025\/02\/IMG_3020-225x300.jpeg 225w, https:\/\/www.sanremoliveandlove.it\/wp-content\/uploads\/2025\/02\/IMG_3020-1152x1536.jpeg 1152w, https:\/\/www.sanremoliveandlove.it\/wp-content\/uploads\/2025\/02\/IMG_3020-1536x2048.jpeg 1536w, https:\/\/www.sanremoliveandlove.it\/wp-content\/uploads\/2025\/02\/IMG_3020-scaled.jpeg 1920w\" sizes=\"auto, (max-width: 768px) 100vw, 768px\" \/><\/figure>\n\n\n\n<p>\u00ab\u00a0<em>Questa canzone \u00e8 la pi\u00f9 corporea che abbia mai scritto<\/em>\u00ab\u00a0, ha dichiarato Francesca, riferendosi al suo brano in gara,\u00a0<em>Fango in Paradiso<\/em>. La sua interpretazione intensa e senza filtri \u00e8 stata frutto di un momento molto personale della sua vita, in cui il corpo, dopo aver affrontato difficolt\u00e0 fisiche, ha reclamato il proprio spazio. \u00ab\u00a0<em>Sono qui perch\u00e9 voglio sentirmi viva di nuovo. Non mi preoccupo della classifica, voglio solo fare un bel festival, per me stessa<\/em>.\u00a0\u00bb<\/p>\n\n\n\n<p>Francesca ha parlato della sua lotta con la perfezione, un concetto che il mondo contemporaneo, compreso il panorama social, impone con forza. \u00ab\u00a0<em>In un mondo che spinge a essere sempre invincibili e perfetti, io voglio riscoprire l&rsquo;imperfezione. La bellezza sta nel talento, ma anche nell&rsquo;autenticit\u00e0, nell&rsquo;essere umani. Per me \u00e8 fondamentale non nascondere le fragilit\u00e0<\/em>\u00ab\u00a0, ha spiegato.<\/p>\n\n\n\n<p>Il brano\u00a0<em>Fango in Paradiso<\/em>\u00a0\u00e8 nato spontaneamente, a fine luglio, durante un periodo di riflessione personale. Francesca non aveva pianificato il ritorno a Sanremo, ma, dopo aver scritto la canzone, ha subito capito che sarebbe stata quella giusta per tornare sul palco. Il titolo, evocativo e diretto, rappresenta l&rsquo;unione di due sfere apparentemente distanti: il fango, simbolo di imperfezione e impermanenza, e il paradiso, luogo di perfezione assoluta. \u00ab\u00a0<em>Se anche in paradiso ci fosse un po&rsquo; di fanghiglia, sarebbe pi\u00f9 reale<\/em>\u00ab\u00a0, ha commentato Francesca con un sorriso.<\/p>\n\n\n\n<p>Infine, un messaggio rivolto ai giovani: \u00ab\u00a0<em>Non preoccupatevi troppo, occupatevi di vivere il presente, passo dopo passo. Questo \u00e8 ci\u00f2 che mi \u00e8 stato detto quando ero pi\u00f9 giovane e mi ha aiutato a non farmi travolgere dalla paura.<\/em>\u00ab\u00a0<\/p>\n","protected":false},"excerpt":{"rendered":"<p>Oggi, mercoled\u00ec 11 febbraio,\u00a0Francesca Michielin\u00a0si \u00e8 raccontata in una conferenza stampa carica di emozioni, riflessioni e nuovi progetti. La cantante, che \u00e8 tornata a calcare il palco del\u00a0Festival di Sanremo 2025, ha parlato con sincerit\u00e0 delle sue sfide personali e artistiche, mostrando un lato pi\u00f9 intimo e viscerale del suo percorso. \u00ab\u00a0Questa canzone \u00e8 la<\/p>\n","protected":false},"author":3,"featured_media":16455,"comment_status":"closed","ping_status":"closed","sticky":false,"template":"","format":"standard","meta":{"_acf_changed":false,"footnotes":""},"categories":[4],"tags":[760,71,666],"class_list":["post-16458","post","type-post","status-publish","format-standard","has-post-thumbnail","hentry","category-eventi","tag-francesca-michielin-fr","tag-sanremo-fr","tag-sanremo-2025-fr"],"acf":[],"_links":{"self":[{"href":"https:\/\/www.sanremoliveandlove.it\/fr\/wp-json\/wp\/v2\/posts\/16458","targetHints":{"allow":["GET"]}}],"collection":[{"href":"https:\/\/www.sanremoliveandlove.it\/fr\/wp-json\/wp\/v2\/posts"}],"about":[{"href":"https:\/\/www.sanremoliveandlove.it\/fr\/wp-json\/wp\/v2\/types\/post"}],"author":[{"embeddable":true,"href":"https:\/\/www.sanremoliveandlove.it\/fr\/wp-json\/wp\/v2\/users\/3"}],"replies":[{"embeddable":true,"href":"https:\/\/www.sanremoliveandlove.it\/fr\/wp-json\/wp\/v2\/comments?post=16458"}],"version-history":[{"count":1,"href":"https:\/\/www.sanremoliveandlove.it\/fr\/wp-json\/wp\/v2\/posts\/16458\/revisions"}],"predecessor-version":[{"id":16460,"href":"https:\/\/www.sanremoliveandlove.it\/fr\/wp-json\/wp\/v2\/posts\/16458\/revisions\/16460"}],"wp:featuredmedia":[{"embeddable":true,"href":"https:\/\/www.sanremoliveandlove.it\/fr\/wp-json\/wp\/v2\/media\/16455"}],"wp:attachment":[{"href":"https:\/\/www.sanremoliveandlove.it\/fr\/wp-json\/wp\/v2\/media?parent=16458"}],"wp:term":[{"taxonomy":"category","embeddable":true,"href":"https:\/\/www.sanremoliveandlove.it\/fr\/wp-json\/wp\/v2\/categories?post=16458"},{"taxonomy":"post_tag","embeddable":true,"href":"https:\/\/www.sanremoliveandlove.it\/fr\/wp-json\/wp\/v2\/tags?post=16458"}],"curies":[{"name":"wp","href":"https:\/\/api.w.org\/{rel}","templated":true}]}}