{"id":16308,"date":"2025-02-10T14:29:32","date_gmt":"2025-02-10T13:29:32","guid":{"rendered":"https:\/\/www.sanremoliveandlove.it\/sanremo-2025-al-via-il-festival-con-la-conferenza-stampa-di-apertura\/"},"modified":"2025-02-10T14:29:57","modified_gmt":"2025-02-10T13:29:57","slug":"sanremo-2025-al-via-il-festival-con-la-conferenza-stampa-di-apertura","status":"publish","type":"post","link":"https:\/\/www.sanremoliveandlove.it\/fr\/sanremo-2025-al-via-il-festival-con-la-conferenza-stampa-di-apertura\/","title":{"rendered":"Sanremo 2025: al via il Festival con la conferenza stampa di apertura"},"content":{"rendered":"\n<h2 class=\"wp-block-heading\">Presentazione ufficiale della nuova edizione del Festival della Canzone Italiana<\/h2>\n\n\n\n<p>Oggi, presso <strong>la sala stampa Lucio Dalla<\/strong>, si \u00e8 tenuta la conferenza stampa inaugurale del Festival di Sanremo 2025. Alla presenza del Direttore Artistico <strong>Carlo Conti<\/strong>, del Sindaco di Sanremo <strong>Alessandro Mager <\/strong>e delle principali figure istituzionali e televisive, sono stati svelati gli ultimi dettagli della kermesse musicale pi\u00f9 attesa d\u2019Italia.<\/p>\n\n\n\n<p>Durante l\u2019incontro, si \u00e8 discusso del programma delle serate, degli ospiti attesi e delle novit\u00e0 di questa edizione. Particolare attenzione \u00e8 stata dedicata alla sicurezza, all\u2019organizzazione e all\u2019impatto turistico ed economico della manifestazione sulla citt\u00e0 di Sanremo.<\/p>\n\n\n\n<h3 class=\"wp-block-heading\"><strong>Le dichiarazioni del sindaco e le questioni istituzionali<\/strong><\/h3>\n\n\n\n<p>Il sindaco di Sanremo Alessandro Mager ha aperto la conferenza con parole di stima per il direttore artistico: \u201cCarlo Conti \u00e8 un professionista esemplare, un amico della citt\u00e0 e siamo felici di poterlo riabbracciare\u201d.<\/p>\n\n\n\n<p>Ha poi affrontato la questione legata alla recente sentenza del Tar Liguria, che ha dichiarato illegittimo l\u2019affidamento diretto della manifestazione alla Rai da parte del Comune di Sanremo. Mager ha chiarito: \u00ab\u00a0Noi chiediamo la sospensiva di questa sentenza, cos\u00ec come ha fatto la Rai\u00a0\u00bb.<\/p>\n\n\n\n<h3 class=\"wp-block-heading\"><strong>Carlo Conti e il ritorno alla direzione artistica<\/strong><\/h3>\n\n\n\n<p>Carlo Conti ha espresso entusiasmo per il suo ritorno al Festival, ricordando la sua ultima esperienza nel 2017: \u201cSicuramente delle mie tre edizioni ci sono dei momenti che sono rimasti nel mio cuore, tra questi quando ho ospitato Ezio Bosso; per questo motivo voglio iniziare il mio Festival con un suo brano\u201d.<\/p>\n\n\n\n<p>Parlando dei co-conduttori, Conti ha dichiarato: \u00ab\u00a0I primi due compagni di viaggio saranno Antonella Clerici e Gerry Scotti, due colonne della tv. Un regalo averli al mio fianco\u201d. Ha poi aggiunto con emozione: \u00ab\u00a0Per me ci sarebbe stato un quarto elemento su quel palco: Fabrizio Frizzi\u00a0\u00bb.<\/p>\n\n\n\n<h3 class=\"wp-block-heading\"><strong>Le emozioni di Antonella Clerici e Gerry Scotti<\/strong><\/h3>\n\n\n\n<p>Antonella Clerici ha sottolineato l\u2019importanza del loro stile di conduzione: \u00ab\u00a0Se riusciamo a trasmettere il nostro modo di condurre e di divertirci nella vita, credo che tutto questo arriver\u00e0 a casa. Non dobbiamo dimostrare nulla\u00a0\u00bb.<\/p>\n\n\n\n<p>Per Gerry Scotti, invece, questa esperienza \u00e8 una novit\u00e0 assoluta: \u00ab\u00a0Sono l\u2019unico italiano a non aver mai condotto Sanremo. Segnatevi la data, 11 febbraio 2025, un bel regalo che mi avete fatto. Lo apprezzo tantissimo. Mi avete fatto sentire amato\u00a0\u00bb.<\/p>\n\n\n\n<p>Scott e Conti hanno poi precisato che la sua presenza non deve essere interpretata come un tentativo di Mediaset di acquisire il Festival. Scotti ha chiarito: \u00ab\u00a0Se posso farvi la spia, non ho mai sentito parlare seriamente di un interesse di Mediaset ad acquisire il Festival\u00a0\u00bb.<\/p>\n\n\n\n<h3 class=\"wp-block-heading\"><strong>Il Festival e il no ai monologhi<\/strong><\/h3>\n\n\n\n<p>Un tema importante affrontato da Conti riguarda l\u2019assenza di monologhi sul palco dell\u2019Ariston: \u00ab\u00a0Si pu\u00f2 parlare di certi argomenti, ma con la musica\u00a0\u00bb. Per questo motivo, per affrontare il tema della guerra, Conti ha invitato le artiste Noa e Mira Awad (una israeliana e una palestinese) per cantare&nbsp;<em>Imagine<\/em>&nbsp;di John Lennon. \u00ab\u00a0Credo che la loro presenza sul palco sia una testimonianza molto forte\u00a0\u00bb ha dichiarato il direttore artistico.<\/p>\n\n\n\n<p>Ha inoltre aggiunto: \u00ab\u00a0Non cerco polemiche, voglio fare le cose con grande rispetto e parlando a tutti. Voglio rispettare i tempi televisivi e finire presto. Con 29 cantanti, le serate ci porteranno verso l\u20191:20 di notte, almeno nella serata finale consentitemi di arrivare all\u20191:30\/1:40\u00a0\u00bb.<\/p>\n\n\n\n<p>Un altro momento significativo sar\u00e0 la presenza di Edoardo Bove, calciatore della Fiorentina, che salir\u00e0 sul palco per raccontare come sta vivendo il suo periodo di convalescenza dopo il recente incidente.<\/p>\n\n\n\n<h3 class=\"wp-block-heading\"><strong>Il dibattito sull\u2019autotune e il ritorno delle Nuove Proposte<\/strong><\/h3>\n\n\n\n<p>Sul tema dell&rsquo;autotune, Conti ha spiegato: \u00ab\u00a0Oggi molti cantanti lo usano, sia per l\u2019intonazione sia come effetto. Qui al Festival alcuni modelli non sono stati accettati, altri s\u00ec. Ma credo si debba essere al passo con i tempi. Mi pare che comunque le grandi voci non manchino\u00a0\u00bb.<\/p>\n\n\n\n<p>Per quanto riguarda la gara, torna la sezione&nbsp;<em>Nuove Proposte<\/em>, una scelta voluta da Conti per valorizzare i giovani talenti. \u00ab\u00a0Si esibiranno mercoled\u00ec 12 febbraio 2025 durante le due semifinali in apertura di serata, mentre la finale sar\u00e0 gioved\u00ec, in chiusura di serata\u00a0\u00bb, ha precisato.<\/p>\n\n\n\n<h3 class=\"wp-block-heading\"><strong>Sanremo e la Rai: il nodo giuridico<\/strong><\/h3>\n\n\n\n<p>Durante la conferenza stampa si \u00e8 discusso anche della sentenza del Tar Liguria, che ha dichiarato illegittimo l&rsquo;affidamento diretto del Festival alla Rai. Marcello Ciannamea, Direttore dell\u2019Intrattenimento Prime Time Rai, ha confermato che la Rai ha presentato ricorso contro la sentenza, una posizione condivisa anche dal Comune di Sanremo. Il sindaco Alessandro Mager ha infatti annunciato il ricorso al Consiglio di Stato, chiedendo la sospensiva della decisione del Tar.<\/p>\n\n\n\n<h3 class=\"wp-block-heading\"><strong>Gli ascolti e l\u2019eredit\u00e0 di Amadeus<\/strong><\/h3>\n\n\n\n<p>Carlo Conti ha espresso gratitudine per il lavoro svolto dai suoi predecessori, in particolare da Claudio Baglioni e Amadeus: \u00ab\u00a0Baglioni prima e Amadeus nei suoi cinque anni hanno fatto un lavoro straordinario\u00a0\u00bb. Tuttavia, Conti ha voluto sottolineare che il suo obiettivo non sar\u00e0 quello di battere i record di ascolti: \u00ab\u00a0I numeri di Amadeus e Fiorello sono imbattibili. Non c\u2019\u00e8 nulla da dimostrare, ma solo da vivere il tutto con leggerezza\u00a0\u00bb.<\/p>\n\n\n\n<p>Con questo spirito, prende dunque il via il Festival di Sanremo 2025, un\u2019edizione che promette emozioni, musica e spettacolo all\u2019insegna della tradizione e dell\u2019innovazione.<\/p>\n\n\n\n<p>L\u2019attesa \u00e8 ormai alle stelle: Sanremo 2025 si preannuncia come un\u2019edizione indimenticabile!<\/p>\n","protected":false},"excerpt":{"rendered":"<p>Presentazione ufficiale della nuova edizione del Festival della Canzone Italiana Oggi, presso la sala stampa Lucio Dalla, si \u00e8 tenuta la conferenza stampa inaugurale del Festival di Sanremo 2025. Alla presenza del Direttore Artistico Carlo Conti, del Sindaco di Sanremo Alessandro Mager e delle principali figure istituzionali e televisive, sono stati svelati gli ultimi dettagli<\/p>\n","protected":false},"author":3,"featured_media":16305,"comment_status":"closed","ping_status":"closed","sticky":false,"template":"","format":"standard","meta":{"_acf_changed":false,"footnotes":""},"categories":[369],"tags":[692],"class_list":["post-16308","post","type-post","status-publish","format-standard","has-post-thumbnail","hentry","category-news-fr","tag-sanremo2025-fr"],"acf":[],"_links":{"self":[{"href":"https:\/\/www.sanremoliveandlove.it\/fr\/wp-json\/wp\/v2\/posts\/16308","targetHints":{"allow":["GET"]}}],"collection":[{"href":"https:\/\/www.sanremoliveandlove.it\/fr\/wp-json\/wp\/v2\/posts"}],"about":[{"href":"https:\/\/www.sanremoliveandlove.it\/fr\/wp-json\/wp\/v2\/types\/post"}],"author":[{"embeddable":true,"href":"https:\/\/www.sanremoliveandlove.it\/fr\/wp-json\/wp\/v2\/users\/3"}],"replies":[{"embeddable":true,"href":"https:\/\/www.sanremoliveandlove.it\/fr\/wp-json\/wp\/v2\/comments?post=16308"}],"version-history":[{"count":1,"href":"https:\/\/www.sanremoliveandlove.it\/fr\/wp-json\/wp\/v2\/posts\/16308\/revisions"}],"predecessor-version":[{"id":16310,"href":"https:\/\/www.sanremoliveandlove.it\/fr\/wp-json\/wp\/v2\/posts\/16308\/revisions\/16310"}],"wp:featuredmedia":[{"embeddable":true,"href":"https:\/\/www.sanremoliveandlove.it\/fr\/wp-json\/wp\/v2\/media\/16305"}],"wp:attachment":[{"href":"https:\/\/www.sanremoliveandlove.it\/fr\/wp-json\/wp\/v2\/media?parent=16308"}],"wp:term":[{"taxonomy":"category","embeddable":true,"href":"https:\/\/www.sanremoliveandlove.it\/fr\/wp-json\/wp\/v2\/categories?post=16308"},{"taxonomy":"post_tag","embeddable":true,"href":"https:\/\/www.sanremoliveandlove.it\/fr\/wp-json\/wp\/v2\/tags?post=16308"}],"curies":[{"name":"wp","href":"https:\/\/api.w.org\/{rel}","templated":true}]}}