{"id":16291,"date":"2025-02-08T11:11:15","date_gmt":"2025-02-08T10:11:15","guid":{"rendered":"https:\/\/www.sanremoliveandlove.it\/sanremo_hub2025-daphne\/"},"modified":"2025-02-09T11:09:32","modified_gmt":"2025-02-09T10:09:32","slug":"sanremo_hub2025-daphne","status":"publish","type":"post","link":"https:\/\/www.sanremoliveandlove.it\/fr\/sanremo_hub2025-daphne\/","title":{"rendered":"Sanremo_Hub2025 Daphn\u00e9"},"content":{"rendered":"\n<p>Due appuntamenti da non perdere:<\/p>\n\n\n\n<p>Le mostre \u201cStile Italiano, moda e impegno sociale\u201d e \u201c120 di Storia e di Moda\u201d a cura della maison di moda Daphn\u00e9, si svolgeranno entrambe dall\u201911 al 16 febbraio per raccontare la nascita del Made in Italy e l\u2019affermazione dello stile italiano, la prima presso il Museo della Moda e del Profumo Daphn\u00e9, la seconda presso il Casin\u00f2 di Sanremo.<\/p>\n\n\n\n<p>L\u2019iniziativa \u201cSanremo_Hub2025 Daphn\u00e9\u201d, a cura della Maison Daphn\u00e8, organizzer\u00e0, presso il Museo della Moda e del Profumo Daphn\u00e9, dall\u201911 al 16 febbraio, una serie di incontri e di talk per le eccellenze italiane del settore che vogliano condividere esperienze e testimonianze e trattare i temi della sostenibilit\u00e0, del benessere e dell\u2019artigianato.<\/p>\n","protected":false},"excerpt":{"rendered":"<p>Due appuntamenti da non perdere: Le mostre \u201cStile Italiano, moda e impegno sociale\u201d e \u201c120 di Storia e di Moda\u201d a cura della maison di moda Daphn\u00e9, si svolgeranno entrambe dall\u201911 al 16 febbraio per raccontare la nascita del Made in Italy e l\u2019affermazione dello stile italiano, la prima presso il Museo della Moda e<\/p>\n","protected":false},"author":3,"featured_media":16255,"comment_status":"closed","ping_status":"closed","sticky":false,"template":"","format":"standard","meta":{"_acf_changed":false,"footnotes":""},"categories":[24],"tags":[747,71,666],"class_list":["post-16291","post","type-post","status-publish","format-standard","has-post-thumbnail","hentry","category-evenements","tag-eventi-collaterali-fr","tag-sanremo-fr","tag-sanremo-2025-fr"],"acf":[],"_links":{"self":[{"href":"https:\/\/www.sanremoliveandlove.it\/fr\/wp-json\/wp\/v2\/posts\/16291","targetHints":{"allow":["GET"]}}],"collection":[{"href":"https:\/\/www.sanremoliveandlove.it\/fr\/wp-json\/wp\/v2\/posts"}],"about":[{"href":"https:\/\/www.sanremoliveandlove.it\/fr\/wp-json\/wp\/v2\/types\/post"}],"author":[{"embeddable":true,"href":"https:\/\/www.sanremoliveandlove.it\/fr\/wp-json\/wp\/v2\/users\/3"}],"replies":[{"embeddable":true,"href":"https:\/\/www.sanremoliveandlove.it\/fr\/wp-json\/wp\/v2\/comments?post=16291"}],"version-history":[{"count":1,"href":"https:\/\/www.sanremoliveandlove.it\/fr\/wp-json\/wp\/v2\/posts\/16291\/revisions"}],"predecessor-version":[{"id":16293,"href":"https:\/\/www.sanremoliveandlove.it\/fr\/wp-json\/wp\/v2\/posts\/16291\/revisions\/16293"}],"wp:featuredmedia":[{"embeddable":true,"href":"https:\/\/www.sanremoliveandlove.it\/fr\/wp-json\/wp\/v2\/media\/16255"}],"wp:attachment":[{"href":"https:\/\/www.sanremoliveandlove.it\/fr\/wp-json\/wp\/v2\/media?parent=16291"}],"wp:term":[{"taxonomy":"category","embeddable":true,"href":"https:\/\/www.sanremoliveandlove.it\/fr\/wp-json\/wp\/v2\/categories?post=16291"},{"taxonomy":"post_tag","embeddable":true,"href":"https:\/\/www.sanremoliveandlove.it\/fr\/wp-json\/wp\/v2\/tags?post=16291"}],"curies":[{"name":"wp","href":"https:\/\/api.w.org\/{rel}","templated":true}]}}