{"id":16177,"date":"2025-02-07T10:07:06","date_gmt":"2025-02-07T09:07:06","guid":{"rendered":"https:\/\/www.sanremoliveandlove.it\/i-protagonisti-di-area-sanremo-all-opening-del-suzuki-stage-il-palco-della-citta-per-il-festival-2025\/"},"modified":"2025-02-07T10:07:27","modified_gmt":"2025-02-07T09:07:27","slug":"i-protagonisti-di-area-sanremo-all-opening-del-suzuki-stage-il-palco-della-citta-per-il-festival-2025","status":"publish","type":"post","link":"https:\/\/www.sanremoliveandlove.it\/fr\/i-protagonisti-di-area-sanremo-all-opening-del-suzuki-stage-il-palco-della-citta-per-il-festival-2025\/","title":{"rendered":"I protagonisti di Area Sanremo all\u2019 Opening del Suzuki Stage, il palco della citt\u00e0 per il Festival 2025."},"content":{"rendered":"\n<h2 class=\"wp-block-heading\">Sabato alle 18:00, i protagonisti di Area Sanremo inaugurano il Suzuki Stage in piazza Colombo, cuore del 75\u00b0 Festival di Sanremo. Grande soddisfazione per il presidente della Fondazione Orchestra Sinfonica di Sanremo Filippo Biol\u00e9 per la rinnovata collaborazione con Rai Pubblicit\u00e0.<\/h2>\n\n\n\n<p>Dopo quelle vissute durante l\u2019<strong>Area Sanremo Music Week<\/strong> lo scorso novembre, i giovani talenti che hanno partecipato al concorso della Fondazione Orchestra Sinfonica di Sanremo e del Comune di Sanremo, si stanno preparando a vivere un\u2019altra esperienza indimenticabile nella \u201ccitt\u00e0 della Musica\u201d.<\/p>\n\n\n\n<p>Sabato 8 febbraio alle ore 18:00, ETRA, KIMONO, CRYTICAL, L\u00d8VINNE, DJOMI e CARTAPESTA saranno i protagonisti dell\u2019<strong>Opening del Suzuki Stage<\/strong>, il maestoso palco di piazza Colombo, che diventer\u00e0 uno dei luoghi simbolo del 75\u00b0 Festival di Sanremo.<\/p>\n\n\n\n<p>La serata si aprir\u00e0 con un\u2019esibizione degli Urban Theory e sar\u00e0 condotta da <a href=\"https:\/\/www.instagram.com\/jodyjdc\/?hl=it\">Jody Cecchetto<\/a> e <a href=\"https:\/\/www.instagram.com\/mattia_stanga\/?hl=it\">Mattia Stanga<\/a>, scelti da Carlo Conti per presentare gli eventi del palco di Piazza Colombo per tutta la settimana del Festival.<\/p>\n\n\n\n<p><em>\u201cAnche quest\u2019anno grazie alla proficua collaborazione con Rai Pubblicit\u00e0 siamo felici di offrire ai vincitori di Area Sanremo 2024 la possibilit\u00e0 di esibirsi su un palco cos\u00ec importante nel cuore della citt\u00e0 che li ha accolti per le audizioni. Tutti loro hanno dimostrato grande talento e determinazione nelle selezioni di novembre. Tra loro, Maria Tomba ha conquistato un posto per gareggiare nella categoria Nuove Proposte, reintrodotta quest\u2019anno da Carlo Conti. Non vediamo l\u2019ora di vederla sul palco dell\u2019Ariston con la nostra orchestra!\u201c, <\/em>ha dichiarato <strong>Filippo Biol\u00e9<\/strong>, Presidente della Fondazione Orchestra Sinfonica di Sanremo.<\/p>\n\n\n\n<p>I sei artisti presenteranno sul Suzuki Stage il brano con cui hanno conquistato la commissione di Area Sanremo 2024, oltre ad alcuni inediti e cover di brani storici del Festival.<\/p>\n\n\n\n<p><strong>I protagonisti dell\u2019Opening del Suzuki Stage<\/strong><\/p>\n\n\n\n<p><strong>ETRA<\/strong><\/p>\n\n\n\n<p>Etra scrive canzoni da sempre, un modo per far capire agli altri (e a se stesso) cosa gli passi<\/p>\n\n\n\n<p>realmente per la testa. Solo su Spotify conta pi\u00f9 di 350.000 streams. Non smette mai di mettersi in gioco con nuovi stili (r`n`b, dance, indie) ed \u00e8 sempre alla ricerca di novit\u00e0 e innovazione sia nei suoni, che nei testi.<\/p>\n\n\n\n<p>Il palco \u00e8 la sua casa. Una disinvoltura conquistata grazie all\u2019esperienza da intrattenitore sulle navi da crociera e ad un\u2019agenda ricca di live.<\/p>\n\n\n\n<p>\u00c8 stato ad un soffio da conquistare un posto al Festival 2025. Dopo la vittoria ad Area Sanremo 2024 \u00e8 stato selezionato da Carlo Conti e dalla commissione RAI per partecipare &#8211; insieme a Maria Tomba &#8211; alla finale di Sanremo Giovani nel corso della quale sono stati scelti i 4 artisti che saliranno sul palco dell\u2019Ariston nella categoria Nuove Proposte.<\/p>\n\n\n\n<p>Sabato sul Suzuki Stage canter\u00e0 il suo inedito \u201cSpazio tra le dita\u201d e due cover: \u201cTu no\u201d di Irama e \u201cTango\u201d di Tananai in una versione in coppia con L\u00f8vinne.<\/p>\n\n\n\n<p><a href=\"https:\/\/www.instagram.com\/etrapalm\">https:\/\/www.instagram.com\/etrapalm<\/a><\/p>\n\n\n\n<p><strong>L\u00d8VINNE<\/strong><\/p>\n\n\n\n<p>L\u00f8vinne, \u00e8 un musicista e cantante bergamasca, classe 1999.<\/p>\n\n\n\n<p>Ha studiato presso il Conservatorio di Bergamo e da qualche anno lavora ad un suo progetto di inediti insieme ad un team di autori e ad un produttore della zona di Bergamo.<\/p>\n\n\n\n<p>Ha conquistato la commissione di Area Sanremo 2024 con \u201cICEBERG\u201d, un brano nel quale forza e speranza riescono ad emergere in situazione difficile che sembra non dare scampo.<\/p>\n\n\n\n<p>Sabato proporr\u00e0 il suo inedito e due cover: \u201cLa notte\u201d di Arisa e \u201cTango\u201d di Tananai in coppia con Etra.<\/p>\n\n\n\n<p><a href=\"https:\/\/www.instagram.com\/lovinnemusic_\">https:\/\/www.instagram.com\/lovinnemusic_<\/a><\/p>\n\n\n\n<p><strong>CARTAPESTA<\/strong><\/p>\n\n\n\n<p>Carlo Banchelli in arte Cartapesta, classe 1998, conta oltre 6mila ascoltatori mensili su Spotify e una fanbase attiva e affezionata su TikTok dove condivide sprazzi di vita quotidiana e artistica. Laureato in comunicazione digitale \u00e8 insegnante da quattro anni in una scuola elementare. Insegnamento, studio e lavoro sono legati dalla sua passione per la musica.<\/p>\n\n\n\n<p><a href=\"https:\/\/www.instagram.com\/fioridicartapesta\">https:\/\/www.instagram.com\/fioridicartapesta<\/a><\/p>\n\n\n\n<p>Sabato proporr\u00e0 il suo inedito \u201cLamponi\u201d e due cover: \u201cDestinazione paradiso\u201d di Gianluca Grignani e \u201cSono solo parole\u201d di Noemi.<\/p>\n\n\n\n<p><strong>DJOMI<\/strong><\/p>\n\n\n\n<p>Ventiduenne di Cervia, prima di vincere l\u2019edizione 2024 di Area Sanremo, \u00e8 stato vincitore del 65\u00b0 Festival Di Castrocaro nel 2023, del Calabria Fest Tutta Italiana 2023, finalista del Premio Lunezia, vincitore del Tour Music Fest 2022 (categoria rapper) e del contest Reel Talk 2021. \u00c8 abituato ai palchi importanti: ha aperto il concerto dei Nomadi in occasione della festa per i loro 60 anni di musica a Riccione e il concerto di Tormento all\u2019Under Fest e il live di Davide Shorty assieme ad altri artisti all\u2019ottava edizione di Under Fest (direzione<\/p>\n\n\n\n<p>artistica di Moder e Kenzie) e si \u00e8 esibito al concerto del Primo Maggio a Roma nel 2021.<\/p>\n\n\n\n<p>Per l\u2019esibizione di sabato ha scelto due inediti &#8211; \u201cSe mi guardi\u201d e \u201cUhlala\u201d &#8211; un orginale remix di brani che hanno partecipato al Festival e un remix di \u201cBeggin\u2019\u201d.<\/p>\n\n\n\n<p><a href=\"https:\/\/www.instagram.com\/djomij\/\">https:\/\/www.instagram.com\/djomij\/<\/a><\/p>\n\n\n\n<p><strong>CRYTICAL<\/strong><\/p>\n\n\n\n<p>Francesco Paone, in arte Crytical, \u00e8 un artista classe 2004 nato a Montesilvano. La sua carriera inizia prestissimo: a 17 anni diventa campione italiano di Freestyle vincendo il \u201cTecniche Perfette\u201d in Piemonte e inizia ad essere notato da tutto il panorama internazionale.<\/p>\n\n\n\n<p>La sua notoriet\u00e0 cresce dopo la partecipazione alla \u201cScuola Di Maria De Filippi\u201d nel corso della quale escono due inediti che ad oggi vantano milioni e milioni di streaming. Il suo talento conquista anche i \u201cThe Kolors\u201d che lo chiamano ad aprire tutti i loro 45 concerti estivi. &nbsp;<\/p>\n\n\n\n<p>Il primo disco di inediti \u201cSOLO FRANCESCO\u201d (2023) vanta pi\u00f9 di 5 milioni di streaming e 4 posizionamenti fimi e airone. Lo scorso novembre, oltre ad essere stato tra i 10 vincitori di Area Sanremo 2024, ha vinto la speciale Targa Vittorio De Scalzi.<\/p>\n\n\n\n<p><a href=\"https:\/\/www.instagram.com\/crytical_mc\/\">https:\/\/www.instagram.com\/crytical_mc\/<\/a><\/p>\n\n\n\n<p>Sul Suzuki Stage sabato presenter\u00e0 un suo inedito &#8211; \u201cLe mie parole sono armi\u201d &#8211; e due cover: \u201cCenere\u201d di Lazza e \u201cMai dire mai\u201d di Willie Peyote.<\/p>\n\n\n\n<p><strong>KIMONO<\/strong><\/p>\n\n\n\n<p>Sofia Tornambene in arte KIMONO \u00e8 una cantautrice nata a Civitanova Marche nel 2002. Nel 2019 &#8211; con il brano \u201cA domani per sempre\u201d, scritto a 14 anni &#8211; ha vinto la tredicesima edizione di XFactor (2019), ha firmato un contratto con Sony Music e si \u00e8 trasferita a Milano. Ha al suo attivo numerosi singoli e importanti progetti artistici. Ha gi\u00e0 messo in fila anche numerosi ricnoscimenti, tra i pi\u00f9 recenti la vittoria alla 15\u00b0 edizione del festival \u201cNewYork Canta\u201d a New York e, nel 2024, quella ad Area Sanremo.<\/p>\n\n\n\n<p>Sabato canter\u00e0 tre suoi inediti \u201cFuori Tempo\u201d (portato ad Area Sanremo), \u201cPiena di s\u00e9\u201d e \u201cLeggera\u201d e la cover di \u201cLa notte\u201d di Arisa.<\/p>\n\n\n\n<p><a href=\"https:\/\/www.instagram.com\/kimono_sofia\/\">https:\/\/www.instagram.com\/kimono_sofia\/<\/a><\/p>\n\n\n\n<p><strong>Un riconoscimento speciale per Maria Tomba<\/strong><\/p>\n\n\n\n<p>Prima dell\u2019inizio del Festival spazio anche ad un momento speciale dedicato a <strong>MARIA TOMBA<\/strong>. La vincitrice della selezione di Area Sanremo 2024 che ha conquistato un posto per gareggiare nella categoria \u201cNuove Proposte\u201d.&nbsp;<\/p>\n\n\n\n<p>Luned\u00ec 10 febbraio alle 10:30, presso Casa Sanremo, ricever\u00e0 il riconoscimento speciale Ligyes 2025, insieme alla possibilit\u00e0 di realizzare un videoclip con il supporto della Genova Liguria Film Commission. A consegnare il premio sar\u00e0 Stefano Senardi, nella veste di direttore del Premio Alassio Musica per Ligyes. Presente anche Enza Dedali, Assessore alla Cultura e alla Sinfonica del Comune di Sanremo.<\/p>\n\n\n\n<p><strong>Dopo il Festival: un\u2019opportunit\u00e0 unica con l\u2019Orchestra Sinfonica<\/strong><\/p>\n\n\n\n<p>Dopo il Festival prender\u00e0 il via anche il <strong>percorso \u201cArea Sanremo &#8211; Sinfonica Experience\u201d<\/strong> che permetter\u00e0 ad alcuni talenti che hanno partecipato all\u2019ultima edizione del concorso, di prendere parte ad alcune produzioni estive della Fondazione Orchestra Sinfonica di Sanremo.<\/p>\n\n\n\n<p>Il <strong>M\u00b0 Giancarlo De Lorenzo<\/strong> racconta: <em>\u201cLo scorso novembre, come attivit\u00e0 collaterale alle audizioni di Area Sanremo, abbiamo offerto ai giovani artisti venuti in citt\u00e0 l\u2019occasione di essere ascoltati con attenzione da due grandi professionisti: il <\/em><strong><em>M\u00b0 Valter Sivilotti <\/em><\/strong><em>e dalla vocal coach <\/em><strong><em>Franca Drioli.<\/em><\/strong><em> Sessioni di ascolto che si sono trasformate in veri e propri workshop che hanno spaziato dal lavoro sull\u2019interpretazione agli aspetti legati alla composizione. In queste occasioni abbiamo individuare alcuni giovani artisti idonei a prendere parte ad un percorso gratuito finalizzato a preparare alcune produzioni della Fondazione. Un progetto nel segno dell\u2019<\/em><strong><em>incontro tra generazioni <\/em><\/strong><em>e mondi diversi e di avvicinamento dei giovani al mondo dell\u2019Orchestra Sinfonica\u201d.<\/em><\/p>\n\n\n\n<p><strong>Per tutti gli aggiornamenti su Area Sanremo<\/strong><\/p>\n\n\n\n<p>Le esibizioni di sabato, cos\u00ec come tutte le attivit\u00e0 legate ad area Sanremo saranno raccontate e documentate sui <strong>profili social ufficiali<\/strong>:&nbsp;<\/p>\n\n\n\n<ul class=\"wp-block-list\">\n<li><a href=\"https:\/\/www.facebook.com\/areasanremo.official\/\">https:\/\/www.facebook.com\/areasanremo.official\/<\/a><\/li>\n\n\n\n<li><a href=\"https:\/\/www.instagram.com\/areasanremo\/\">https:\/\/www.instagram.com\/areasanremo\/<\/a>&nbsp;<\/li>\n<\/ul>\n\n\n\n<p>Sul sito <a href=\"https:\/\/www.area-sanremo.it\/\">https:\/\/www.area-sanremo.it\/<\/a> invece la possibilit\u00e0 di iscriversi alla<strong> newsletter <\/strong>per ricevere l\u2019avviso dell\u2019apertura delle selezione 2025 di Area Sanremo.<\/p>\n","protected":false},"excerpt":{"rendered":"<p>Sabato alle 18:00, i protagonisti di Area Sanremo inaugurano il Suzuki Stage in piazza Colombo, cuore del 75\u00b0 Festival di Sanremo. Grande soddisfazione per il presidente della Fondazione Orchestra Sinfonica di Sanremo Filippo Biol\u00e9 per la rinnovata collaborazione con Rai Pubblicit\u00e0. Dopo quelle vissute durante l\u2019Area Sanremo Music Week lo scorso novembre, i giovani talenti<\/p>\n","protected":false},"author":3,"featured_media":16174,"comment_status":"closed","ping_status":"closed","sticky":false,"template":"","format":"standard","meta":{"_acf_changed":false,"footnotes":""},"categories":[24,369],"tags":[733,71],"class_list":["post-16177","post","type-post","status-publish","format-standard","has-post-thumbnail","hentry","category-evenements","category-news-fr","tag-areasanremo2025-sanremo2025-suzukystage-fr","tag-sanremo-fr"],"acf":[],"_links":{"self":[{"href":"https:\/\/www.sanremoliveandlove.it\/fr\/wp-json\/wp\/v2\/posts\/16177","targetHints":{"allow":["GET"]}}],"collection":[{"href":"https:\/\/www.sanremoliveandlove.it\/fr\/wp-json\/wp\/v2\/posts"}],"about":[{"href":"https:\/\/www.sanremoliveandlove.it\/fr\/wp-json\/wp\/v2\/types\/post"}],"author":[{"embeddable":true,"href":"https:\/\/www.sanremoliveandlove.it\/fr\/wp-json\/wp\/v2\/users\/3"}],"replies":[{"embeddable":true,"href":"https:\/\/www.sanremoliveandlove.it\/fr\/wp-json\/wp\/v2\/comments?post=16177"}],"version-history":[{"count":1,"href":"https:\/\/www.sanremoliveandlove.it\/fr\/wp-json\/wp\/v2\/posts\/16177\/revisions"}],"predecessor-version":[{"id":16179,"href":"https:\/\/www.sanremoliveandlove.it\/fr\/wp-json\/wp\/v2\/posts\/16177\/revisions\/16179"}],"wp:featuredmedia":[{"embeddable":true,"href":"https:\/\/www.sanremoliveandlove.it\/fr\/wp-json\/wp\/v2\/media\/16174"}],"wp:attachment":[{"href":"https:\/\/www.sanremoliveandlove.it\/fr\/wp-json\/wp\/v2\/media?parent=16177"}],"wp:term":[{"taxonomy":"category","embeddable":true,"href":"https:\/\/www.sanremoliveandlove.it\/fr\/wp-json\/wp\/v2\/categories?post=16177"},{"taxonomy":"post_tag","embeddable":true,"href":"https:\/\/www.sanremoliveandlove.it\/fr\/wp-json\/wp\/v2\/tags?post=16177"}],"curies":[{"name":"wp","href":"https:\/\/api.w.org\/{rel}","templated":true}]}}