{"id":16141,"date":"2025-01-30T10:38:18","date_gmt":"2025-01-30T09:38:18","guid":{"rendered":"https:\/\/www.sanremoliveandlove.it\/sanremo-2025-gli-artisti-e-il-loro-legame-con-la-citta\/"},"modified":"2025-01-30T10:38:49","modified_gmt":"2025-01-30T09:38:49","slug":"sanremo-2025-gli-artisti-e-il-loro-legame-con-la-citta","status":"publish","type":"post","link":"https:\/\/www.sanremoliveandlove.it\/fr\/sanremo-2025-gli-artisti-e-il-loro-legame-con-la-citta\/","title":{"rendered":"Sanremo 2025: gli artisti e il loro legame con la citt\u00e0"},"content":{"rendered":"\n<h2 class=\"wp-block-heading\">Ultimo appuntamento con la presentazione degli artisti che parteciperanno al Festival di Sanremo 2025. Ognuno di loro \u00e8 stato\u00a0<strong>abbinato a un luogo, fiore o cibo tipico della citt\u00e0<\/strong>, creando un legame speciale tra musica e territorio.<\/h2>\n\n\n\n<figure class=\"wp-block-gallery has-nested-images columns-default is-cropped wp-block-gallery-1 is-layout-flex wp-block-gallery-is-layout-flex\">\n<figure class=\"wp-block-image size-large\"><img loading=\"lazy\" decoding=\"async\" width=\"1024\" height=\"1024\" data-id=\"16105\" src=\"https:\/\/www.sanremoliveandlove.it\/wp-content\/uploads\/2025\/01\/Snapinst.app_475404785_18070059112745549_7024169772905426627_n_1080-1-1024x1024.jpg\" alt=\"\" class=\"wp-image-16105\" srcset=\"https:\/\/www.sanremoliveandlove.it\/wp-content\/uploads\/2025\/01\/Snapinst.app_475404785_18070059112745549_7024169772905426627_n_1080-1-1024x1024.jpg 1024w, https:\/\/www.sanremoliveandlove.it\/wp-content\/uploads\/2025\/01\/Snapinst.app_475404785_18070059112745549_7024169772905426627_n_1080-1-300x300.jpg 300w, https:\/\/www.sanremoliveandlove.it\/wp-content\/uploads\/2025\/01\/Snapinst.app_475404785_18070059112745549_7024169772905426627_n_1080-1-150x150.jpg 150w, https:\/\/www.sanremoliveandlove.it\/wp-content\/uploads\/2025\/01\/Snapinst.app_475404785_18070059112745549_7024169772905426627_n_1080-1-768x768.jpg 768w, https:\/\/www.sanremoliveandlove.it\/wp-content\/uploads\/2025\/01\/Snapinst.app_475404785_18070059112745549_7024169772905426627_n_1080-1.jpg 1080w\" sizes=\"auto, (max-width: 1024px) 100vw, 1024px\" \/><\/figure>\n\n\n\n<figure class=\"wp-block-image size-large\"><img loading=\"lazy\" decoding=\"async\" width=\"1024\" height=\"1024\" data-id=\"16107\" src=\"https:\/\/www.sanremoliveandlove.it\/wp-content\/uploads\/2025\/01\/Snapinst.app_475352767_18070059121745549_4366195098584180981_n_1080-1-1024x1024.jpg\" alt=\"\" class=\"wp-image-16107\" srcset=\"https:\/\/www.sanremoliveandlove.it\/wp-content\/uploads\/2025\/01\/Snapinst.app_475352767_18070059121745549_4366195098584180981_n_1080-1-1024x1024.jpg 1024w, https:\/\/www.sanremoliveandlove.it\/wp-content\/uploads\/2025\/01\/Snapinst.app_475352767_18070059121745549_4366195098584180981_n_1080-1-300x300.jpg 300w, https:\/\/www.sanremoliveandlove.it\/wp-content\/uploads\/2025\/01\/Snapinst.app_475352767_18070059121745549_4366195098584180981_n_1080-1-150x150.jpg 150w, https:\/\/www.sanremoliveandlove.it\/wp-content\/uploads\/2025\/01\/Snapinst.app_475352767_18070059121745549_4366195098584180981_n_1080-1-768x768.jpg 768w, https:\/\/www.sanremoliveandlove.it\/wp-content\/uploads\/2025\/01\/Snapinst.app_475352767_18070059121745549_4366195098584180981_n_1080-1.jpg 1080w\" sizes=\"auto, (max-width: 1024px) 100vw, 1024px\" \/><\/figure>\n<\/figure>\n\n\n\n<h3 class=\"wp-block-heading\"><strong>Lucio Corsi &#8211; \u00ab\u00a0Volevo essere un duro\u00a0\u00bb | Bussana Vecchia<\/strong><\/h3>\n\n\n\n<p>Lucio Corsi trover\u00e0 in\u00a0<strong>Bussana Vecchia<\/strong>\u00a0un luogo ricco di storia e fascino. Questo borgo, distrutto da un terremoto nel 1887, fu riportato in vita da una comunit\u00e0 di artisti che lo ha trasformato in una meraviglia da scoprire. Le sue viuzze caratteristiche e le opere d\u2019arte esposte sono un perfetto simbolo di rinascita e creativit\u00e0.<\/p>\n\n\n\n<figure class=\"wp-block-gallery has-nested-images columns-default is-cropped wp-block-gallery-2 is-layout-flex wp-block-gallery-is-layout-flex\">\n<figure class=\"wp-block-image size-large\"><img loading=\"lazy\" decoding=\"async\" width=\"1024\" height=\"1024\" data-id=\"16112\" src=\"https:\/\/www.sanremoliveandlove.it\/wp-content\/uploads\/2025\/01\/Snapinst.app_475270824_18070059130745549_2540221236061548_n_1080-1024x1024.jpg\" alt=\"\" class=\"wp-image-16112\" srcset=\"https:\/\/www.sanremoliveandlove.it\/wp-content\/uploads\/2025\/01\/Snapinst.app_475270824_18070059130745549_2540221236061548_n_1080-1024x1024.jpg 1024w, https:\/\/www.sanremoliveandlove.it\/wp-content\/uploads\/2025\/01\/Snapinst.app_475270824_18070059130745549_2540221236061548_n_1080-300x300.jpg 300w, https:\/\/www.sanremoliveandlove.it\/wp-content\/uploads\/2025\/01\/Snapinst.app_475270824_18070059130745549_2540221236061548_n_1080-150x150.jpg 150w, https:\/\/www.sanremoliveandlove.it\/wp-content\/uploads\/2025\/01\/Snapinst.app_475270824_18070059130745549_2540221236061548_n_1080-768x768.jpg 768w, https:\/\/www.sanremoliveandlove.it\/wp-content\/uploads\/2025\/01\/Snapinst.app_475270824_18070059130745549_2540221236061548_n_1080.jpg 1080w\" sizes=\"auto, (max-width: 1024px) 100vw, 1024px\" \/><\/figure>\n\n\n\n<figure class=\"wp-block-image size-large\"><img loading=\"lazy\" decoding=\"async\" width=\"1024\" height=\"1024\" data-id=\"16111\" src=\"https:\/\/www.sanremoliveandlove.it\/wp-content\/uploads\/2025\/01\/Snapinst.app_475356506_18070059148745549_8944726803567440385_n_1080-1024x1024.jpg\" alt=\"\" class=\"wp-image-16111\" srcset=\"https:\/\/www.sanremoliveandlove.it\/wp-content\/uploads\/2025\/01\/Snapinst.app_475356506_18070059148745549_8944726803567440385_n_1080-1024x1024.jpg 1024w, https:\/\/www.sanremoliveandlove.it\/wp-content\/uploads\/2025\/01\/Snapinst.app_475356506_18070059148745549_8944726803567440385_n_1080-300x300.jpg 300w, https:\/\/www.sanremoliveandlove.it\/wp-content\/uploads\/2025\/01\/Snapinst.app_475356506_18070059148745549_8944726803567440385_n_1080-150x150.jpg 150w, https:\/\/www.sanremoliveandlove.it\/wp-content\/uploads\/2025\/01\/Snapinst.app_475356506_18070059148745549_8944726803567440385_n_1080-768x768.jpg 768w, https:\/\/www.sanremoliveandlove.it\/wp-content\/uploads\/2025\/01\/Snapinst.app_475356506_18070059148745549_8944726803567440385_n_1080.jpg 1080w\" sizes=\"auto, (max-width: 1024px) 100vw, 1024px\" \/><\/figure>\n<\/figure>\n\n\n\n<h3 class=\"wp-block-heading\"><strong>Shablo feat. Gu\u00e8, Joshua e Tormento &#8211; \u00ab\u00a0La mia parola\u00a0\u00bb | Forte Santa Tecla<\/strong><\/h3>\n\n\n\n<p>Il gruppo \u00e8 stato abbinato a\u00a0<strong>Santa Tecla<\/strong>, forte costruito nel 1753 dalla Repubblica di Genova come risposta alla rivolta dei sanremesi. Si tratta di un raro esempio di\u00a0<strong>architettura militare settecentesca ligure<\/strong>, che nel tempo \u00e8 stato utilizzato come caserma e carcere cittadino. Oggi, Santa Tecla \u00e8 uno dei principali spazi espositivi della citt\u00e0.<\/p>\n\n\n\n<figure class=\"wp-block-gallery has-nested-images columns-default is-cropped wp-block-gallery-3 is-layout-flex wp-block-gallery-is-layout-flex\">\n<figure class=\"wp-block-image size-large\"><img loading=\"lazy\" decoding=\"async\" width=\"1024\" height=\"1024\" data-id=\"16121\" src=\"https:\/\/www.sanremoliveandlove.it\/wp-content\/uploads\/2025\/01\/Snapinst.app_475554441_18070059139745549_51677071163894972_n_1080-1-1024x1024.jpg\" alt=\"\" class=\"wp-image-16121\" srcset=\"https:\/\/www.sanremoliveandlove.it\/wp-content\/uploads\/2025\/01\/Snapinst.app_475554441_18070059139745549_51677071163894972_n_1080-1-1024x1024.jpg 1024w, https:\/\/www.sanremoliveandlove.it\/wp-content\/uploads\/2025\/01\/Snapinst.app_475554441_18070059139745549_51677071163894972_n_1080-1-300x300.jpg 300w, https:\/\/www.sanremoliveandlove.it\/wp-content\/uploads\/2025\/01\/Snapinst.app_475554441_18070059139745549_51677071163894972_n_1080-1-150x150.jpg 150w, https:\/\/www.sanremoliveandlove.it\/wp-content\/uploads\/2025\/01\/Snapinst.app_475554441_18070059139745549_51677071163894972_n_1080-1-768x768.jpg 768w, https:\/\/www.sanremoliveandlove.it\/wp-content\/uploads\/2025\/01\/Snapinst.app_475554441_18070059139745549_51677071163894972_n_1080-1.jpg 1080w\" sizes=\"auto, (max-width: 1024px) 100vw, 1024px\" \/><\/figure>\n\n\n\n<figure class=\"wp-block-image size-large\"><img loading=\"lazy\" decoding=\"async\" width=\"1024\" height=\"1024\" data-id=\"16117\" src=\"https:\/\/www.sanremoliveandlove.it\/wp-content\/uploads\/2025\/01\/Snapinst.app_475419441_18070059157745549_1580347385391844489_n_1080-1024x1024.jpg\" alt=\"\" class=\"wp-image-16117\" srcset=\"https:\/\/www.sanremoliveandlove.it\/wp-content\/uploads\/2025\/01\/Snapinst.app_475419441_18070059157745549_1580347385391844489_n_1080-1024x1024.jpg 1024w, https:\/\/www.sanremoliveandlove.it\/wp-content\/uploads\/2025\/01\/Snapinst.app_475419441_18070059157745549_1580347385391844489_n_1080-300x300.jpg 300w, https:\/\/www.sanremoliveandlove.it\/wp-content\/uploads\/2025\/01\/Snapinst.app_475419441_18070059157745549_1580347385391844489_n_1080-150x150.jpg 150w, https:\/\/www.sanremoliveandlove.it\/wp-content\/uploads\/2025\/01\/Snapinst.app_475419441_18070059157745549_1580347385391844489_n_1080-768x768.jpg 768w, https:\/\/www.sanremoliveandlove.it\/wp-content\/uploads\/2025\/01\/Snapinst.app_475419441_18070059157745549_1580347385391844489_n_1080.jpg 1080w\" sizes=\"auto, (max-width: 1024px) 100vw, 1024px\" \/><\/figure>\n<\/figure>\n\n\n\n<h3 class=\"wp-block-heading\"><strong>Serena Brancale &#8211; \u00ab\u00a0Anema e Core\u00a0\u00bb | Gambero di Sanremo<\/strong><\/h3>\n\n\n\n<p>Serena Brancale \u00e8 stata associata al\u00a0<strong>gambero di Sanremo<\/strong>, considerato tra i migliori al mondo. Pescato nelle acque antistanti la citt\u00e0, questo crostaceo dal colore rosso acceso e dalla polpa delicata e saporita \u00e8 spesso consumato appena scottato per esaltarne il gusto unico.<\/p>\n\n\n\n<figure class=\"wp-block-gallery has-nested-images columns-default is-cropped wp-block-gallery-4 is-layout-flex wp-block-gallery-is-layout-flex\">\n<figure class=\"wp-block-image size-large\"><img loading=\"lazy\" decoding=\"async\" width=\"1024\" height=\"1024\" data-id=\"16124\" src=\"https:\/\/www.sanremoliveandlove.it\/wp-content\/uploads\/2025\/01\/Snapinst.app_475232584_18070059166745549_8781384880248160728_n_1080-1024x1024.jpg\" alt=\"\" class=\"wp-image-16124\" srcset=\"https:\/\/www.sanremoliveandlove.it\/wp-content\/uploads\/2025\/01\/Snapinst.app_475232584_18070059166745549_8781384880248160728_n_1080-1024x1024.jpg 1024w, https:\/\/www.sanremoliveandlove.it\/wp-content\/uploads\/2025\/01\/Snapinst.app_475232584_18070059166745549_8781384880248160728_n_1080-300x300.jpg 300w, https:\/\/www.sanremoliveandlove.it\/wp-content\/uploads\/2025\/01\/Snapinst.app_475232584_18070059166745549_8781384880248160728_n_1080-150x150.jpg 150w, https:\/\/www.sanremoliveandlove.it\/wp-content\/uploads\/2025\/01\/Snapinst.app_475232584_18070059166745549_8781384880248160728_n_1080-768x768.jpg 768w, https:\/\/www.sanremoliveandlove.it\/wp-content\/uploads\/2025\/01\/Snapinst.app_475232584_18070059166745549_8781384880248160728_n_1080.jpg 1080w\" sizes=\"auto, (max-width: 1024px) 100vw, 1024px\" \/><\/figure>\n\n\n\n<figure class=\"wp-block-image size-large\"><img loading=\"lazy\" decoding=\"async\" width=\"1024\" height=\"1024\" data-id=\"16125\" src=\"https:\/\/www.sanremoliveandlove.it\/wp-content\/uploads\/2025\/01\/Snapinst.app_475357170_18070059175745549_6726747622327459461_n_1080-1024x1024.jpg\" alt=\"\" class=\"wp-image-16125\" srcset=\"https:\/\/www.sanremoliveandlove.it\/wp-content\/uploads\/2025\/01\/Snapinst.app_475357170_18070059175745549_6726747622327459461_n_1080-1024x1024.jpg 1024w, https:\/\/www.sanremoliveandlove.it\/wp-content\/uploads\/2025\/01\/Snapinst.app_475357170_18070059175745549_6726747622327459461_n_1080-300x300.jpg 300w, https:\/\/www.sanremoliveandlove.it\/wp-content\/uploads\/2025\/01\/Snapinst.app_475357170_18070059175745549_6726747622327459461_n_1080-150x150.jpg 150w, https:\/\/www.sanremoliveandlove.it\/wp-content\/uploads\/2025\/01\/Snapinst.app_475357170_18070059175745549_6726747622327459461_n_1080-768x768.jpg 768w, https:\/\/www.sanremoliveandlove.it\/wp-content\/uploads\/2025\/01\/Snapinst.app_475357170_18070059175745549_6726747622327459461_n_1080.jpg 1080w\" sizes=\"auto, (max-width: 1024px) 100vw, 1024px\" \/><\/figure>\n<\/figure>\n\n\n\n<h3 class=\"wp-block-heading\"><strong>Rocco Hunt &#8211; \u00ab\u00a0Mille volte ancora\u00a0\u00bb | Villa Magnolie<\/strong><\/h3>\n\n\n\n<p>Rocco Hunt \u00e8 stato abbinato a\u00a0<strong>Villa Magnolie<\/strong>, attuale sede di parte del Liceo Cassini. Questo edificio storico ha ospitato personaggi illustri come il Principe Amedeo di Savoia, la zarina Maria Alexandrovna e persino la corte dell\u2019ultimo Sultano Ottomano, Maometto VI. Inoltre, fu la sede della Saint George School, frequentata da un giovane\u00a0<strong>Italo Calvino<\/strong>.<\/p>\n\n\n\n<figure class=\"wp-block-gallery has-nested-images columns-default is-cropped wp-block-gallery-5 is-layout-flex wp-block-gallery-is-layout-flex\">\n<figure class=\"wp-block-image size-large\"><img loading=\"lazy\" decoding=\"async\" width=\"1024\" height=\"1024\" data-id=\"16130\" src=\"https:\/\/www.sanremoliveandlove.it\/wp-content\/uploads\/2025\/01\/Snapinst.app_475429457_18070059184745549_5407010203349544146_n_1080-1024x1024.jpg\" alt=\"\" class=\"wp-image-16130\" srcset=\"https:\/\/www.sanremoliveandlove.it\/wp-content\/uploads\/2025\/01\/Snapinst.app_475429457_18070059184745549_5407010203349544146_n_1080-1024x1024.jpg 1024w, https:\/\/www.sanremoliveandlove.it\/wp-content\/uploads\/2025\/01\/Snapinst.app_475429457_18070059184745549_5407010203349544146_n_1080-300x300.jpg 300w, https:\/\/www.sanremoliveandlove.it\/wp-content\/uploads\/2025\/01\/Snapinst.app_475429457_18070059184745549_5407010203349544146_n_1080-150x150.jpg 150w, https:\/\/www.sanremoliveandlove.it\/wp-content\/uploads\/2025\/01\/Snapinst.app_475429457_18070059184745549_5407010203349544146_n_1080-768x768.jpg 768w, https:\/\/www.sanremoliveandlove.it\/wp-content\/uploads\/2025\/01\/Snapinst.app_475429457_18070059184745549_5407010203349544146_n_1080.jpg 1080w\" sizes=\"auto, (max-width: 1024px) 100vw, 1024px\" \/><\/figure>\n\n\n\n<figure class=\"wp-block-image size-large\"><img loading=\"lazy\" decoding=\"async\" width=\"1024\" height=\"1024\" data-id=\"16131\" src=\"https:\/\/www.sanremoliveandlove.it\/wp-content\/uploads\/2025\/01\/Snapinst.app_475643866_18070059193745549_3001230798205265649_n_1080-1024x1024.jpg\" alt=\"\" class=\"wp-image-16131\" srcset=\"https:\/\/www.sanremoliveandlove.it\/wp-content\/uploads\/2025\/01\/Snapinst.app_475643866_18070059193745549_3001230798205265649_n_1080-1024x1024.jpg 1024w, https:\/\/www.sanremoliveandlove.it\/wp-content\/uploads\/2025\/01\/Snapinst.app_475643866_18070059193745549_3001230798205265649_n_1080-300x300.jpg 300w, https:\/\/www.sanremoliveandlove.it\/wp-content\/uploads\/2025\/01\/Snapinst.app_475643866_18070059193745549_3001230798205265649_n_1080-150x150.jpg 150w, https:\/\/www.sanremoliveandlove.it\/wp-content\/uploads\/2025\/01\/Snapinst.app_475643866_18070059193745549_3001230798205265649_n_1080-768x768.jpg 768w, https:\/\/www.sanremoliveandlove.it\/wp-content\/uploads\/2025\/01\/Snapinst.app_475643866_18070059193745549_3001230798205265649_n_1080.jpg 1080w\" sizes=\"auto, (max-width: 1024px) 100vw, 1024px\" \/><\/figure>\n<\/figure>\n\n\n\n<h3 class=\"wp-block-heading\"><strong>Giorgia &#8211; \u00ab\u00a0La cura per me\u00a0\u00bb | Il mare<\/strong><\/h3>\n\n\n\n<p>A Giorgia \u00e8 stato dedicato&nbsp;<strong>il mare<\/strong>, simbolo senza tempo di Sanremo. Sempre presente nei tramonti, nelle passeggiate e nello sguardo di chi visita la citt\u00e0, il mare rappresenta un abbraccio infinito, proprio come la musica della grande artista.<\/p>\n\n\n\n<p>Sanremo 2025 continua a celebrare il connubio tra musica e territorio, creando legami speciali tra gli artisti e la storia, la cultura e i sapori della citt\u00e0 dei fiori.<\/p>\n","protected":false},"excerpt":{"rendered":"<p>Ultimo appuntamento con la presentazione degli artisti che parteciperanno al Festival di Sanremo 2025. Ognuno di loro \u00e8 stato\u00a0abbinato a un luogo, fiore o cibo tipico della citt\u00e0, creando un legame speciale tra musica e territorio. Lucio Corsi &#8211; \u00ab\u00a0Volevo essere un duro\u00a0\u00bb | Bussana Vecchia Lucio Corsi trover\u00e0 in\u00a0Bussana Vecchia\u00a0un luogo ricco di storia<\/p>\n","protected":false},"author":3,"featured_media":16138,"comment_status":"closed","ping_status":"closed","sticky":false,"template":"","format":"standard","meta":{"_acf_changed":false,"footnotes":""},"categories":[369],"tags":[696,71,666],"class_list":["post-16141","post","type-post","status-publish","format-standard","has-post-thumbnail","hentry","category-news-fr","tag-big-in-gara-fr","tag-sanremo-fr","tag-sanremo-2025-fr"],"acf":[],"_links":{"self":[{"href":"https:\/\/www.sanremoliveandlove.it\/fr\/wp-json\/wp\/v2\/posts\/16141","targetHints":{"allow":["GET"]}}],"collection":[{"href":"https:\/\/www.sanremoliveandlove.it\/fr\/wp-json\/wp\/v2\/posts"}],"about":[{"href":"https:\/\/www.sanremoliveandlove.it\/fr\/wp-json\/wp\/v2\/types\/post"}],"author":[{"embeddable":true,"href":"https:\/\/www.sanremoliveandlove.it\/fr\/wp-json\/wp\/v2\/users\/3"}],"replies":[{"embeddable":true,"href":"https:\/\/www.sanremoliveandlove.it\/fr\/wp-json\/wp\/v2\/comments?post=16141"}],"version-history":[{"count":1,"href":"https:\/\/www.sanremoliveandlove.it\/fr\/wp-json\/wp\/v2\/posts\/16141\/revisions"}],"predecessor-version":[{"id":16143,"href":"https:\/\/www.sanremoliveandlove.it\/fr\/wp-json\/wp\/v2\/posts\/16141\/revisions\/16143"}],"wp:featuredmedia":[{"embeddable":true,"href":"https:\/\/www.sanremoliveandlove.it\/fr\/wp-json\/wp\/v2\/media\/16138"}],"wp:attachment":[{"href":"https:\/\/www.sanremoliveandlove.it\/fr\/wp-json\/wp\/v2\/media?parent=16141"}],"wp:term":[{"taxonomy":"category","embeddable":true,"href":"https:\/\/www.sanremoliveandlove.it\/fr\/wp-json\/wp\/v2\/categories?post=16141"},{"taxonomy":"post_tag","embeddable":true,"href":"https:\/\/www.sanremoliveandlove.it\/fr\/wp-json\/wp\/v2\/tags?post=16141"}],"curies":[{"name":"wp","href":"https:\/\/api.w.org\/{rel}","templated":true}]}}