{"id":16028,"date":"2025-01-27T09:54:54","date_gmt":"2025-01-27T08:54:54","guid":{"rendered":"https:\/\/www.sanremoliveandlove.it\/sanremo-2025-scopriamo-altri-5-big-in-gara-e-i-loro-speciali-legami-con-la-citta\/"},"modified":"2025-01-27T09:54:54","modified_gmt":"2025-01-27T08:54:54","slug":"sanremo-2025-scopriamo-altri-5-big-in-gara-e-i-loro-speciali-legami-con-la-citta","status":"publish","type":"post","link":"https:\/\/www.sanremoliveandlove.it\/fr\/sanremo-2025-scopriamo-altri-5-big-in-gara-e-i-loro-speciali-legami-con-la-citta\/","title":{"rendered":"Sanremo 2025: scopriamo altri 5 Big in gara e i loro speciali legami con la citt\u00e0."},"content":{"rendered":"\n<p>La magia del Festival di Sanremo non \u00e8 solo nella musica, ma anche nel legame unico con la citt\u00e0 che lo ospita. Per questa edizione 2025, abbiamo deciso di rendere omaggio alla nostra Sanremo abbinando ogni artista a un luogo, un cibo o un fiore che rappresenta la bellezza e l\u2019anima della nostra citt\u00e0. <\/p>\n\n\n\n<p>Oggi vi presentiamo cinque nuovi protagonisti del Festival e i loro speciali abbinamenti.<\/p>\n\n\n\n<figure class=\"wp-block-gallery has-nested-images columns-default is-cropped wp-block-gallery-1 is-layout-flex wp-block-gallery-is-layout-flex\">\n<figure class=\"wp-block-image size-large\"><img loading=\"lazy\" decoding=\"async\" width=\"1024\" height=\"1024\" data-id=\"15992\" src=\"https:\/\/www.sanremoliveandlove.it\/wp-content\/uploads\/2025\/01\/Snapinst.app_474970803_18069509281745549_8244878255895305942_n_1080-1024x1024.jpg\" alt=\"\" class=\"wp-image-15992\" srcset=\"https:\/\/www.sanremoliveandlove.it\/wp-content\/uploads\/2025\/01\/Snapinst.app_474970803_18069509281745549_8244878255895305942_n_1080-1024x1024.jpg 1024w, https:\/\/www.sanremoliveandlove.it\/wp-content\/uploads\/2025\/01\/Snapinst.app_474970803_18069509281745549_8244878255895305942_n_1080-300x300.jpg 300w, https:\/\/www.sanremoliveandlove.it\/wp-content\/uploads\/2025\/01\/Snapinst.app_474970803_18069509281745549_8244878255895305942_n_1080-150x150.jpg 150w, https:\/\/www.sanremoliveandlove.it\/wp-content\/uploads\/2025\/01\/Snapinst.app_474970803_18069509281745549_8244878255895305942_n_1080-768x768.jpg 768w, https:\/\/www.sanremoliveandlove.it\/wp-content\/uploads\/2025\/01\/Snapinst.app_474970803_18069509281745549_8244878255895305942_n_1080.jpg 1080w\" sizes=\"auto, (max-width: 1024px) 100vw, 1024px\" \/><\/figure>\n\n\n\n<figure class=\"wp-block-image size-large\"><img loading=\"lazy\" decoding=\"async\" width=\"1024\" height=\"1024\" data-id=\"15993\" src=\"https:\/\/www.sanremoliveandlove.it\/wp-content\/uploads\/2025\/01\/Snapinst.app_474555403_18069509236745549_7883749318187086579_n_1080-1024x1024.jpg\" alt=\"\" class=\"wp-image-15993\" srcset=\"https:\/\/www.sanremoliveandlove.it\/wp-content\/uploads\/2025\/01\/Snapinst.app_474555403_18069509236745549_7883749318187086579_n_1080-1024x1024.jpg 1024w, https:\/\/www.sanremoliveandlove.it\/wp-content\/uploads\/2025\/01\/Snapinst.app_474555403_18069509236745549_7883749318187086579_n_1080-300x300.jpg 300w, https:\/\/www.sanremoliveandlove.it\/wp-content\/uploads\/2025\/01\/Snapinst.app_474555403_18069509236745549_7883749318187086579_n_1080-150x150.jpg 150w, https:\/\/www.sanremoliveandlove.it\/wp-content\/uploads\/2025\/01\/Snapinst.app_474555403_18069509236745549_7883749318187086579_n_1080-768x768.jpg 768w, https:\/\/www.sanremoliveandlove.it\/wp-content\/uploads\/2025\/01\/Snapinst.app_474555403_18069509236745549_7883749318187086579_n_1080.jpg 1080w\" sizes=\"auto, (max-width: 1024px) 100vw, 1024px\" \/><\/figure>\n<\/figure>\n\n\n\n<h4 class=\"wp-block-heading\"><strong>\ud835\udc7a\ud835\udc82\ud835\udc93\ud835\udc82\ud835\udc89 \ud835\udc7b\ud835\udc90\ud835\udc94\ud835\udc84\ud835\udc82\ud835\udc8f\ud835\udc90 \u2013 \ud835\udc68\ud835\udc8e\ud835\udc82\ud835\udc93\ud835\udc84\ud835\udc90\ud835\udc93\ud835\udc85<\/strong><\/h4>\n\n\n\n<p><strong>Abbinamento:<\/strong>\u00a0<em>Santuario della Madonna della Costa<\/em><br>Per Sarah Toscano, interprete raffinata e nostalgica, il simbolo perfetto \u00e8 il Santuario della Madonna della Costa. Questo capolavoro barocco, costruito nel 1630, domina la citt\u00e0 dall\u2019alto con il suo panorama mozzafiato. \u00c8 un luogo carico di storia e spiritualit\u00e0, perfetto per un brano che promette di toccare le corde pi\u00f9 profonde dell\u2019anima.<\/p>\n\n\n\n<figure class=\"wp-block-gallery has-nested-images columns-default is-cropped wp-block-gallery-2 is-layout-flex wp-block-gallery-is-layout-flex\">\n<figure class=\"wp-block-image size-large\"><img loading=\"lazy\" decoding=\"async\" width=\"1024\" height=\"1024\" data-id=\"15999\" src=\"https:\/\/www.sanremoliveandlove.it\/wp-content\/uploads\/2025\/01\/Snapinst.app_474914394_18069509293745549_6758528543997422228_n_1080-1024x1024.jpg\" alt=\"\" class=\"wp-image-15999\" srcset=\"https:\/\/www.sanremoliveandlove.it\/wp-content\/uploads\/2025\/01\/Snapinst.app_474914394_18069509293745549_6758528543997422228_n_1080-1024x1024.jpg 1024w, https:\/\/www.sanremoliveandlove.it\/wp-content\/uploads\/2025\/01\/Snapinst.app_474914394_18069509293745549_6758528543997422228_n_1080-300x300.jpg 300w, https:\/\/www.sanremoliveandlove.it\/wp-content\/uploads\/2025\/01\/Snapinst.app_474914394_18069509293745549_6758528543997422228_n_1080-150x150.jpg 150w, https:\/\/www.sanremoliveandlove.it\/wp-content\/uploads\/2025\/01\/Snapinst.app_474914394_18069509293745549_6758528543997422228_n_1080-768x768.jpg 768w, https:\/\/www.sanremoliveandlove.it\/wp-content\/uploads\/2025\/01\/Snapinst.app_474914394_18069509293745549_6758528543997422228_n_1080.jpg 1080w\" sizes=\"auto, (max-width: 1024px) 100vw, 1024px\" \/><\/figure>\n\n\n\n<figure class=\"wp-block-image size-large\"><img loading=\"lazy\" decoding=\"async\" width=\"1024\" height=\"1024\" data-id=\"15998\" src=\"https:\/\/www.sanremoliveandlove.it\/wp-content\/uploads\/2025\/01\/Snapinst.app_474754628_18069509245745549_5397007951754884461_n_1080-1024x1024.jpg\" alt=\"\" class=\"wp-image-15998\" srcset=\"https:\/\/www.sanremoliveandlove.it\/wp-content\/uploads\/2025\/01\/Snapinst.app_474754628_18069509245745549_5397007951754884461_n_1080-1024x1024.jpg 1024w, https:\/\/www.sanremoliveandlove.it\/wp-content\/uploads\/2025\/01\/Snapinst.app_474754628_18069509245745549_5397007951754884461_n_1080-300x300.jpg 300w, https:\/\/www.sanremoliveandlove.it\/wp-content\/uploads\/2025\/01\/Snapinst.app_474754628_18069509245745549_5397007951754884461_n_1080-150x150.jpg 150w, https:\/\/www.sanremoliveandlove.it\/wp-content\/uploads\/2025\/01\/Snapinst.app_474754628_18069509245745549_5397007951754884461_n_1080-768x768.jpg 768w, https:\/\/www.sanremoliveandlove.it\/wp-content\/uploads\/2025\/01\/Snapinst.app_474754628_18069509245745549_5397007951754884461_n_1080.jpg 1080w\" sizes=\"auto, (max-width: 1024px) 100vw, 1024px\" \/><\/figure>\n<\/figure>\n\n\n\n<h4 class=\"wp-block-heading\"><strong>\ud835\udc7a\ud835\udc8a\ud835\udc8e\ud835\udc90\ud835\udc8f\ud835\udc86 \ud835\udc6a\ud835\udc93\ud835\udc8a\ud835\udc94\ud835\udc95\ud835\udc8a\ud835\udc84\ud835\udc84\ud835\udc89\ud835\udc8a \u2013 \ud835\udc78\ud835\udc96\ud835\udc82\ud835\udc8f\ud835\udc85\ud835\udc90 \ud835\udc94\ud835\udc82\ud835\udc93\ud835\udc82\ud835\udc8a \ud835\udc91\ud835\udc8a\ud835\udc84\ud835\udc84\ud835\udc90\ud835\udc8d\ud835\udc82<\/strong><\/h4>\n\n\n\n<p><strong>Abbinamento:<\/strong>\u00a0<em>Club Tenco<\/em><br>Pochi artisti incarnano lo spirito del Club Tenco come Simone Cristicchi, che torna a Sanremo con una ballata dedicata all\u2019infanzia e ai ricordi. Situato nell\u2019ex magazzino ferroviario della vecchia stazione, il Club \u00e8 un luogo iconico per chi ama la canzone d\u2019autore. Un omaggio alla storia della musica, proprio come la poetica di Cristicchi.<\/p>\n\n\n\n<figure class=\"wp-block-gallery has-nested-images columns-default is-cropped wp-block-gallery-3 is-layout-flex wp-block-gallery-is-layout-flex\">\n<figure class=\"wp-block-image size-large\"><img loading=\"lazy\" decoding=\"async\" width=\"1024\" height=\"1024\" data-id=\"16004\" src=\"https:\/\/www.sanremoliveandlove.it\/wp-content\/uploads\/2025\/01\/Snapinst.app_474830492_18069509263745549_2389035703868761910_n_1080-1024x1024.jpg\" alt=\"\" class=\"wp-image-16004\" srcset=\"https:\/\/www.sanremoliveandlove.it\/wp-content\/uploads\/2025\/01\/Snapinst.app_474830492_18069509263745549_2389035703868761910_n_1080-1024x1024.jpg 1024w, https:\/\/www.sanremoliveandlove.it\/wp-content\/uploads\/2025\/01\/Snapinst.app_474830492_18069509263745549_2389035703868761910_n_1080-300x300.jpg 300w, https:\/\/www.sanremoliveandlove.it\/wp-content\/uploads\/2025\/01\/Snapinst.app_474830492_18069509263745549_2389035703868761910_n_1080-150x150.jpg 150w, https:\/\/www.sanremoliveandlove.it\/wp-content\/uploads\/2025\/01\/Snapinst.app_474830492_18069509263745549_2389035703868761910_n_1080-768x768.jpg 768w, https:\/\/www.sanremoliveandlove.it\/wp-content\/uploads\/2025\/01\/Snapinst.app_474830492_18069509263745549_2389035703868761910_n_1080.jpg 1080w\" sizes=\"auto, (max-width: 1024px) 100vw, 1024px\" \/><\/figure>\n\n\n\n<figure class=\"wp-block-image size-large\"><img loading=\"lazy\" decoding=\"async\" width=\"1024\" height=\"1024\" data-id=\"16005\" src=\"https:\/\/www.sanremoliveandlove.it\/wp-content\/uploads\/2025\/01\/Snapinst.app_473822395_18069509272745549_3093102547152311924_n_1080-1024x1024.jpg\" alt=\"\" class=\"wp-image-16005\" srcset=\"https:\/\/www.sanremoliveandlove.it\/wp-content\/uploads\/2025\/01\/Snapinst.app_473822395_18069509272745549_3093102547152311924_n_1080-1024x1024.jpg 1024w, https:\/\/www.sanremoliveandlove.it\/wp-content\/uploads\/2025\/01\/Snapinst.app_473822395_18069509272745549_3093102547152311924_n_1080-300x300.jpg 300w, https:\/\/www.sanremoliveandlove.it\/wp-content\/uploads\/2025\/01\/Snapinst.app_473822395_18069509272745549_3093102547152311924_n_1080-150x150.jpg 150w, https:\/\/www.sanremoliveandlove.it\/wp-content\/uploads\/2025\/01\/Snapinst.app_473822395_18069509272745549_3093102547152311924_n_1080-768x768.jpg 768w, https:\/\/www.sanremoliveandlove.it\/wp-content\/uploads\/2025\/01\/Snapinst.app_473822395_18069509272745549_3093102547152311924_n_1080.jpg 1080w\" sizes=\"auto, (max-width: 1024px) 100vw, 1024px\" \/><\/figure>\n<\/figure>\n\n\n\n<h4 class=\"wp-block-heading\"><strong>\ud835\udc71\ud835\udc90\ud835\udc82\ud835\udc8f \ud835\udc7b\ud835\udc89\ud835\udc8a\ud835\udc86\ud835\udc8d\ud835\udc86 \u2013 \ud835\udc6c\ud835\udc84\ud835\udc90<\/strong><\/h4>\n\n\n\n<p><strong>Abbinamento:<\/strong>\u00a0<em>Via Palazzo<\/em><br>Joan Thiele, giovane e sofisticata, trova la sua ispirazione in Via Palazzo, una delle vie pi\u00f9 pittoresche e vivaci di Sanremo. Tra boutique, negozi di artigianato e gustose sardenaira, questa strada rappresenta il mix di tradizione e modernit\u00e0 che si riflette nella sua musica. Una passeggiata qui \u00e8 un\u2019esperienza unica, proprio come il suo brano.<\/p>\n\n\n\n<figure class=\"wp-block-gallery has-nested-images columns-default is-cropped wp-block-gallery-4 is-layout-flex wp-block-gallery-is-layout-flex\">\n<figure class=\"wp-block-image size-large\"><img loading=\"lazy\" decoding=\"async\" width=\"1024\" height=\"1024\" data-id=\"16011\" src=\"https:\/\/www.sanremoliveandlove.it\/wp-content\/uploads\/2025\/01\/Snapinst.app_473885820_18069509311745549_7095932544366405482_n_1080-1024x1024.jpg\" alt=\"\" class=\"wp-image-16011\" srcset=\"https:\/\/www.sanremoliveandlove.it\/wp-content\/uploads\/2025\/01\/Snapinst.app_473885820_18069509311745549_7095932544366405482_n_1080-1024x1024.jpg 1024w, https:\/\/www.sanremoliveandlove.it\/wp-content\/uploads\/2025\/01\/Snapinst.app_473885820_18069509311745549_7095932544366405482_n_1080-300x300.jpg 300w, https:\/\/www.sanremoliveandlove.it\/wp-content\/uploads\/2025\/01\/Snapinst.app_473885820_18069509311745549_7095932544366405482_n_1080-150x150.jpg 150w, https:\/\/www.sanremoliveandlove.it\/wp-content\/uploads\/2025\/01\/Snapinst.app_473885820_18069509311745549_7095932544366405482_n_1080-768x768.jpg 768w, https:\/\/www.sanremoliveandlove.it\/wp-content\/uploads\/2025\/01\/Snapinst.app_473885820_18069509311745549_7095932544366405482_n_1080.jpg 1080w\" sizes=\"auto, (max-width: 1024px) 100vw, 1024px\" \/><\/figure>\n\n\n\n<figure class=\"wp-block-image size-large\"><img loading=\"lazy\" decoding=\"async\" width=\"1024\" height=\"1024\" data-id=\"16010\" src=\"https:\/\/www.sanremoliveandlove.it\/wp-content\/uploads\/2025\/01\/Snapinst.app_473829342_18069509329745549_8030870604877124052_n_1080-1024x1024.jpg\" alt=\"\" class=\"wp-image-16010\" srcset=\"https:\/\/www.sanremoliveandlove.it\/wp-content\/uploads\/2025\/01\/Snapinst.app_473829342_18069509329745549_8030870604877124052_n_1080-1024x1024.jpg 1024w, https:\/\/www.sanremoliveandlove.it\/wp-content\/uploads\/2025\/01\/Snapinst.app_473829342_18069509329745549_8030870604877124052_n_1080-300x300.jpg 300w, https:\/\/www.sanremoliveandlove.it\/wp-content\/uploads\/2025\/01\/Snapinst.app_473829342_18069509329745549_8030870604877124052_n_1080-150x150.jpg 150w, https:\/\/www.sanremoliveandlove.it\/wp-content\/uploads\/2025\/01\/Snapinst.app_473829342_18069509329745549_8030870604877124052_n_1080-768x768.jpg 768w, https:\/\/www.sanremoliveandlove.it\/wp-content\/uploads\/2025\/01\/Snapinst.app_473829342_18069509329745549_8030870604877124052_n_1080.jpg 1080w\" sizes=\"auto, (max-width: 1024px) 100vw, 1024px\" \/><\/figure>\n<\/figure>\n\n\n\n<h4 class=\"wp-block-heading\"><strong>\ud835\udc7b\ud835\udc89\ud835\udc86 \ud835\udc72\ud835\udc90\ud835\udc8d\ud835\udc90\ud835\udc93\ud835\udc94 \u2013 \ud835\udc7b\ud835\udc96 \ud835\udc84\ud835\udc90\ud835\udc8f \ud835\udc84\ud835\udc89\ud835\udc8a \ud835\udc87\ud835\udc82\ud835\udc8a \ud835\udc8d\u2019\ud835\udc82\ud835\udc8e\ud835\udc90\ud835\udc93\ud835\udc86<\/strong><\/h4>\n\n\n\n<p><strong>Abbinamento:<\/strong>\u00a0<em>Pian di Nave<\/em><br>I The Kolors tornano a Sanremo con tutta la loro energia e non potevamo che abbinarli a Pian di Nave. Questo spazio all\u2019aperto, che guarda il mare, li ha visti protagonisti di indimenticabili concerti di Capodanno e delle estati passate. Un luogo dove la musica si mescola alla brezza marina, perfetto per una band che sa come far scatenare il pubblico.<\/p>\n\n\n\n<figure class=\"wp-block-gallery has-nested-images columns-default is-cropped wp-block-gallery-5 is-layout-flex wp-block-gallery-is-layout-flex\">\n<figure class=\"wp-block-image size-large\"><img loading=\"lazy\" decoding=\"async\" width=\"1024\" height=\"1024\" data-id=\"16020\" src=\"https:\/\/www.sanremoliveandlove.it\/wp-content\/uploads\/2025\/01\/Snapinst.app_474618758_18069509302745549_7459583662251638887_n_1080-1-1024x1024.jpg\" alt=\"\" class=\"wp-image-16020\" srcset=\"https:\/\/www.sanremoliveandlove.it\/wp-content\/uploads\/2025\/01\/Snapinst.app_474618758_18069509302745549_7459583662251638887_n_1080-1-1024x1024.jpg 1024w, https:\/\/www.sanremoliveandlove.it\/wp-content\/uploads\/2025\/01\/Snapinst.app_474618758_18069509302745549_7459583662251638887_n_1080-1-300x300.jpg 300w, https:\/\/www.sanremoliveandlove.it\/wp-content\/uploads\/2025\/01\/Snapinst.app_474618758_18069509302745549_7459583662251638887_n_1080-1-150x150.jpg 150w, https:\/\/www.sanremoliveandlove.it\/wp-content\/uploads\/2025\/01\/Snapinst.app_474618758_18069509302745549_7459583662251638887_n_1080-1-768x768.jpg 768w, https:\/\/www.sanremoliveandlove.it\/wp-content\/uploads\/2025\/01\/Snapinst.app_474618758_18069509302745549_7459583662251638887_n_1080-1.jpg 1080w\" sizes=\"auto, (max-width: 1024px) 100vw, 1024px\" \/><\/figure>\n\n\n\n<figure class=\"wp-block-image size-large\"><img loading=\"lazy\" decoding=\"async\" width=\"1024\" height=\"1024\" data-id=\"16016\" src=\"https:\/\/www.sanremoliveandlove.it\/wp-content\/uploads\/2025\/01\/Snapinst.app_474560139_18069509320745549_945306143724656194_n_1080-1024x1024.jpg\" alt=\"\" class=\"wp-image-16016\" srcset=\"https:\/\/www.sanremoliveandlove.it\/wp-content\/uploads\/2025\/01\/Snapinst.app_474560139_18069509320745549_945306143724656194_n_1080-1024x1024.jpg 1024w, https:\/\/www.sanremoliveandlove.it\/wp-content\/uploads\/2025\/01\/Snapinst.app_474560139_18069509320745549_945306143724656194_n_1080-300x300.jpg 300w, https:\/\/www.sanremoliveandlove.it\/wp-content\/uploads\/2025\/01\/Snapinst.app_474560139_18069509320745549_945306143724656194_n_1080-150x150.jpg 150w, https:\/\/www.sanremoliveandlove.it\/wp-content\/uploads\/2025\/01\/Snapinst.app_474560139_18069509320745549_945306143724656194_n_1080-768x768.jpg 768w, https:\/\/www.sanremoliveandlove.it\/wp-content\/uploads\/2025\/01\/Snapinst.app_474560139_18069509320745549_945306143724656194_n_1080.jpg 1080w\" sizes=\"auto, (max-width: 1024px) 100vw, 1024px\" \/><\/figure>\n<\/figure>\n\n\n\n<h4 class=\"wp-block-heading\"><strong>\ud835\udc69\ud835\udc93\ud835\udc86\ud835\udc94\ud835\udc89 \u2013 \ud835\udc73\ud835\udc82 \ud835\udc7b\ud835\udc82\ud835\udc8f\ud835\udc82 \ud835\udc85\ud835\udc86\ud835\udc8d \ud835\udc88\ud835\udc93\ud835\udc82\ud835\udc8f\ud835\udc84\ud835\udc89\ud835\udc8a\ud835\udc90<\/strong><\/h4>\n\n\n\n<p><strong>Abbinamento:<\/strong>\u00a0<em>Monumento a Garibaldi<\/em><br>Per il rapper ligure Bresh, il legame con la terra d\u2019origine \u00e8 imprescindibile. E quale miglior simbolo se non il Monumento a Garibaldi? La storia del giovane eroe dei due mondi, che trov\u00f2 in Sanremo il suo primo maestro di navigazione, richiama l\u2019importanza delle radici e delle persone che ci aiutano a crescere. Un messaggio potente, proprio come la musica di Bresh<\/p>\n\n\n\n<p>Sanremo non \u00e8 solo il palco dell\u2019Ariston, ma un universo di luoghi, sapori e storie che si intrecciano con l\u2019arte e la musica. <a href=\"https:\/\/www.sanremoliveandlove.it\/fr\/\">Continuate a seguirci<\/a> per scoprire tutti i big di questa emozionante edizione 2025! \ud83c\udfb6\ud83c\udf39<\/p>\n","protected":false},"excerpt":{"rendered":"<p>La magia del Festival di Sanremo non \u00e8 solo nella musica, ma anche nel legame unico con la citt\u00e0 che lo ospita. Per questa edizione 2025, abbiamo deciso di rendere omaggio alla nostra Sanremo abbinando ogni artista a un luogo, un cibo o un fiore che rappresenta la bellezza e l\u2019anima della nostra citt\u00e0. Oggi<\/p>\n","protected":false},"author":3,"featured_media":16025,"comment_status":"closed","ping_status":"closed","sticky":false,"template":"","format":"standard","meta":{"_acf_changed":false,"footnotes":""},"categories":[369],"tags":[713,666],"class_list":["post-16028","post","type-post","status-publish","format-standard","has-post-thumbnail","hentry","category-news-fr","tag-big-fr","tag-sanremo-2025-fr"],"acf":[],"_links":{"self":[{"href":"https:\/\/www.sanremoliveandlove.it\/fr\/wp-json\/wp\/v2\/posts\/16028","targetHints":{"allow":["GET"]}}],"collection":[{"href":"https:\/\/www.sanremoliveandlove.it\/fr\/wp-json\/wp\/v2\/posts"}],"about":[{"href":"https:\/\/www.sanremoliveandlove.it\/fr\/wp-json\/wp\/v2\/types\/post"}],"author":[{"embeddable":true,"href":"https:\/\/www.sanremoliveandlove.it\/fr\/wp-json\/wp\/v2\/users\/3"}],"replies":[{"embeddable":true,"href":"https:\/\/www.sanremoliveandlove.it\/fr\/wp-json\/wp\/v2\/comments?post=16028"}],"version-history":[{"count":0,"href":"https:\/\/www.sanremoliveandlove.it\/fr\/wp-json\/wp\/v2\/posts\/16028\/revisions"}],"wp:featuredmedia":[{"embeddable":true,"href":"https:\/\/www.sanremoliveandlove.it\/fr\/wp-json\/wp\/v2\/media\/16025"}],"wp:attachment":[{"href":"https:\/\/www.sanremoliveandlove.it\/fr\/wp-json\/wp\/v2\/media?parent=16028"}],"wp:term":[{"taxonomy":"category","embeddable":true,"href":"https:\/\/www.sanremoliveandlove.it\/fr\/wp-json\/wp\/v2\/categories?post=16028"},{"taxonomy":"post_tag","embeddable":true,"href":"https:\/\/www.sanremoliveandlove.it\/fr\/wp-json\/wp\/v2\/tags?post=16028"}],"curies":[{"name":"wp","href":"https:\/\/api.w.org\/{rel}","templated":true}]}}