{"id":15702,"date":"2025-01-15T09:02:52","date_gmt":"2025-01-15T08:02:52","guid":{"rendered":"https:\/\/www.sanremoliveandlove.it\/sanremo-2025-75-festival-della-canzone-italiana\/"},"modified":"2025-01-15T09:03:05","modified_gmt":"2025-01-15T08:03:05","slug":"sanremo-2025-75-festival-della-canzone-italiana","status":"publish","type":"post","link":"https:\/\/www.sanremoliveandlove.it\/fr\/sanremo-2025-75-festival-della-canzone-italiana\/","title":{"rendered":"Sanremo 2025. 75\u00b0 Festival della Canzone italiana"},"content":{"rendered":"\n<h2 class=\"wp-block-heading\">Sanremo 2025<\/h2>\n\n\n\n<p><img loading=\"lazy\" decoding=\"async\" height=\"16\" width=\"16\" src=\"https:\/\/static.xx.fbcdn.net\/images\/emoji.php\/v9\/tbe\/2\/16\/1f3b6.png\" alt=\"\ud83c\udfb6\">\u00a075\u00ba Festival di Sanremo\u00a0<img loading=\"lazy\" decoding=\"async\" height=\"16\" width=\"16\" src=\"https:\/\/static.xx.fbcdn.net\/images\/emoji.php\/v9\/tbe\/2\/16\/1f3b6.png\" alt=\"\ud83c\udfb6\"><br><img loading=\"lazy\" decoding=\"async\" height=\"16\" width=\"16\" src=\"https:\/\/static.xx.fbcdn.net\/images\/emoji.php\/v9\/t1d\/2\/16\/1f4c5.png\" alt=\"\ud83d\udcc5\">\u00a0Dall&rsquo;11 al 15 febbraio 2025<br><img loading=\"lazy\" decoding=\"async\" height=\"16\" width=\"16\" src=\"https:\/\/static.xx.fbcdn.net\/images\/emoji.php\/v9\/tcc\/2\/16\/1f4cd.png\" alt=\"\ud83d\udccd\">\u00a0Teatro Ariston, Sanremo<\/p>\n\n\n\n<p><img loading=\"lazy\" decoding=\"async\" height=\"16\" width=\"16\" alt=\"\ud83c\udf1f\" src=\"https:\/\/static.xx.fbcdn.net\/images\/emoji.php\/v9\/t7f\/2\/16\/1f31f.png\">&nbsp;La magia della musica italiana torna al Teatro Ariston per la 75\u00aa edizione del Festival di Sanremo!<br>Cinque serate imperdibili, condotte dal brillante Carlo Conti affiancato da co-conduttori d&rsquo;eccezione (che saranno svelati presto!). In finale, salir\u00e0 sul palco anche Alessandro Cattelan, gi\u00e0 conduttore di Sanremo Giovani.<\/p>\n\n\n\n<p><img loading=\"lazy\" decoding=\"async\" height=\"16\" width=\"16\" alt=\"\ud83c\udfa4\" src=\"https:\/\/static.xx.fbcdn.net\/images\/emoji.php\/v9\/t1d\/2\/16\/1f3a4.png\">&nbsp;In gara 30 artisti Big con brani che promettono di emozionare il pubblico e farci innamorare ancora una volta della musica italiana. Dall&rsquo;energia di Achille Lauro e Elodie alla poesia di Simone Cristicchi e Brunori Sas, passando per le nuove sonorit\u00e0 di Rkomi, Coma_Cose, e molti altri.<\/p>\n\n\n\n<p><img loading=\"lazy\" decoding=\"async\" height=\"16\" width=\"16\" alt=\"\ud83c\udf31\" src=\"https:\/\/static.xx.fbcdn.net\/images\/emoji.php\/v9\/t8\/2\/16\/1f331.png\">&nbsp;Sanremo Giovani e Area Sanremo porteranno sul palco giovani talenti pronti a conquistare il pubblico con brani freschi e innovativi.<\/p>\n\n\n\n<p><img loading=\"lazy\" decoding=\"async\" height=\"16\" width=\"16\" alt=\"\ud83d\udcfa\" src=\"https:\/\/static.xx.fbcdn.net\/images\/emoji.php\/v9\/t26\/2\/16\/1f4fa.png\">&nbsp;PrimaFestival e DopoFestival<br>Prima di ogni serata, lasciati guidare da Bianca Guaccero, Gabriele Corsi e Maria Sole Pollio nel mondo di Sanremo con curiosit\u00e0 e anticipazioni. E per i pi\u00f9 nottambuli, c&rsquo;\u00e8 il DopoFestival con il tocco ironico e sagace di Alessandro Cattelan.<\/p>\n\n\n\n<p><img loading=\"lazy\" decoding=\"async\" height=\"16\" width=\"16\" alt=\"\u2728\" src=\"https:\/\/static.xx.fbcdn.net\/images\/emoji.php\/v9\/t75\/2\/16\/2728.png\">&nbsp;Ospiti e sorprese?<br>Restate sintonizzati per scoprire gli artisti nazionali e internazionali che impreziosiranno il palco di questa edizione!<\/p>\n\n\n\n<p><img loading=\"lazy\" decoding=\"async\" height=\"16\" width=\"16\" alt=\"\ud83c\udf08\" src=\"https:\/\/static.xx.fbcdn.net\/images\/emoji.php\/v9\/tb2\/2\/16\/1f308.png\">&nbsp;Sanremo non \u00e8 solo musica: la citt\u00e0 si trasformer\u00e0 in una festa a cielo aperto, con eventi, performance e iniziative che animeranno le sue strade per coinvolgere il pubblico in loco.<\/p>\n\n\n\n<p><img loading=\"lazy\" decoding=\"async\" height=\"16\" width=\"16\" alt=\"\ud83d\udce2\" src=\"https:\/\/static.xx.fbcdn.net\/images\/emoji.php\/v9\/td8\/2\/16\/1f4e2.png\">&nbsp;Non perdere l\u2019appuntamento con la settimana pi\u00f9 attesa dell\u2019anno!<br><img loading=\"lazy\" decoding=\"async\" height=\"16\" width=\"16\" alt=\"\ud83c\udf9f\ufe0f\" src=\"https:\/\/static.xx.fbcdn.net\/images\/emoji.php\/v9\/t77\/2\/16\/1f39f.png\">&nbsp;Seguici per rimanere aggiornato!<\/p>\n","protected":false},"excerpt":{"rendered":"<p>Sanremo 2025 \u00a075\u00ba Festival di Sanremo\u00a0\u00a0Dall&rsquo;11 al 15 febbraio 2025\u00a0Teatro Ariston, Sanremo &nbsp;La magia della musica italiana torna al Teatro Ariston per la 75\u00aa edizione del Festival di Sanremo!Cinque serate imperdibili, condotte dal brillante Carlo Conti affiancato da co-conduttori d&rsquo;eccezione (che saranno svelati presto!). In finale, salir\u00e0 sul palco anche Alessandro Cattelan, gi\u00e0 conduttore di<\/p>\n","protected":false},"author":3,"featured_media":15699,"comment_status":"closed","ping_status":"closed","sticky":false,"template":"","format":"standard","meta":{"_acf_changed":false,"footnotes":""},"categories":[24],"tags":[666],"class_list":["post-15702","post","type-post","status-publish","format-standard","has-post-thumbnail","hentry","category-evenements","tag-sanremo-2025-fr"],"acf":[],"_links":{"self":[{"href":"https:\/\/www.sanremoliveandlove.it\/fr\/wp-json\/wp\/v2\/posts\/15702","targetHints":{"allow":["GET"]}}],"collection":[{"href":"https:\/\/www.sanremoliveandlove.it\/fr\/wp-json\/wp\/v2\/posts"}],"about":[{"href":"https:\/\/www.sanremoliveandlove.it\/fr\/wp-json\/wp\/v2\/types\/post"}],"author":[{"embeddable":true,"href":"https:\/\/www.sanremoliveandlove.it\/fr\/wp-json\/wp\/v2\/users\/3"}],"replies":[{"embeddable":true,"href":"https:\/\/www.sanremoliveandlove.it\/fr\/wp-json\/wp\/v2\/comments?post=15702"}],"version-history":[{"count":1,"href":"https:\/\/www.sanremoliveandlove.it\/fr\/wp-json\/wp\/v2\/posts\/15702\/revisions"}],"predecessor-version":[{"id":15704,"href":"https:\/\/www.sanremoliveandlove.it\/fr\/wp-json\/wp\/v2\/posts\/15702\/revisions\/15704"}],"wp:featuredmedia":[{"embeddable":true,"href":"https:\/\/www.sanremoliveandlove.it\/fr\/wp-json\/wp\/v2\/media\/15699"}],"wp:attachment":[{"href":"https:\/\/www.sanremoliveandlove.it\/fr\/wp-json\/wp\/v2\/media?parent=15702"}],"wp:term":[{"taxonomy":"category","embeddable":true,"href":"https:\/\/www.sanremoliveandlove.it\/fr\/wp-json\/wp\/v2\/categories?post=15702"},{"taxonomy":"post_tag","embeddable":true,"href":"https:\/\/www.sanremoliveandlove.it\/fr\/wp-json\/wp\/v2\/tags?post=15702"}],"curies":[{"name":"wp","href":"https:\/\/api.w.org\/{rel}","templated":true}]}}