{"id":4469,"date":"2022-05-18T15:01:53","date_gmt":"2022-05-18T13:01:53","guid":{"rendered":"https:\/\/www.sanremoliveandlove.it\/giro-italia\/"},"modified":"2022-05-18T15:03:00","modified_gmt":"2022-05-18T13:03:00","slug":"giro-italia","status":"publish","type":"post","link":"https:\/\/www.sanremoliveandlove.it\/en\/giro-italia\/","title":{"rendered":"Giro d&#8217;Italia: venerd\u00ec 20 maggio Sanremo si tinger\u00e0 di rosa dopo 7 anni."},"content":{"rendered":"\n<h2 class=\"wp-block-heading\">Per il Giro d&#8217;Italia sono stati preparati divieti di transito e sosta in diverse zone della citt\u00e0.<\/h2>\n\n\n\n<p><strong>Dopo 7 anni<\/strong>&nbsp;la carovana del giro torna in citt\u00e0. Nel 2015 era sicuramente un\u2019altra cosa visto che era la \u2018Grande partenza\u2019, con la presentazione delle squadre al Casin\u00f2, manifestazioni collaterali ovunque e, clou sportivo, la cronometro a squadre sulla pista ciclabile. Quest\u2019anno sembra \u2018solo\u2019 una partenza di tappa ma \u00e8 comunque un altro \u2018spot\u2019 mediatico importantissimo per Sanremo, che andr\u00e0 in tutto il mondo grazie ai paesi collegati con il giro&nbsp; e con le immagini della citt\u00e0 dei fiori e dell\u2019intera provincia, visto che la diretta sulla Rai e su Eurosport \u00e8 praticamente integrale.<\/p>\n\n\n\n<p>La&nbsp;<strong>tredicesima tappa della \u2018Corsa rosa\u2019&nbsp;<\/strong>partir\u00e0 venerd\u00ec alle 13.20 con il Villaggio aperto dalle 11 e la presentazione delle squadre dalle 12.30. I partecipanti sfileranno lungo la ciclabile, partendo dall&#8217;ex stazione ferroviaria per arrivare sino all&#8217;ex passaggio livello dei Tre Ponti: qui si immetteranno sull&#8217;Aurelia e raggiungeranno il Km 0, ovvero la rotonda del bivio per Bussana da dove poi partir\u00e0 la tappa.<\/p>\n\n\n\n<p><em>&#8220;La Corsa Rosa torna a Sanremo dopo la grande partenza del 2015 &#8211;<\/em>commentano il sindaco&nbsp;<strong>Alberto Biancheri<\/strong>&nbsp;e l&#8217;assessore al turismo&nbsp;<strong>Giuseppe Faraldi<\/strong>&nbsp;&#8211;&nbsp;<em>e la nostra citt\u00e0 sar\u00e0 nuovamente protagonista di uno straordinario veicolo d\u00ec promozione turistica. Abbiamo lavorato molto in questi anni per promuovere Sanremo come destinazione cicloturistica ed essere presenti anche al Giro d&#8217;Italia ha un significato davvero importante. Un ringraziamento a Regione Liguria, il cui contributo permette di rendere speciale questa tappa&#8221;.<\/em><\/p>\n\n\n\n<p><em>&#8220;Portare a Sanremo la partenza del Giro d&#8217;Italia &#8211;&nbsp;<\/em>commenta l&#8217;assessore al turismo di Regione Liguria Gianni Berrino&nbsp;<em>&#8211; conferma come la Liguria stia vivendo una nuova stagione di rinascita nel turismo e nei grandi eventi vantando un &#8216;ospitalit\u00e0 di primo livello. Le immagini di Sanremo e della Provincia di Imperia attraversata dal Giro D&#8217;Italia arriveranno a tutti gli appassionati, in Italia e nel mondo e saranno un concentrato di tutto quello che questa terra ha da offrire, della variet\u00e0 straordinaria dei suoi paesaggi e, quindi, delle tante opportunit\u00e0 che pu\u00f2 proporre ai turisti amanti dell&#8217;outdoor. Una grande opportunit\u00e0 per valorizzare e promuovere Sanremo e la Riviera dei Fiori, tra il blu del mare e il green del nostro entroterra con la bellezza del Parco delle Alpi liguri e i riconoscimenti della Foundation for Environmental Education delle Bandiere Blu&#8221;.&nbsp;<\/em><\/p>\n\n\n\n<p><strong>Sanremo<\/strong>&nbsp;si prepara ad accogliere quest&#8217;importante occasione di promozione con le seguenti iniziative: la&nbsp;<strong>pista ciclabile<\/strong>, grazie ad Amaie Energia, sar\u00e0 addobbata con stendardi del Giro in alcuni tratti compresi tra la stazione ferroviaria e il Sud Est; i pennoni del Giro saranno collocati anche nella zona portuale. Inoltre, in&nbsp;<strong>piazzale Carlo Dapporto&nbsp;<\/strong>verr\u00e0 realizzato il villaggio con l&#8217;hospitality, dove si svolger\u00e0 la presentazione ufficiale delle squadre alla presenza delle scuole. In quell&#8217;occasione verranno consegnate le bandierine del Giro agli studenti presenti. Infine, le bandiere del Giro sono state collocate anche nella centralissima via Matteotti.<\/p>\n\n\n\n<p><strong>L&#8217;investimento&nbsp;<\/strong>della Regione Liguria per portare il Giro d&#8217;Italia \u00e8 stato di circa 250mila euro mentre, da parte del Comune di Sanremo \u00e8 stato di circa 40mila pi\u00f9 10mila di Amaie Energia. La carovana del giro \u00e8 di circa 1.500 persone, la maggior parte delle quali dormiranno domani sera nel comprensorio.<\/p>\n\n\n\n<p>Fino al 5 giugno \u00e8 visitabile&nbsp;<strong>&#8220;Dal Velocipede alla Bicicletta da Corsa&#8221;<\/strong>, la mostra di biciclette storiche allestita al Forte di Santa Tecla (collezione privata On the Bicycle, appartenente a Beatrice Cozzi Parodi, presidente dell&#8217;omonimo Gruppo). La mostra rimarr\u00e0 aperta tutti i giorni, escluso il luned\u00ec, dalle 10.30 alle 13 e dalle 15.30 alle 18 (ingresso intero 4 euro, ridotto 2 euro, per i giovani tra i 18 ed i 25 anni, gratuito per i minori di 18 anni).&nbsp;<\/p>\n\n\n\n<p>Ovviamente per accogliere al meglio il&nbsp;<strong>\u2018Giro\u2019<\/strong>&nbsp;ci sono anche alcuni&nbsp;<strong>disagi da sopportare<\/strong>&nbsp;e, come sempre, sono stati preparati&nbsp;<strong>divieti di transito e sosta<\/strong>in diverse zone della citt\u00e0.<\/p>\n\n\n\n<p>Sar\u00e0 vietato il transito e la sosta in piazzale&nbsp;<strong>Carlo Dapporto, lungomare Calvino e via Rava<\/strong>, con la rimozione forzata dei veicoli, da questa sera alle 19 a venerd\u00ec sera alle 20. La zona sar\u00e0 infatti riservata alle strutture, ai mezzi necessari per l\u2019allestimento della partenza e ai veicoli al seguito della corsa.<\/p>\n\n\n\n<p>Per quanto riguarda la&nbsp;<strong>pista ciclabile<\/strong>&nbsp;sar\u00e0 vietato il transito, sia ai pedoni che ai mezzi, tra piazzale Carlo Dapporto (compreso) e l\u2019intersezione con via Nino Bixio, tra le 19 di oggi e le 20 di venerd\u00ec.&nbsp;<\/p>\n\n\n\n<p>Divieto di transito e sosta in&nbsp;<strong>via Nino Bixio<\/strong>&nbsp;nel giorno della partenza, tra le 6 del mattino e le 15 (i titolari di un posto auto sono derogati al divieto di transito fino alle 12). La zona portuale sar\u00e0 accessibile dal sottopasso Croce Rossa.<\/p>\n\n\n\n<p>Divieto di transito e sosta ai&nbsp;<strong>giardini Vittorio Veneto<\/strong>&nbsp;su ambo i lati della carreggiata lato mare, con rimozione forzata a tutti i veicoli, dalle 6 alle 15 di venerd\u00ec (anche in questo caso i titolari di posto auto nella zona sono derogati al divieto di transito fino alle 12).<\/p>\n\n\n\n<p>Divieto di sosta per le moto in&nbsp;<strong>piazza Cesare Battisti<\/strong>, nell\u2019ex deposito merci della stazione e&nbsp;<strong>all\u2019ex pesa pubblica<\/strong>&nbsp;di&nbsp;<strong>via Roma<\/strong>, in corrispondenza dell\u2019intersezione con via Nino Bixio, dalle 6 alle 15 di venerd\u00ec.<\/p>\n\n\n\n<p>Divieto di sosta anche in\u00a0<strong>strada Tre Ponti<\/strong>, dall\u2019intersezione pista ciclabile a quella con corso Mazzini e nella stessa via, dal civico 15 all\u2019accesso Est dello stadio \u2018Comunale\u2019 (ambo i lati) dalle 6 alle 15 di venerd\u00ec. Sar\u00e0 sospesa la circolazione di pedoni e mezzi sulla\u00a0<strong>pista ciclabile<\/strong>, tra via Nino Bixio e l\u2019intersezione di strada Tre Ponti, dalle 12 alla fine del transito della corsa, nella giornata di venerd\u00ec.<\/p>\n\n\n\n<p>Fonte: Comunicato Stampa<\/p>\n","protected":false},"excerpt":{"rendered":"<p>Per il Giro d&#8217;Italia sono stati preparati divieti di transito e sosta in diverse zone della citt\u00e0. Dopo 7 anni&nbsp;la carovana del giro torna in citt\u00e0. Nel 2015 era sicuramente un\u2019altra cosa visto che era la \u2018Grande partenza\u2019, con la presentazione delle squadre al Casin\u00f2, manifestazioni collaterali ovunque e, clou sportivo, la cronometro a squadre<\/p>\n","protected":false},"author":3,"featured_media":4466,"comment_status":"closed","ping_status":"closed","sticky":false,"template":"","format":"standard","meta":{"_acf_changed":false,"footnotes":""},"categories":[368],"tags":[429,445,68],"class_list":["post-4469","post","type-post","status-publish","format-standard","has-post-thumbnail","hentry","category-news-en","tag-ciclismo-en","tag-giro-ditalia-en","tag-sanremo-en"],"acf":[],"_links":{"self":[{"href":"https:\/\/www.sanremoliveandlove.it\/en\/wp-json\/wp\/v2\/posts\/4469","targetHints":{"allow":["GET"]}}],"collection":[{"href":"https:\/\/www.sanremoliveandlove.it\/en\/wp-json\/wp\/v2\/posts"}],"about":[{"href":"https:\/\/www.sanremoliveandlove.it\/en\/wp-json\/wp\/v2\/types\/post"}],"author":[{"embeddable":true,"href":"https:\/\/www.sanremoliveandlove.it\/en\/wp-json\/wp\/v2\/users\/3"}],"replies":[{"embeddable":true,"href":"https:\/\/www.sanremoliveandlove.it\/en\/wp-json\/wp\/v2\/comments?post=4469"}],"version-history":[{"count":1,"href":"https:\/\/www.sanremoliveandlove.it\/en\/wp-json\/wp\/v2\/posts\/4469\/revisions"}],"predecessor-version":[{"id":4471,"href":"https:\/\/www.sanremoliveandlove.it\/en\/wp-json\/wp\/v2\/posts\/4469\/revisions\/4471"}],"wp:featuredmedia":[{"embeddable":true,"href":"https:\/\/www.sanremoliveandlove.it\/en\/wp-json\/wp\/v2\/media\/4466"}],"wp:attachment":[{"href":"https:\/\/www.sanremoliveandlove.it\/en\/wp-json\/wp\/v2\/media?parent=4469"}],"wp:term":[{"taxonomy":"category","embeddable":true,"href":"https:\/\/www.sanremoliveandlove.it\/en\/wp-json\/wp\/v2\/categories?post=4469"},{"taxonomy":"post_tag","embeddable":true,"href":"https:\/\/www.sanremoliveandlove.it\/en\/wp-json\/wp\/v2\/tags?post=4469"}],"curies":[{"name":"wp","href":"https:\/\/api.w.org\/{rel}","templated":true}]}}