{"id":4334,"date":"2022-04-28T16:01:15","date_gmt":"2022-04-28T14:01:15","guid":{"rendered":"https:\/\/www.sanremoliveandlove.it\/porsche\/"},"modified":"2022-04-28T16:26:53","modified_gmt":"2022-04-28T14:26:53","slug":"porsche","status":"publish","type":"post","link":"https:\/\/www.sanremoliveandlove.it\/en\/porsche\/","title":{"rendered":"Sanremo nella campagna internazionale della nuova Porsche Panamera Platinum Edition\u00a0"},"content":{"rendered":"\n<h2 class=\"wp-block-heading\">Un&#8217;altra vetrina internazionale per Sanremo e le sue bellezze.&nbsp;<strong>Porsche<\/strong>&nbsp;ha scelto la Citt\u00e0 dei Fiori per la campagna internazionale dedicata alla nuova&nbsp;<strong>Panamera Platinum Edition<\/strong>.<\/h2>\n\n\n\n<p>Su tutti i siti di settore compaiono le foto della nuova vettura tedesca scattate sul molo di Porto Sole, con la citt\u00e0 sullo sfondo.&nbsp;<br>Vero \u00e8 che Sanremo gode ogni anno di una continua esposizione mediatica grazie ai tanti eventi che la vedono protagonista, ma \u00e8 altrettanto vero che una partnership in pi\u00f9 non pu\u00f2 che giovare all&#8217;immagine della citt\u00e0 su scala nazionale e internazionale, specie su un target di livello come quello di Porsche.<\/p>\n\n\n\n<figure class=\"wp-block-gallery has-nested-images columns-default is-cropped wp-block-gallery-1 is-layout-flex wp-block-gallery-is-layout-flex\">\n<figure class=\"wp-block-image size-full\"><img loading=\"lazy\" decoding=\"async\" width=\"458\" height=\"275\" data-id=\"4330\" src=\"https:\/\/www.sanremoliveandlove.it\/wp-content\/uploads\/2022\/04\/Porsche_Panamera_4.jpg\" alt=\"\" class=\"wp-image-4330\" srcset=\"https:\/\/www.sanremoliveandlove.it\/wp-content\/uploads\/2022\/04\/Porsche_Panamera_4.jpg 458w, https:\/\/www.sanremoliveandlove.it\/wp-content\/uploads\/2022\/04\/Porsche_Panamera_4-300x180.jpg 300w\" sizes=\"auto, (max-width: 458px) 100vw, 458px\" \/><\/figure>\n\n\n\n<figure class=\"wp-block-image size-large\"><img loading=\"lazy\" decoding=\"async\" width=\"458\" height=\"275\" data-id=\"4331\" src=\"https:\/\/www.sanremoliveandlove.it\/wp-content\/uploads\/2022\/04\/Porsche_Panamera_3.jpg\" alt=\"\" class=\"wp-image-4331\" srcset=\"https:\/\/www.sanremoliveandlove.it\/wp-content\/uploads\/2022\/04\/Porsche_Panamera_3.jpg 458w, https:\/\/www.sanremoliveandlove.it\/wp-content\/uploads\/2022\/04\/Porsche_Panamera_3-300x180.jpg 300w\" sizes=\"auto, (max-width: 458px) 100vw, 458px\" \/><\/figure>\n\n\n\n<figure class=\"wp-block-image size-large\"><img loading=\"lazy\" decoding=\"async\" width=\"458\" height=\"275\" data-id=\"4326\" src=\"https:\/\/www.sanremoliveandlove.it\/wp-content\/uploads\/2022\/04\/Porsche_Panamera_2.jpg\" alt=\"\" class=\"wp-image-4326\" srcset=\"https:\/\/www.sanremoliveandlove.it\/wp-content\/uploads\/2022\/04\/Porsche_Panamera_2.jpg 458w, https:\/\/www.sanremoliveandlove.it\/wp-content\/uploads\/2022\/04\/Porsche_Panamera_2-300x180.jpg 300w\" sizes=\"auto, (max-width: 458px) 100vw, 458px\" \/><\/figure>\n\n\n\n<figure class=\"wp-block-image size-full\"><img loading=\"lazy\" decoding=\"async\" width=\"458\" height=\"275\" data-id=\"4329\" src=\"https:\/\/www.sanremoliveandlove.it\/wp-content\/uploads\/2022\/04\/Porsche_Panamera_1.jpg\" alt=\"\" class=\"wp-image-4329\" srcset=\"https:\/\/www.sanremoliveandlove.it\/wp-content\/uploads\/2022\/04\/Porsche_Panamera_1.jpg 458w, https:\/\/www.sanremoliveandlove.it\/wp-content\/uploads\/2022\/04\/Porsche_Panamera_1-300x180.jpg 300w\" sizes=\"auto, (max-width: 458px) 100vw, 458px\" \/><\/figure>\n<\/figure>\n\n\n\n<p>Fonte: <a href=\"https:\/\/www.sanremonews.it\/2022\/04\/28\/leggi-notizia\/argomenti\/eventi-1\/articolo\/porsche-sceglie-sanremo-per-la-campagna-internazionale-della-nuova-panamera-platinum-edition-foto.html\" target=\"_blank\" data-type=\"URL\" data-id=\"https:\/\/www.sanremonews.it\/2022\/04\/28\/leggi-notizia\/argomenti\/eventi-1\/articolo\/porsche-sceglie-sanremo-per-la-campagna-internazionale-della-nuova-panamera-platinum-edition-foto.html\" rel=\"noreferrer noopener\">Sanremonews<\/a><\/p>\n","protected":false},"excerpt":{"rendered":"<p>Un&#8217;altra vetrina internazionale per Sanremo e le sue bellezze.\u00a0Porsche\u00a0ha scelto la Citt\u00e0 dei Fiori per la campagna internazionale dedicata alla nuova\u00a0Panamera Platinum Edition<\/p>\n","protected":false},"author":3,"featured_media":4331,"comment_status":"closed","ping_status":"closed","sticky":false,"template":"","format":"standard","meta":{"_acf_changed":false,"footnotes":""},"categories":[368],"tags":[],"class_list":["post-4334","post","type-post","status-publish","format-standard","has-post-thumbnail","hentry","category-news-en"],"acf":[],"_links":{"self":[{"href":"https:\/\/www.sanremoliveandlove.it\/en\/wp-json\/wp\/v2\/posts\/4334","targetHints":{"allow":["GET"]}}],"collection":[{"href":"https:\/\/www.sanremoliveandlove.it\/en\/wp-json\/wp\/v2\/posts"}],"about":[{"href":"https:\/\/www.sanremoliveandlove.it\/en\/wp-json\/wp\/v2\/types\/post"}],"author":[{"embeddable":true,"href":"https:\/\/www.sanremoliveandlove.it\/en\/wp-json\/wp\/v2\/users\/3"}],"replies":[{"embeddable":true,"href":"https:\/\/www.sanremoliveandlove.it\/en\/wp-json\/wp\/v2\/comments?post=4334"}],"version-history":[{"count":1,"href":"https:\/\/www.sanremoliveandlove.it\/en\/wp-json\/wp\/v2\/posts\/4334\/revisions"}],"predecessor-version":[{"id":4338,"href":"https:\/\/www.sanremoliveandlove.it\/en\/wp-json\/wp\/v2\/posts\/4334\/revisions\/4338"}],"wp:featuredmedia":[{"embeddable":true,"href":"https:\/\/www.sanremoliveandlove.it\/en\/wp-json\/wp\/v2\/media\/4331"}],"wp:attachment":[{"href":"https:\/\/www.sanremoliveandlove.it\/en\/wp-json\/wp\/v2\/media?parent=4334"}],"wp:term":[{"taxonomy":"category","embeddable":true,"href":"https:\/\/www.sanremoliveandlove.it\/en\/wp-json\/wp\/v2\/categories?post=4334"},{"taxonomy":"post_tag","embeddable":true,"href":"https:\/\/www.sanremoliveandlove.it\/en\/wp-json\/wp\/v2\/tags?post=4334"}],"curies":[{"name":"wp","href":"https:\/\/api.w.org\/{rel}","templated":true}]}}