{"id":4054,"date":"2022-03-24T16:01:49","date_gmt":"2022-03-24T15:01:49","guid":{"rendered":"https:\/\/www.sanremoliveandlove.it\/fai\/"},"modified":"2022-03-30T10:32:57","modified_gmt":"2022-03-30T08:32:57","slug":"fai","status":"publish","type":"post","link":"https:\/\/www.sanremoliveandlove.it\/en\/fai\/","title":{"rendered":"\u201cVioloncello protagonista\u201d aspettando la GIORNATA FAI per scoprire il patrimonio di Arte e Natura intorno a noi."},"content":{"rendered":"\n<h2 class=\"wp-block-heading\">Sabato 26 marzo alle 17.00 presso il Teatro del Casin\u00f2, un appuntamento musicale speciale dell\u2019Orchestra Sinfonica di Sanremo in collaborazione con il FAI.<\/h2>\n\n\n\n<p>L\u2019<strong>Orchestra Sinfonica di Sanremo<\/strong> e la <strong>Delegazione FAI di Imperia<\/strong> invitano tutti al Teatro del Casin\u00f2 <strong>sabato 26 marzo alle 17.00<\/strong> alla serata <strong>\u201cVioloncello protagonista\u201d<\/strong>.<\/p>\n\n\n\n<p>Il concerto, che vedr\u00e0 la partecipazione di <strong>Ricardo Casero<\/strong> (direttore d&#8217;orchestra) e <strong>Claudio Boh\u00f3rquez <\/strong>(violoncello), propone tre brani di tre epoche diverse.<\/p>\n\n\n\n<p>Ad aprire il programma l'&#8221;<strong>Overture<\/strong>&#8221; di <strong>Andreas Gies<\/strong>, compositore che si dedica anche alla direzione ed \u00e8 anche un affermato flautista e baritono. A dispetto di quello che si potrebbe pensare, non si tratta di un\u2019introduzione ad un\u2019opera, bens\u00ec di una composizione a s\u00e9 stante, articolata in diverse sezioni, in cui si alternano passaggi in cui emergono singoli strumenti ad altri di tessitura pi\u00f9 compatta, con effetti piuttosto evocativi. La prima esecuzione risale al 2015, diretta dal compositore stesso presso il Conservatorio \u201cBenedetto Marcello\u201d di Venezia.<\/p>\n\n\n\n<p>Il secondo brano ci porta invece nel 1850, quando <strong>Robert Schumann<\/strong> ottenne l\u2019incarico di direttore dei concerti della societ\u00e0 corale di D\u00fcsseldorf. In quel periodo di intensa attivit\u00e0, sia come direttore, sia come compositore, Schumann scrisse il <strong>\u201cConcerto per violoncello e orchestra in La minore\u201d<\/strong> in una settimana circa, salvo poi apporre alcune modifiche negli anni successivi, in preda a dubbi e ripensamenti. Dopo le esecuzioni a D\u00fcsseldorf, il Concerto fu pubblicato solo nel 1854 ed eseguito postumo nel 1860 per i cinquant\u2019anni dalla nascita del musicista prematuramente scomparso. Il Concerto per violoncello \u00e8 un\u2019opera per certi versi assai singolare \u2013 lo scoprirete sabato a Teatro! &#8211; e rappresentativo dello stile \u201cmaturo\u201d di Schumann, in cui il romanticismo appassionato si vela di una profonda e trasognata malinconia.<\/p>\n\n\n\n<p>A chiusura della serata, <strong>Louis Ludwig Spohr<\/strong>, uno dei pi\u00f9 celebri musicisti della prima met\u00e0 dell\u2019Ottocento. Affermatosi anche come violinista, fu tra i primi ad utilizzare la bacchetta per dirigere l\u2019orchestra, invece di suonare il cembalo. Si dedic\u00f2 a tutti i generi musicali, dall\u2019opera all\u2019oratorio, dai concerti solisti alla musica da camera. Scrisse dieci sinfonie che furono spesso eseguite in concerto, insieme a quelle di Haydn, Beethoven e Mozart, salvo cadere nell\u2019oblio verso la fine del XIX secolo. Esse rappresentano il trapasso dallo stile classico viennese a quello romantico. <strong>\u201cLa Sinfonia n. 2 in Re minore op. 49\u201d <\/strong>rappresenta un\u2019evoluzione stilistica in direzione di una maggiore emancipazione dai modelli di Haydn.<\/p>\n\n\n\n<p><strong>Il concerto \u00e8 inserito nel progetto \u201cArmonie con la Sinfonica\u201d e sosterr\u00e0 le attivit\u00e0 del FAI dando vita ad una nuova collaborazione<\/strong><\/p>\n\n\n\n<p>Il progetto \u201c<strong>Armonie con la Sinfonica<\/strong>\u201d \u00e8 l\u2019iniziativa rivolta ad associazioni, enti e soggetti che operano nel sociale o a favore del territorio, che possono scegliere dal programma dell\u2019Orchestra Sinfonica di Sanremo un <strong>concerto da \u2018adottare\u2019 <\/strong>impegnandosi a promuoverlo presso i propri soci e simpatizzanti: il 50% dell\u2019incasso dei biglietti della serata \u201cadottata\u201d verr\u00e0 destinato al progetto dell\u2019associazione. Ogni concerto diventa cos\u00ec un\u2019occasione per <strong>raccogliere fondi<\/strong> e una <strong>vetrina<\/strong> <strong>per far conoscere il lavoro delle associazioni<\/strong> alle quali i fondi verranno destinati. Un\u2019iniziativa molto apprezzata anche dal <strong>pubblico <\/strong>che pu\u00f2 unire il <strong>piacere di andare a teatro<\/strong> e ascoltare buona musica ad un gesto di<strong> sostegno concreto verso realt\u00e0 e progetti meritevoli<\/strong>.&nbsp;<\/p>\n\n\n\n<p>Il concerto di <strong>sabato 26 marzo<\/strong> sosterr\u00e0 le attivit\u00e0 del <strong>FAI<\/strong>, dando vita ad una nuova collaborazione con la <strong>Delegazione FAI di Imperia<\/strong>, proprio in occasione della <strong>XXX Giornate di Primavera del Fondo Ambiente Italiano<\/strong>.<\/p>\n\n\n\n<p>Il pi\u00f9 importante appuntamento annuale si svolger\u00e0 domenica 27 marzo 2022 dalle ore 10.00 alle 18.00, nel borgo di <strong>Ceriana<\/strong> &#8220;CERIANA: QUANDO LA DEVOZIONE DIVENTA ARTE&#8221;.&nbsp;<\/p>\n\n\n\n<p>La Giornata di Primavera \u00e8 organizzata in <strong>tre itinerari indipendenti tra cultura, arte e natura<\/strong>: due interni al borgo e uno escursionistico esterno per conoscere luoghi ed edifici che raccontano la storia di questo &#8220;paese delle confraternite&#8221; orgoglioso di aver conservato un forte senso di condivisione dei valori antichi.&nbsp;<\/p>\n\n\n\n<p>La GFP non \u00e8 solo Ceriana perch\u00e9 Bene protagonista del week end sar\u00e0 anche un luogo speciale molto vicino a Sanremo: <strong>\u201cLa Casa e Collezione Laura\u201d a Villa San Luca<\/strong> donate da Luigi Anton e dalla moglie Renata Salesi, detta Nera, nel 2001 al FAI entrando a pieno titolo tra i 68 Beni della Fondazione a giugno 2021.<\/p>\n\n\n\n<p>Dal 1953 Villa San Luca, ex chiesa anglicana distrutta durante la Seconda Guerra Mondiale, \u00e8 stata la residenza di Luigi Anton Laura, noto ed esperto antiquario, e di sua moglie Nera. I coniugi Laura sono stati una coppia affiatata nella vita e nella professione, animata da un\u2019autentica e condivisa passione per l\u2019arte, lo studio e il collezionismo. Casa Laura \u00e8 il sorprendente scrigno che racchiude la loro originale e personalissima raccolta d\u2019arte applicata, eccezionale e unica in Italia e in Europa: circa seimila pezzi di altissima fattura tra mobili italiani, europei e cinesi, porcellane, sculture, maioliche, argenti e antichit\u00e0 orientali, raccolti con intuito e sapienza in viaggi ricorrenti nelle capitali europee, e in vere e proprie avventure in giro per il mondo, fino al Medio e all\u2019Estremo Oriente.<\/p>\n\n\n\n<p><em>\u201cI dettagli, gli eventi speciali e le aperture previste a Ceriana domenica 27 dalle 10 alle 18 sono visionabili sul sito <\/em><a href=\"http:\/\/www.giornatefai.it\/\" target=\"_blank\" rel=\"noreferrer noopener\"><em>www.giornatefai.it<\/em><\/a><em> ove \u00e8 anche possibile prenotare. <\/em><strong><em>\u2018Casa e Collezione Laura a Villa San Luca\u2019<\/em><\/strong><em> potranno essere visitate sabato 26 e domenica 27 dalle 10 alle 19, con <\/em><strong><em>visite guidate <\/em><\/strong><em>di un\u2019ora circa ciascuna. La prenotazione \u00e8 obbligatoria sul sito <\/em><a href=\"http:\/\/www.faicasalaura.it\/\" target=\"_blank\" rel=\"noreferrer noopener\"><em>www.faicasalaura.it<\/em><\/a><em>. Per altre informazioni \u00e8 possibile contattare la delegazione scrivendo a <\/em><a href=\"mailto:imperia@delegazionefai.fondoambiente.it\" target=\"_blank\" rel=\"noreferrer noopener\"><em>imperia@delegazionefai.fondoambiente.it<\/em><\/a><em>. Ricordiamo che la Giornata FAI di Primavera \u00e8 un importante momento di raccolta fondi e che \u00e8 sempre possibile iscriversi al FAI sul sito <\/em><strong><em><a href=\"http:\/\/www.fondoambiente.it\/\" target=\"_blank\" rel=\"noreferrer noopener\">www.fondoambiente.it<\/a><\/em><\/strong><em>. Il FAI ha bisogno di sentire gli italiani vicini per continuare a impegnarsi per la tutela dell\u2019Italia fatta di luoghi e persone che meritano tutto il nostro amore\u201d<\/em> (<strong>M. Carmen Lanteri<\/strong>, Capo delegazione FAI Imperia).<\/p>\n\n\n\n<p>Siglata questa settimana anche la <strong>convenzione <\/strong>che permetter\u00e0 a tutti i <strong>tesserati FAI<\/strong> di poter usufruire di una <strong>riduzione del 30%<\/strong> per i concerti dell\u2019Orchestra Sinfonica di Sanremo.<\/p>\n\n\n\n<p>Per festeggiare il nuovo bene FAI e dare il via alla collaborazione, la Fondazione Orchestra Sinfonica di Sanremo ha realizzato questo video a Villa San Luca con il maestro <strong>Mariano Dapor. <\/strong><\/p>\n\n\n\n<p>Un\u2019introduzione musicale alla Giornata FAI e al concerto di sabato: <a href=\"https:\/\/youtu.be\/hLpqHDPe5JA\" target=\"_blank\" rel=\"noreferrer noopener\">https:\/\/youtu.be\/hLpqHDPe5JA<\/a>&nbsp;<\/p>\n\n\n\n<p>Per info e biglietti per il concerto di sabato 26 marzo: <a href=\"https:\/\/www.sinfonicasanremo2.it\/prenotazioni\/negozio\/violoncello-protagonista-26-03-22-ore-17\/\" target=\"_blank\" rel=\"noreferrer noopener\">https:\/\/www.sinfonicasanremo2.it\/prenotazioni\/negozio\/violoncello-protagonista-26-03-22-ore-17\/<\/a><\/p>\n","protected":false},"excerpt":{"rendered":"<p>Sabato 26 marzo alle 17.00 presso il Teatro del Casin\u00f2, un appuntamento musicale speciale dell\u2019Orchestra Sinfonica di Sanremo in collaborazione con il FAI. L\u2019Orchestra Sinfonica di Sanremo e la Delegazione FAI di Imperia invitano tutti al Teatro del Casin\u00f2 sabato 26 marzo alle 17.00 alla serata \u201cVioloncello protagonista\u201d. Il concerto, che vedr\u00e0 la partecipazione di<\/p>\n","protected":false},"author":3,"featured_media":4032,"comment_status":"closed","ping_status":"closed","sticky":false,"template":"","format":"standard","meta":{"_acf_changed":false,"footnotes":""},"categories":[368],"tags":[],"class_list":["post-4054","post","type-post","status-publish","format-standard","has-post-thumbnail","hentry","category-news-en"],"acf":[],"_links":{"self":[{"href":"https:\/\/www.sanremoliveandlove.it\/en\/wp-json\/wp\/v2\/posts\/4054","targetHints":{"allow":["GET"]}}],"collection":[{"href":"https:\/\/www.sanremoliveandlove.it\/en\/wp-json\/wp\/v2\/posts"}],"about":[{"href":"https:\/\/www.sanremoliveandlove.it\/en\/wp-json\/wp\/v2\/types\/post"}],"author":[{"embeddable":true,"href":"https:\/\/www.sanremoliveandlove.it\/en\/wp-json\/wp\/v2\/users\/3"}],"replies":[{"embeddable":true,"href":"https:\/\/www.sanremoliveandlove.it\/en\/wp-json\/wp\/v2\/comments?post=4054"}],"version-history":[{"count":1,"href":"https:\/\/www.sanremoliveandlove.it\/en\/wp-json\/wp\/v2\/posts\/4054\/revisions"}],"predecessor-version":[{"id":4057,"href":"https:\/\/www.sanremoliveandlove.it\/en\/wp-json\/wp\/v2\/posts\/4054\/revisions\/4057"}],"wp:featuredmedia":[{"embeddable":true,"href":"https:\/\/www.sanremoliveandlove.it\/en\/wp-json\/wp\/v2\/media\/4032"}],"wp:attachment":[{"href":"https:\/\/www.sanremoliveandlove.it\/en\/wp-json\/wp\/v2\/media?parent=4054"}],"wp:term":[{"taxonomy":"category","embeddable":true,"href":"https:\/\/www.sanremoliveandlove.it\/en\/wp-json\/wp\/v2\/categories?post=4054"},{"taxonomy":"post_tag","embeddable":true,"href":"https:\/\/www.sanremoliveandlove.it\/en\/wp-json\/wp\/v2\/tags?post=4054"}],"curies":[{"name":"wp","href":"https:\/\/api.w.org\/{rel}","templated":true}]}}