{"id":22814,"date":"2026-02-28T10:11:48","date_gmt":"2026-02-28T09:11:48","guid":{"rendered":"https:\/\/www.sanremoliveandlove.it\/sayf-a-sanremo-2026-il-fiore-sulla-camionetta-che-racconta-litalia-vera\/"},"modified":"2026-02-28T11:39:43","modified_gmt":"2026-02-28T10:39:43","slug":"sayf-a-sanremo-2026-il-fiore-sulla-camionetta-che-racconta-litalia-vera","status":"publish","type":"post","link":"https:\/\/www.sanremoliveandlove.it\/en\/sayf-a-sanremo-2026-il-fiore-sulla-camionetta-che-racconta-litalia-vera\/","title":{"rendered":"Sayf a Sanremo 2026: Il &#8220;fiore sulla camionetta&#8221; che racconta l&#8217;Italia vera"},"content":{"rendered":"\n<p>C\u2019\u00e8 una nuova brezza che soffia su Genova, e non sa solo di sale. Sa di spezie, di street rap e di una fratellanza che attraversa il Mediterraneo.&nbsp;<strong>Sayf<\/strong>, all\u2019anagrafe&nbsp;<strong>Adam Viacava<\/strong>, \u00e8 l&#8217;uomo del momento. Il salto dai vicoli al palco di Sanremo 2026 \u00e8 stato breve ma intensissimo, portando con s\u00e9 la bellezza e il peso di un\u2019identit\u00e0 divisa tra due mondi che finalmente si parlano.<\/p>\n\n\n\n<h2 class=\"wp-block-heading\">Dal collettivo &#8220;GENOVARABE&#8221; al successo con i giganti<\/h2>\n\n\n\n<p>Sayf non \u00e8 nato in uno studio patinato. Si \u00e8 fatto le ossa aprendo i concerti di pesi massimi come Izi, Bresh e Vaz T\u00e8, imponendosi con un\u2019attitudine magnetica. Ma la sua vera forza risiede nel collettivo:&nbsp;<strong>&#8220;GENOVARABE&#8221;<\/strong>&nbsp;non \u00e8 solo un progetto, \u00e8 una bandiera che accorcia le distanze tra le coste arabe e i palazzoni delle periferie italiane.<\/p>\n\n\n\n<p>Se il 2025 era iniziato con l&#8217;introspezione dell&#8217;EP&nbsp;<em>\u201cSe Dio Vuole\u201d<\/em>, l&#8217;estate lo ha consacrato definitivamente. La collaborazione con&nbsp;<strong>Marco Mengoni<\/strong>&nbsp;e&nbsp;<strong>Rkomi<\/strong>&nbsp;in&nbsp;<em>\u201cSto bene al mare\u201d<\/em>&nbsp;ha dimostrato che la sua voce &#8220;street&#8221; pu\u00f2 convivere perfettamente con il grande pop d&#8217;autore, trasformandosi nella rampa di lancio definitiva verso l\u2019Ariston.<\/p>\n\n\n\n<h2 class=\"wp-block-heading\">&#8220;Tu mi piaci tanto&#8221;: Un amore come atto di resistenza<\/h2>\n\n\n\n<p>Non fatevi ingannare dal titolo:&nbsp;<strong>\u201cTu mi piaci tanto\u201d<\/strong>&nbsp;non \u00e8 la classica canzonetta sentimentale. Curato dai produttori Dibla e Jiz, il brano \u00e8 una lente d&#8217;ingrandimento sulle contraddizioni del Bel Paese. Sayf utilizza l\u2019affetto come uno scudo contro una realt\u00e0 fatta di alluvioni in Liguria ed Emilia, tasse mal gestite e precariet\u00e0 perenne.<\/p>\n\n\n\n<p>Il testo \u00e8 un mosaico di riferimenti che hanno segnato l&#8217;immaginario collettivo:<\/p>\n\n\n\n<ul class=\"wp-block-list\">\n<li><strong>Dalla Storia al Pop:<\/strong>&nbsp;Nel brano convivono la &#8220;discesa in campo&#8221; di Berlusconi, il mondiale di Cannavaro e il ricordo tragico di Luigi Tenco.<\/li>\n\n\n\n<li><strong>La generazione in &#8220;Tirocinio&#8221;:<\/strong>&nbsp;Sayf cristallizza lo stato d\u2019animo di chi si sente schiacciato tra la fretta di accumulare denaro e la paura di non essere mai capito davvero.<\/li>\n\n\n\n<li><strong>Contro il sistema:<\/strong>&nbsp;Denuncia un mondo competitivo che spinge a sopraffare gli altri per garantire un futuro ai propri cari, proponendo invece un amore che sia gesto di resistenza &#8220;mano a mano&#8221;.<\/li>\n<\/ul>\n\n\n\n<h2 class=\"wp-block-heading\">Un fiore nel caos<\/h2>\n\n\n\n<p>Definito dallo stesso Adam come un&nbsp;<strong>&#8220;fiore su una camionetta&#8221;<\/strong>, il brano accetta la vulnerabilit\u00e0 umana e invita a rallentare. Questa voglia di contaminazione esploder\u00e0 nella serata delle cover, dove Sayf salir\u00e0 sul palco insieme a due icone come&nbsp;<strong>Alex Britti<\/strong>&nbsp;e&nbsp;<strong>Mario Biondi<\/strong>&nbsp;per una rilettura soul e graffiante di&nbsp;<em>\u201cHit the Road Jack\u201d<\/em>&nbsp;di Ray Charles.<\/p>\n\n\n\n<p>Sayf arriva a Sanremo per ricordarci che si pu\u00f2 fare musica per far ballare, ma senza mai smettere di far pensare. Il sogno iniziato tra i carruggi \u00e8 pronto a prendersi la scena nazionale.<\/p>\n","protected":false},"excerpt":{"rendered":"<p>C\u2019\u00e8 una nuova brezza che soffia su Genova, e non sa solo di sale. Sa di spezie, di street rap e di una fratellanza che attraversa il Mediterraneo.&nbsp;Sayf, all\u2019anagrafe&nbsp;Adam Viacava, \u00e8 l&#8217;uomo del momento. Il salto dai vicoli al palco di Sanremo 2026 \u00e8 stato breve ma intensissimo, portando con s\u00e9 la bellezza e il<\/p>\n","protected":false},"author":3,"featured_media":22811,"comment_status":"closed","ping_status":"closed","sticky":false,"template":"","format":"standard","meta":{"_acf_changed":false,"footnotes":""},"categories":[860],"tags":[479,68,872,948],"class_list":["post-22814","post","type-post","status-publish","format-standard","has-post-thumbnail","hentry","category-sanremo-2026-en","tag-festival-della-canzone-italiana-en","tag-sanremo-en","tag-sanremo-2026-en","tag-sayf-en"],"acf":[],"_links":{"self":[{"href":"https:\/\/www.sanremoliveandlove.it\/en\/wp-json\/wp\/v2\/posts\/22814","targetHints":{"allow":["GET"]}}],"collection":[{"href":"https:\/\/www.sanremoliveandlove.it\/en\/wp-json\/wp\/v2\/posts"}],"about":[{"href":"https:\/\/www.sanremoliveandlove.it\/en\/wp-json\/wp\/v2\/types\/post"}],"author":[{"embeddable":true,"href":"https:\/\/www.sanremoliveandlove.it\/en\/wp-json\/wp\/v2\/users\/3"}],"replies":[{"embeddable":true,"href":"https:\/\/www.sanremoliveandlove.it\/en\/wp-json\/wp\/v2\/comments?post=22814"}],"version-history":[{"count":2,"href":"https:\/\/www.sanremoliveandlove.it\/en\/wp-json\/wp\/v2\/posts\/22814\/revisions"}],"predecessor-version":[{"id":22833,"href":"https:\/\/www.sanremoliveandlove.it\/en\/wp-json\/wp\/v2\/posts\/22814\/revisions\/22833"}],"wp:featuredmedia":[{"embeddable":true,"href":"https:\/\/www.sanremoliveandlove.it\/en\/wp-json\/wp\/v2\/media\/22811"}],"wp:attachment":[{"href":"https:\/\/www.sanremoliveandlove.it\/en\/wp-json\/wp\/v2\/media?parent=22814"}],"wp:term":[{"taxonomy":"category","embeddable":true,"href":"https:\/\/www.sanremoliveandlove.it\/en\/wp-json\/wp\/v2\/categories?post=22814"},{"taxonomy":"post_tag","embeddable":true,"href":"https:\/\/www.sanremoliveandlove.it\/en\/wp-json\/wp\/v2\/tags?post=22814"}],"curies":[{"name":"wp","href":"https:\/\/api.w.org\/{rel}","templated":true}]}}