{"id":22750,"date":"2026-02-27T17:02:13","date_gmt":"2026-02-27T16:02:13","guid":{"rendered":"https:\/\/www.sanremoliveandlove.it\/?p=22750"},"modified":"2026-02-27T17:02:13","modified_gmt":"2026-02-27T16:02:13","slug":"michele-bravi-a-sanremo-2026-lelogio-dello-smarrimento-in-prima-o-poi","status":"publish","type":"post","link":"https:\/\/www.sanremoliveandlove.it\/en\/michele-bravi-a-sanremo-2026-lelogio-dello-smarrimento-in-prima-o-poi\/","title":{"rendered":"Michele Bravi a Sanremo 2026: L&#8217;elogio dello smarrimento in &#8220;Prima o poi&#8221;"},"content":{"rendered":"\n<p>Esistono artisti che non cantano solo note, ma sussurrano frammenti di vita.&nbsp;<strong>Michele Bravi<\/strong>&nbsp;\u00e8 uno di questi. Dalla vittoria a&nbsp;<em>X Factor<\/em>&nbsp;nel 2013 al trionfo di critica con&nbsp;<em>\u201cIl diario degli errori\u201d<\/em>, Michele ha saputo trasformare il pop in una forma di letteratura sonora, diventando il manifesto di una generazione che non ha paura di mostrarsi fragile.<\/p>\n\n\n\n<p>Dopo aver attraversato la &#8220;geografia del buio&#8221;, Michele torna all&#8217;Ariston nel 2026 con una consapevolezza nuova: quella di chi sa che le ferite, col tempo, possono diventare feritoie da cui entra la luce.<\/p>\n\n\n\n<h2 class=\"wp-block-heading\">Un\u2019anima poliedrica tra cinema e teatro<\/h2>\n\n\n\n<p>Negli ultimi anni, Michele ha confermato di essere un\u2019artista totale. Lo abbiamo visto sul grande schermo per&nbsp;<strong>Saverio Costanzo<\/strong>&nbsp;in&nbsp;<em>\u201cFinalmente l\u2019alba\u201d<\/em>, lo abbiamo apprezzato come giudice sensibile ad&nbsp;<em>Amici<\/em>&nbsp;e lo abbiamo letto come poeta. Nel 2024 e nel 2025 ha continuato a sfidare i generi, esplorando sonorit\u00e0 teatrali e cinematografiche, portando in scena una presenza che mescola la moda d&#8217;avanguardia alla purezza del canto.<\/p>\n\n\n\n<h2 class=\"wp-block-heading\">&#8220;Prima o poi&#8221;: Il diario disordinato di una fine<\/h2>\n\n\n\n<p>Quest\u2019anno, per\u00f2, Michele decide di spogliarsi di ogni eroismo per raccontare la&nbsp;<strong>goffaggine della sofferenza<\/strong>.&nbsp;<strong>\u201cPrima o poi\u201d<\/strong>&nbsp;\u00e8 il diario disordinato di chi non ha ancora trovato un equilibrio dopo la fine di un amore. La casa diventa lo specchio del caos interiore: piatti non lavati, dischi per terra, la spesa dimenticata e l\u2019abitudine malinconica di scorrere le foto sul telefono ridendo da soli.<\/p>\n\n\n\n<p>Il brano esplora il lato &#8220;tragicomico&#8221; dell&#8217;abbandono:<\/p>\n\n\n\n<ul class=\"wp-block-list\">\n<li><strong>La perdita dei punti di riferimento:<\/strong>\u00a0Il protagonista si osserva con lucidit\u00e0 quasi spietata, definendosi &#8220;scemo&#8221; mentre gira con i calzini spaiati o si presenta fradicio a una cena, dimenticando persino il cognome del padrone di casa.<\/li>\n\n\n\n<li><strong>L&#8217;ambiguit\u00e0 del ritorno:<\/strong>\u00a0Il ritornello gioca su un dubbio sottile. Quel\u00a0<em>&#8220;prima o poi&#8221;<\/em>\u00a0\u00e8 rivolto all&#8217;altro o a se stesso? \u00c8 l&#8217;ex che deve smettere di mancare, o \u00e8 il protagonista che deve finalmente imparare a non sentirne pi\u00f9 l&#8217;assenza?<\/li>\n\n\n\n<li><strong>Il vuoto della memoria:<\/strong>\u00a0Il momento pi\u00f9 alto della canzone arriva sotto il citofono dell&#8217;ex, quando il desiderio di chiamare si scontra con un vuoto improvviso: non ricordare pi\u00f9 il nome di chi, per anni, si \u00e8 chiamato solo &#8220;amore&#8221;.<\/li>\n<\/ul>\n\n\n\n<h2 class=\"wp-block-heading\">Oltre l&#8217;ossessione della performance<\/h2>\n\n\n\n<p>In controluce,&nbsp;<strong>\u201cPrima o poi\u201d<\/strong>&nbsp;diventa un piccolo manifesto contro l&#8217;obbligo di essere sempre impeccabili e risolti. Michele Bravi ci ricorda che si pu\u00f2 essere smarriti, contraddittori e persino ridicoli. Non c&#8217;\u00e8 bisogno di guarire subito: si pu\u00f2 restare nel disordine, perch\u00e9 prima o poi tutto trova il suo posto&#8230; forse.<\/p>\n\n\n\n<p>Preparate i cuori: Michele \u00e8 pronto a portarci nel suo salotto spettinato per ricordarci che la guarigione passa anche attraverso la tenerezza di ammettere che, per ora, non sappiamo dove abbiamo messo le chiavi di casa.<\/p>\n\n\n\n<hr class=\"wp-block-separator has-alpha-channel-opacity\"\/>\n\n\n\n<blockquote class=\"wp-block-quote is-layout-flow wp-block-quote-is-layout-flow\">\n<h3 class=\"wp-block-heading\">\ud83c\udfa4 Dal vivo: Le parole di Michele in conferenza<\/h3>\n<\/blockquote>\n","protected":false},"excerpt":{"rendered":"<p>Esistono artisti che non cantano solo note, ma sussurrano frammenti di vita.&nbsp;Michele Bravi&nbsp;\u00e8 uno di questi. Dalla vittoria a&nbsp;X Factor&nbsp;nel 2013 al trionfo di critica con&nbsp;\u201cIl diario degli errori\u201d, Michele ha saputo trasformare il pop in una forma di letteratura sonora, diventando il manifesto di una generazione che non ha paura di mostrarsi fragile. Dopo<\/p>\n","protected":false},"author":3,"featured_media":22748,"comment_status":"closed","ping_status":"closed","sticky":false,"template":"","format":"standard","meta":{"_acf_changed":false,"footnotes":""},"categories":[860],"tags":[893,479,68,872],"class_list":["post-22750","post","type-post","status-publish","format-standard","has-post-thumbnail","hentry","category-sanremo-2026-en","tag-ermal-meta-en","tag-festival-della-canzone-italiana-en","tag-sanremo-en","tag-sanremo-2026-en"],"acf":[],"_links":{"self":[{"href":"https:\/\/www.sanremoliveandlove.it\/en\/wp-json\/wp\/v2\/posts\/22750","targetHints":{"allow":["GET"]}}],"collection":[{"href":"https:\/\/www.sanremoliveandlove.it\/en\/wp-json\/wp\/v2\/posts"}],"about":[{"href":"https:\/\/www.sanremoliveandlove.it\/en\/wp-json\/wp\/v2\/types\/post"}],"author":[{"embeddable":true,"href":"https:\/\/www.sanremoliveandlove.it\/en\/wp-json\/wp\/v2\/users\/3"}],"replies":[{"embeddable":true,"href":"https:\/\/www.sanremoliveandlove.it\/en\/wp-json\/wp\/v2\/comments?post=22750"}],"version-history":[{"count":1,"href":"https:\/\/www.sanremoliveandlove.it\/en\/wp-json\/wp\/v2\/posts\/22750\/revisions"}],"predecessor-version":[{"id":22752,"href":"https:\/\/www.sanremoliveandlove.it\/en\/wp-json\/wp\/v2\/posts\/22750\/revisions\/22752"}],"wp:featuredmedia":[{"embeddable":true,"href":"https:\/\/www.sanremoliveandlove.it\/en\/wp-json\/wp\/v2\/media\/22748"}],"wp:attachment":[{"href":"https:\/\/www.sanremoliveandlove.it\/en\/wp-json\/wp\/v2\/media?parent=22750"}],"wp:term":[{"taxonomy":"category","embeddable":true,"href":"https:\/\/www.sanremoliveandlove.it\/en\/wp-json\/wp\/v2\/categories?post=22750"},{"taxonomy":"post_tag","embeddable":true,"href":"https:\/\/www.sanremoliveandlove.it\/en\/wp-json\/wp\/v2\/tags?post=22750"}],"curies":[{"name":"wp","href":"https:\/\/api.w.org\/{rel}","templated":true}]}}