{"id":16871,"date":"2025-02-19T09:52:10","date_gmt":"2025-02-19T08:52:10","guid":{"rendered":"https:\/\/www.sanremoliveandlove.it\/villa-luca-a-coldirodi-riparte-la-rassegna-la-domenica-letteraria\/"},"modified":"2025-02-19T09:52:33","modified_gmt":"2025-02-19T08:52:33","slug":"villa-luca-a-coldirodi-riparte-la-rassegna-la-domenica-letteraria","status":"publish","type":"post","link":"https:\/\/www.sanremoliveandlove.it\/en\/villa-luca-a-coldirodi-riparte-la-rassegna-la-domenica-letteraria\/","title":{"rendered":"Villa Luca, a Coldirodi riparte la rassegna \u201cLa domenica letteraria\u201d"},"content":{"rendered":"\n<p>Dopo il gran successo dello scorso anno, tutto \u00e8 pronto per la seconda edizione de \u201c<strong>La domenica letteraria<\/strong>\u201c, rassegna che ha portato e porter\u00e0 presso\u00a0<strong>Villa Luca<\/strong>, nella frazione collinare di\u00a0<strong>Coldirodi<\/strong>, tanti nomi gi\u00e0 affermati anche a livello nazionale quanto esordienti in cerca del loro trampolino di lancio.<\/p>\n\n\n\n<figure class=\"wp-block-image size-large\"><img loading=\"lazy\" decoding=\"async\" width=\"724\" height=\"1024\" src=\"https:\/\/www.sanremoliveandlove.it\/wp-content\/uploads\/2025\/02\/LA-DOMENICA-LETTERARIA-724x1024.jpg\" alt=\"domenica letteraria\" class=\"wp-image-16867\" srcset=\"https:\/\/www.sanremoliveandlove.it\/wp-content\/uploads\/2025\/02\/LA-DOMENICA-LETTERARIA-724x1024.jpg 724w, https:\/\/www.sanremoliveandlove.it\/wp-content\/uploads\/2025\/02\/LA-DOMENICA-LETTERARIA-212x300.jpg 212w, https:\/\/www.sanremoliveandlove.it\/wp-content\/uploads\/2025\/02\/LA-DOMENICA-LETTERARIA-768x1086.jpg 768w, https:\/\/www.sanremoliveandlove.it\/wp-content\/uploads\/2025\/02\/LA-DOMENICA-LETTERARIA-1086x1536.jpg 1086w, https:\/\/www.sanremoliveandlove.it\/wp-content\/uploads\/2025\/02\/LA-DOMENICA-LETTERARIA.jpg 1414w\" sizes=\"auto, (max-width: 724px) 100vw, 724px\" \/><\/figure>\n\n\n\n<p>Patrocinato dal<strong>\u00a0Circolo Ligustico<\/strong>, associazione fondata nel 1981 dal pittore Carlo Alberto con sede a Sanremo, l\u2019evento sar\u00e0 curato e condotto, come in occasione della prima edizione, da\u00a0<strong>Alessio Bellini<\/strong>, autore e studioso noto localmente.<\/p>\n\n\n\n<p>Tra i pregi de \u201cLa Domenica Letteraria\u201d \u00e8 impossibile non menzionare la bellezza della scenografia: se, da una parte, il cortile di Villa Luca offre ai visitatori un belvedere mozzafiato, dall\u2019altro la detta struttura ha il privilegio di ospitare la&nbsp;<strong>Pinacoteca Rambaldi<\/strong>, custode di antichi quadri e libri di immenso valore.<\/p>\n\n\n\n<p>\u00abQuesta rassegna non \u00e8 interessante solamente per contenuti proposti dai nostri curatori, ma anche per la valorizzazione che essi stessi fanno di Villa Luca, un posto che diventer\u00e0 sicuramente sempre pi\u00f9 caro ai sanremesi, e che sar\u00e0 sempre pi\u00f9 frequentato dai nostri concittadini\u00bb, ha affermato l\u2019assessore alla Cultura&nbsp;<strong>Enza Dedali<\/strong>&nbsp;durante la conferenza di presentazione de \u201cLa domenica letteraria\u201d tenutasi questa mattina presso palazzo Bellevue.<\/p>\n\n\n\n<p>A partire dal corrente, \u201cLa domenica letteraria\u201d ospiter\u00e0&nbsp;<strong>un incontro al mese<\/strong>, secondo il calendario che segue:<\/p>\n\n\n\n<p>23 febbraio alle 16 \u2013&nbsp;Gianmarco Parodi (curatore) \u201cIl nettare magico\u201d di George Macdonald (Lo Studiolo);<\/p>\n\n\n\n<p>23 marzo alle 16 \u2013 Faris La Cola \u201cTrattato della scienza araldica\u201d (Bastogi Libri);<\/p>\n\n\n\n<p>6 aprile alle 16 \u2013 Simone Alessio in arte Garibaldi \u201cProtomorfosi\u201d (Youcanprint);<\/p>\n\n\n\n<p>4 maggio alle 16 \u2013 Daniela Mencarelli Hoffman \u201cVerde mare, blu profondo\u201d (Golem);<\/p>\n\n\n\n<p>18 maggio alle 16 \u2013 Claudia Putzu (traduttrice) \u201cUccidiamo Laura\u201d di Sandra Tavarez (Arcoiris);<\/p>\n\n\n\n<p>29 giugno alle 21 \u2013 Dario Daniele \u201cAthos\u201d (Terra Santa);<\/p>\n\n\n\n<p>13 luglio alle 21 \u2013 Morena Fellegara \u201cDelitti e Tarocchi\u201d (Fratelli Frilli);<\/p>\n\n\n\n<p>24 agosto alle 21 \u2013 Alessandro Bellati \u201cUn\u2019Estate standard\u201d (MellophoniumBroadsides);<\/p>\n\n\n\n<p>21 settembre alle 21 \u2013 Alessandro Giacobbe \u201cLa Chiesa di Nostra Signora della Mercede a Sanremo\u201d (Colom\u00f2);<\/p>\n\n\n\n<p>5 ottobre alle 16 \u2013&nbsp;Marino Magliani \u201cRomanzo Olandese\u201d (Atlantide);<\/p>\n\n\n\n<p>16 novembre alle 16 \u2013 Marco Aime \u201cDi pietre, di sabbia, di erba, di carta\u201d (Bollati Boringhieri);<\/p>\n\n\n\n<p>14 dicembre alle 16 \u2013 Francesco Donato \u201cSento\u201d (Antea).<\/p>\n\n\n\n<p>L\u2019ingresso a tutti gli incontri \u00e8 sempre a titolo&nbsp;<strong>gratuito<\/strong>.<\/p>\n\n\n\n<p>In occasione dell\u2019apertura della seconda edizione de \u201cLa domenica letteraria\u201d, verr\u00e0 ufficialmente presentata, per la prima volta, la pubblicazione di una fiaba dello scrittore scozzese&nbsp;<strong>George MacDonald<\/strong>, di cui ricorre il bicentenario della nascita. Il libro costituisce la quarta uscita della collana \u201cil Circolo Inklings\u201d delle edizioni Lo Studiolo e s\u2019intitola \u201c<strong>Il nettare magico<\/strong>\u201d, seguendo dopo tre anni la precedente edizione de \u201cLa chiave d\u2019oro\u201d, sempre di MacDonald.<\/p>\n\n\n\n<p>Autore d\u2019epoca vittoriana, innamorato di Bordighera dove visse molti anni, George MacDonald costitu\u00ec un&nbsp;<strong>modello narrativo<\/strong>&nbsp;per autori del Novecento noti per aver perpetuato il genere fantastico, soprattutto John R. R. Tolkien e C.S. Lewis. Entrambi erano estimatori dell\u2019autore scozzese e da lui in qualche modo hanno ripreso l\u2019accesso del reame di Feeria \u2013 in mondo delle fate, degli gnomi e degli elfi \u2013 cos\u00ec presente nel folklore nordico, e celtico in particolare.<\/p>\n\n\n\n<p>Anche nella fiaba \u201cIl nettare magico\u201d \u00e8 presente il valore dei simboli, il richiamo a una dimensione di \u201cviaggio iniziatico\u201d in grado di trasformare un semplice ragazzo in eroe, immagine di un percorso spirituale che nelle societ\u00e0 antiche era tenuto in gran conto, e che valeva<br>molto di pi\u00f9 di una mera carriera. Il libro \u00e8 curato dallo scrittore sanremese<strong>&nbsp;Gianmarco Parodi<\/strong>, a sua volta narratore che ha raccolto diverse soddisfazioni editoriali, ed \u00e8 completato da un interessante saggio dello studioso pugliese&nbsp;<strong>Alberto Nutricati<\/strong>, filosofo ed esperto di mitologia e letteratura fiabesca.<\/p>\n\n\n\n<p><strong>Domenica 23 febbraio<\/strong>\u00a0alle 16 la sala incontri del Museo di Villa Luca, sede della Pinacoteca Rambaldi, ospiter\u00e0 l\u2019incontro tra il curatore Gianmarco Parodi e l\u2019ideatore della rassegna \u201cLa domenica letteraria\u201d Alessio Bellini, con una conversazione sul tema del libro nonch\u00e9 alcune brevi letture. Nell\u2019occasione sar\u00e0 possibile acquistare a prezzo scontato l\u2019elegante pubblicazione che nei giorni scorsi \u00e8 uscita anche in libreria.<\/p>\n","protected":false},"excerpt":{"rendered":"<p>Dopo il gran successo dello scorso anno, tutto \u00e8 pronto per la seconda edizione de \u201cLa domenica letteraria\u201c, rassegna che ha portato e porter\u00e0 presso\u00a0Villa Luca, nella frazione collinare di\u00a0Coldirodi, tanti nomi gi\u00e0 affermati anche a livello nazionale quanto esordienti in cerca del loro trampolino di lancio. Patrocinato dal\u00a0Circolo Ligustico, associazione fondata nel 1981 dal<\/p>\n","protected":false},"author":3,"featured_media":16868,"comment_status":"closed","ping_status":"closed","sticky":false,"template":"","format":"standard","meta":{"_acf_changed":false,"footnotes":""},"categories":[368],"tags":[804,68],"class_list":["post-16871","post","type-post","status-publish","format-standard","has-post-thumbnail","hentry","category-news-en","tag-pinacoteca-rambaldi-en","tag-sanremo-en"],"acf":[],"_links":{"self":[{"href":"https:\/\/www.sanremoliveandlove.it\/en\/wp-json\/wp\/v2\/posts\/16871","targetHints":{"allow":["GET"]}}],"collection":[{"href":"https:\/\/www.sanremoliveandlove.it\/en\/wp-json\/wp\/v2\/posts"}],"about":[{"href":"https:\/\/www.sanremoliveandlove.it\/en\/wp-json\/wp\/v2\/types\/post"}],"author":[{"embeddable":true,"href":"https:\/\/www.sanremoliveandlove.it\/en\/wp-json\/wp\/v2\/users\/3"}],"replies":[{"embeddable":true,"href":"https:\/\/www.sanremoliveandlove.it\/en\/wp-json\/wp\/v2\/comments?post=16871"}],"version-history":[{"count":1,"href":"https:\/\/www.sanremoliveandlove.it\/en\/wp-json\/wp\/v2\/posts\/16871\/revisions"}],"predecessor-version":[{"id":16873,"href":"https:\/\/www.sanremoliveandlove.it\/en\/wp-json\/wp\/v2\/posts\/16871\/revisions\/16873"}],"wp:featuredmedia":[{"embeddable":true,"href":"https:\/\/www.sanremoliveandlove.it\/en\/wp-json\/wp\/v2\/media\/16868"}],"wp:attachment":[{"href":"https:\/\/www.sanremoliveandlove.it\/en\/wp-json\/wp\/v2\/media?parent=16871"}],"wp:term":[{"taxonomy":"category","embeddable":true,"href":"https:\/\/www.sanremoliveandlove.it\/en\/wp-json\/wp\/v2\/categories?post=16871"},{"taxonomy":"post_tag","embeddable":true,"href":"https:\/\/www.sanremoliveandlove.it\/en\/wp-json\/wp\/v2\/tags?post=16871"}],"curies":[{"name":"wp","href":"https:\/\/api.w.org\/{rel}","templated":true}]}}