{"id":16698,"date":"2025-02-14T01:09:41","date_gmt":"2025-02-14T00:09:41","guid":{"rendered":"https:\/\/www.sanremoliveandlove.it\/16673\/"},"modified":"2025-02-14T10:30:12","modified_gmt":"2025-02-14T09:30:12","slug":"16673","status":"publish","type":"post","link":"https:\/\/www.sanremoliveandlove.it\/en\/16673\/","title":{"rendered":"Sanremo 2025, il racconto della terza serata."},"content":{"rendered":"\n<p>La terza serata del Festival di Sanremo 2025 ha regalato al pubblico un mix perfetto di musica, emozioni e intrattenimento. A condurre la serata, accanto a Carlo Conti, tre donne dal carisma indiscusso: Miriam Leone, Elettra Lamborghini e Katia Follesa. Un trio d\u2019eccezione che ha saputo alternare momenti di eleganza, comicit\u00e0 e spontaneit\u00e0, rendendo la serata ancora pi\u00f9 speciale.<\/p>\n\n\n\n<p>Ad arricchire lo spettacolo, ospiti di fama internazionale come i leggendari Duran Duran e l\u2019icona della musica italiana Edoardo Bennato, che ha aperto le danze con una trascinante esibizione di \u201cSono solo canzonette\u201d, accolta dal pubblico dell\u2019Ariston con grande entusiasmo.<\/p>\n\n\n\n<h3 class=\"wp-block-heading\"><strong>Le esibizioni dei Big<\/strong><\/h3>\n\n\n\n<p>Quattordici artisti in gara si sono alternati sul palco, portando sonorit\u00e0 diverse e grande intensit\u00e0 interpretativa. Clara, avvolta in un elegante abito argentato, ha incantato con \u201cFebbre\u201d, mentre Brunori Sas ha conquistato la platea con il suo emozionante brano \u201cL\u2019albero delle noci\u201d.<\/p>\n\n\n\n<p>L\u2019intensit\u00e0 di Sarah Toscano con \u201cAmarcord\u201d ha emozionato il pubblico, mentre Massimo Ranieri, con \u201cTra le mani un cuore\u201d, ha dimostrato ancora una volta il suo straordinario talento e controllo vocale. Noemi, con la sua \u201cSe t\u2019innamori muori\u201d, ha sfoggiato classe ed eleganza, mentre Olly ha colpito tutti con il brano \u201cBalorda nostalgia\u201d e la sua simpatica interazione con Miriam Leone.<\/p>\n\n\n\n<p>Grande energia sul palco con i Coma_Cose e la loro \u201cCuoricini\u201d, mentre i Mod\u00e0 hanno ricevuto un\u2019ovazione con \u201cNon ti dimentico\u201d. Tony Effe ha portato il suo carisma con \u201cDamme \u2018na mano\u201d e Irama ha emozionato con \u201cLentamente\u201d. Francesco Gabbani, sempre amatissimo dal pubblico, ha saputo trasmettere positivit\u00e0 con \u201cViva la vita\u201d, mentre Gaia ha chiuso la serata con il ritmo travolgente di \u201cChiamo io chiami tu\u201d.<\/p>\n\n\n\n<h3 class=\"wp-block-heading\"><strong>Gli ospiti e i momenti speciali<\/strong><\/h3>\n\n\n\n<p>La serata ha visto momenti di grande spettacolo e omaggi importanti. Il piccolo Samuele Parodi, 11 anni, ha emozionato tutti con il suo quiz su Sanremo, meritandosi il titolo di futuro conduttore del Festival.<\/p>\n\n\n\n<p>Grande spazio anche alla solidariet\u00e0 con l\u2019intervento di Dario D\u2019Ambrosi e del suo Teatro Patologico, che ha portato sul palco un messaggio di speranza e inclusione con l\u2019esibizione corale di \u201cLa musica \u00e8 vita\u201d.<\/p>\n\n\n\n<p>Il pubblico ha riservato un caloroso tributo a Iva Zanicchi, premiata con un riconoscimento alla carriera. L\u2019artista ha regalato un medley dei suoi pi\u00f9 grandi successi, dimostrando ancora una volta una straordinaria vocalit\u00e0.<\/p>\n\n\n\n<p>Infine, la performance dei Duran Duran, accompagnati da Victoria De Angelis dei M\u00e5neskin, ha scatenato l\u2019entusiasmo con una serie di brani iconici come \u201cInvisible\u201d, \u201cNotorious\u201d e \u201cOrdinary World\u201d.<\/p>\n\n\n\n<h3 class=\"wp-block-heading\"><strong>La finale delle Nuove Proposte<\/strong><\/h3>\n\n\n\n<p>La serata ha decretato anche il vincitore della categoria Giovani. Dopo intense esibizioni, Settembre si \u00e8 aggiudicato la vittoria con il brano \u201cVertebre\u201d, conquistando sia il pubblico che la critica. Il Premio della Critica, assegnato dalle sale stampa Roof e Lucio Dalla, \u00e8 andato anch\u2019esso a Settembre, che ha cos\u00ec firmato una doppietta memorabile.<\/p>\n\n\n\n<p><strong>La top five di questa sera:<\/strong><br>Coma_Cose<br>Brunori Sas<br>Irama<br>Olly<br>Francesco Gabbani<\/p>\n\n\n\n<figure class=\"wp-block-gallery has-nested-images columns-default is-cropped wp-block-gallery-1 is-layout-flex wp-block-gallery-is-layout-flex\">\n<figure class=\"wp-block-image size-large\"><img loading=\"lazy\" decoding=\"async\" width=\"819\" height=\"1024\" data-id=\"16675\" src=\"https:\/\/www.sanremoliveandlove.it\/wp-content\/uploads\/2025\/02\/Best-of-Terza-serata-819x1024.jpg\" alt=\"\" class=\"wp-image-16675\" srcset=\"https:\/\/www.sanremoliveandlove.it\/wp-content\/uploads\/2025\/02\/Best-of-Terza-serata-819x1024.jpg 819w, https:\/\/www.sanremoliveandlove.it\/wp-content\/uploads\/2025\/02\/Best-of-Terza-serata-240x300.jpg 240w, https:\/\/www.sanremoliveandlove.it\/wp-content\/uploads\/2025\/02\/Best-of-Terza-serata-768x960.jpg 768w, https:\/\/www.sanremoliveandlove.it\/wp-content\/uploads\/2025\/02\/Best-of-Terza-serata.jpg 1080w\" sizes=\"auto, (max-width: 819px) 100vw, 819px\" \/><\/figure>\n\n\n\n<figure class=\"wp-block-image size-large\"><img loading=\"lazy\" decoding=\"async\" width=\"819\" height=\"1024\" data-id=\"16680\" src=\"https:\/\/www.sanremoliveandlove.it\/wp-content\/uploads\/2025\/02\/Ordine-uscita-prima-serata-2-2-819x1024.jpg\" alt=\"\" class=\"wp-image-16680\" srcset=\"https:\/\/www.sanremoliveandlove.it\/wp-content\/uploads\/2025\/02\/Ordine-uscita-prima-serata-2-2-819x1024.jpg 819w, https:\/\/www.sanremoliveandlove.it\/wp-content\/uploads\/2025\/02\/Ordine-uscita-prima-serata-2-2-240x300.jpg 240w, https:\/\/www.sanremoliveandlove.it\/wp-content\/uploads\/2025\/02\/Ordine-uscita-prima-serata-2-2-768x960.jpg 768w, https:\/\/www.sanremoliveandlove.it\/wp-content\/uploads\/2025\/02\/Ordine-uscita-prima-serata-2-2.jpg 1080w\" sizes=\"auto, (max-width: 819px) 100vw, 819px\" \/><\/figure>\n\n\n\n<figure class=\"wp-block-image size-large\"><img loading=\"lazy\" decoding=\"async\" width=\"819\" height=\"1024\" data-id=\"16691\" src=\"https:\/\/www.sanremoliveandlove.it\/wp-content\/uploads\/2025\/02\/Ordine-uscita-prima-serata-3-4-819x1024.jpg\" alt=\"\" class=\"wp-image-16691\" srcset=\"https:\/\/www.sanremoliveandlove.it\/wp-content\/uploads\/2025\/02\/Ordine-uscita-prima-serata-3-4-819x1024.jpg 819w, https:\/\/www.sanremoliveandlove.it\/wp-content\/uploads\/2025\/02\/Ordine-uscita-prima-serata-3-4-240x300.jpg 240w, https:\/\/www.sanremoliveandlove.it\/wp-content\/uploads\/2025\/02\/Ordine-uscita-prima-serata-3-4-768x960.jpg 768w, https:\/\/www.sanremoliveandlove.it\/wp-content\/uploads\/2025\/02\/Ordine-uscita-prima-serata-3-4.jpg 1080w\" sizes=\"auto, (max-width: 819px) 100vw, 819px\" \/><\/figure>\n\n\n\n<figure class=\"wp-block-image size-large\"><img loading=\"lazy\" decoding=\"async\" width=\"819\" height=\"1024\" data-id=\"16677\" src=\"https:\/\/www.sanremoliveandlove.it\/wp-content\/uploads\/2025\/02\/Ordine-uscita-prima-serata-4-2-819x1024.jpg\" alt=\"\" class=\"wp-image-16677\" srcset=\"https:\/\/www.sanremoliveandlove.it\/wp-content\/uploads\/2025\/02\/Ordine-uscita-prima-serata-4-2-819x1024.jpg 819w, https:\/\/www.sanremoliveandlove.it\/wp-content\/uploads\/2025\/02\/Ordine-uscita-prima-serata-4-2-240x300.jpg 240w, https:\/\/www.sanremoliveandlove.it\/wp-content\/uploads\/2025\/02\/Ordine-uscita-prima-serata-4-2-768x960.jpg 768w, https:\/\/www.sanremoliveandlove.it\/wp-content\/uploads\/2025\/02\/Ordine-uscita-prima-serata-4-2.jpg 1080w\" sizes=\"auto, (max-width: 819px) 100vw, 819px\" \/><\/figure>\n\n\n\n<figure class=\"wp-block-image size-large\"><img loading=\"lazy\" decoding=\"async\" width=\"819\" height=\"1024\" data-id=\"16679\" src=\"https:\/\/www.sanremoliveandlove.it\/wp-content\/uploads\/2025\/02\/Ordine-uscita-prima-serata-5-3-819x1024.jpg\" alt=\"\" class=\"wp-image-16679\" srcset=\"https:\/\/www.sanremoliveandlove.it\/wp-content\/uploads\/2025\/02\/Ordine-uscita-prima-serata-5-3-819x1024.jpg 819w, https:\/\/www.sanremoliveandlove.it\/wp-content\/uploads\/2025\/02\/Ordine-uscita-prima-serata-5-3-240x300.jpg 240w, https:\/\/www.sanremoliveandlove.it\/wp-content\/uploads\/2025\/02\/Ordine-uscita-prima-serata-5-3-768x960.jpg 768w, https:\/\/www.sanremoliveandlove.it\/wp-content\/uploads\/2025\/02\/Ordine-uscita-prima-serata-5-3.jpg 1080w\" sizes=\"auto, (max-width: 819px) 100vw, 819px\" \/><\/figure>\n\n\n\n<figure class=\"wp-block-image size-large\"><img loading=\"lazy\" decoding=\"async\" width=\"819\" height=\"1024\" data-id=\"16676\" src=\"https:\/\/www.sanremoliveandlove.it\/wp-content\/uploads\/2025\/02\/Ordine-uscita-prima-serata-6-1-819x1024.jpg\" alt=\"\" class=\"wp-image-16676\" srcset=\"https:\/\/www.sanremoliveandlove.it\/wp-content\/uploads\/2025\/02\/Ordine-uscita-prima-serata-6-1-819x1024.jpg 819w, https:\/\/www.sanremoliveandlove.it\/wp-content\/uploads\/2025\/02\/Ordine-uscita-prima-serata-6-1-240x300.jpg 240w, https:\/\/www.sanremoliveandlove.it\/wp-content\/uploads\/2025\/02\/Ordine-uscita-prima-serata-6-1-768x960.jpg 768w, https:\/\/www.sanremoliveandlove.it\/wp-content\/uploads\/2025\/02\/Ordine-uscita-prima-serata-6-1.jpg 1080w\" sizes=\"auto, (max-width: 819px) 100vw, 819px\" \/><\/figure>\n\n\n\n<figure class=\"wp-block-image size-large\"><img loading=\"lazy\" decoding=\"async\" width=\"819\" height=\"1024\" data-id=\"16694\" src=\"https:\/\/www.sanremoliveandlove.it\/wp-content\/uploads\/2025\/02\/Ordine-uscita-prima-serata-12-819x1024.jpg\" alt=\"\" class=\"wp-image-16694\" srcset=\"https:\/\/www.sanremoliveandlove.it\/wp-content\/uploads\/2025\/02\/Ordine-uscita-prima-serata-12-819x1024.jpg 819w, https:\/\/www.sanremoliveandlove.it\/wp-content\/uploads\/2025\/02\/Ordine-uscita-prima-serata-12-240x300.jpg 240w, https:\/\/www.sanremoliveandlove.it\/wp-content\/uploads\/2025\/02\/Ordine-uscita-prima-serata-12-768x960.jpg 768w, https:\/\/www.sanremoliveandlove.it\/wp-content\/uploads\/2025\/02\/Ordine-uscita-prima-serata-12.jpg 1080w\" sizes=\"auto, (max-width: 819px) 100vw, 819px\" \/><\/figure>\n<\/figure>\n","protected":false},"excerpt":{"rendered":"<p>La terza serata del Festival di Sanremo 2025 ha regalato al pubblico un mix perfetto di musica, emozioni e intrattenimento. A condurre la serata, accanto a Carlo Conti, tre donne dal carisma indiscusso: Miriam Leone, Elettra Lamborghini e Katia Follesa. Un trio d\u2019eccezione che ha saputo alternare momenti di eleganza, comicit\u00e0 e spontaneit\u00e0, rendendo la<\/p>\n","protected":false},"author":3,"featured_media":16681,"comment_status":"closed","ping_status":"closed","sticky":false,"template":"","format":"standard","meta":{"_acf_changed":false,"footnotes":""},"categories":[4],"tags":[68,690,778],"class_list":["post-16698","post","type-post","status-publish","format-standard","has-post-thumbnail","hentry","category-eventi","tag-sanremo-en","tag-sanremo2025-en","tag-terza-serata-en"],"acf":[],"_links":{"self":[{"href":"https:\/\/www.sanremoliveandlove.it\/en\/wp-json\/wp\/v2\/posts\/16698","targetHints":{"allow":["GET"]}}],"collection":[{"href":"https:\/\/www.sanremoliveandlove.it\/en\/wp-json\/wp\/v2\/posts"}],"about":[{"href":"https:\/\/www.sanremoliveandlove.it\/en\/wp-json\/wp\/v2\/types\/post"}],"author":[{"embeddable":true,"href":"https:\/\/www.sanremoliveandlove.it\/en\/wp-json\/wp\/v2\/users\/3"}],"replies":[{"embeddable":true,"href":"https:\/\/www.sanremoliveandlove.it\/en\/wp-json\/wp\/v2\/comments?post=16698"}],"version-history":[{"count":1,"href":"https:\/\/www.sanremoliveandlove.it\/en\/wp-json\/wp\/v2\/posts\/16698\/revisions"}],"predecessor-version":[{"id":16701,"href":"https:\/\/www.sanremoliveandlove.it\/en\/wp-json\/wp\/v2\/posts\/16698\/revisions\/16701"}],"wp:featuredmedia":[{"embeddable":true,"href":"https:\/\/www.sanremoliveandlove.it\/en\/wp-json\/wp\/v2\/media\/16681"}],"wp:attachment":[{"href":"https:\/\/www.sanremoliveandlove.it\/en\/wp-json\/wp\/v2\/media?parent=16698"}],"wp:term":[{"taxonomy":"category","embeddable":true,"href":"https:\/\/www.sanremoliveandlove.it\/en\/wp-json\/wp\/v2\/categories?post=16698"},{"taxonomy":"post_tag","embeddable":true,"href":"https:\/\/www.sanremoliveandlove.it\/en\/wp-json\/wp\/v2\/tags?post=16698"}],"curies":[{"name":"wp","href":"https:\/\/api.w.org\/{rel}","templated":true}]}}