{"id":16379,"date":"2025-02-11T14:13:00","date_gmt":"2025-02-11T13:13:00","guid":{"rendered":"https:\/\/www.sanremoliveandlove.it\/?p=16379"},"modified":"2025-02-11T14:13:00","modified_gmt":"2025-02-11T13:13:00","slug":"sanremo-2025-aggiornamenti-dalla-conferenza-stampa-del-giorno-11-febbraio-2025","status":"publish","type":"post","link":"https:\/\/www.sanremoliveandlove.it\/en\/sanremo-2025-aggiornamenti-dalla-conferenza-stampa-del-giorno-11-febbraio-2025\/","title":{"rendered":"Sanremo 2025: aggiornamenti dalla conferenza stampa del\u00a0giorno 11 Febbraio 2025"},"content":{"rendered":"\n<h2 class=\"wp-block-heading\">Questa mattina, marted\u00ec 11 febbraio 2025, si \u00e8 tenuta la conferenza stampa inaugurale del 75\u00ba Festival di Sanremo presso il Teatro Ariston. Il Direttore Artistico Carlo Conti, affiancato dai co-conduttori Antonella Clerici e Gerry Scotti, ha illustrato i dettagli della prima serata, esprimendo grande entusiasmo per l&#8217;inizio della kermesse musicale.<\/h2>\n\n\n\n<figure class=\"wp-block-gallery has-nested-images columns-default is-cropped wp-block-gallery-1 is-layout-flex wp-block-gallery-is-layout-flex\">\n<figure class=\"wp-block-image size-full\"><img loading=\"lazy\" decoding=\"async\" width=\"300\" height=\"168\" data-id=\"16376\" src=\"https:\/\/www.sanremoliveandlove.it\/wp-content\/uploads\/2025\/02\/images.jpeg\" alt=\"\" class=\"wp-image-16376\"\/><\/figure>\n<\/figure>\n\n\n\n<p>Conti ha annunciato che durante la serata si esibiranno tutti i 29 artisti in gara nella sezione Big, con le loro performance valutate dalla Giuria della Sala Stampa, TV e Web. L&#8217;ordine di uscita degli artisti sar\u00e0 il seguente:<\/p>\n\n\n\n<ol class=\"wp-block-list\">\n<li>Gaia<\/li>\n\n\n\n<li>Francesco Gabbani<\/li>\n\n\n\n<li>Rkomi<\/li>\n\n\n\n<li>Noemi<\/li>\n\n\n\n<li>Irama<\/li>\n\n\n\n<li>Coma_Cose<\/li>\n\n\n\n<li>Simone Cristicchi<\/li>\n\n\n\n<li>Marcella Bella<\/li>\n\n\n\n<li>Achille Lauro<\/li>\n\n\n\n<li>Giorgia<\/li>\n\n\n\n<li>Willie Peyote<\/li>\n\n\n\n<li>Rose Villain<\/li>\n\n\n\n<li>Olly<\/li>\n\n\n\n<li>Elodie<\/li>\n\n\n\n<li>Shablo ft. Gu\u00e9<\/li>\n\n\n\n<li>Joshua e Tormento<\/li>\n\n\n\n<li>Massimo Ranieri<\/li>\n\n\n\n<li>Tony Effe<\/li>\n\n\n\n<li>Serena Brancale<\/li>\n\n\n\n<li>Brunori Sas<\/li>\n\n\n\n<li>Mod\u00e0<\/li>\n\n\n\n<li>Clara<\/li>\n\n\n\n<li>Lucio Corsi<\/li>\n\n\n\n<li>Fedez<\/li>\n\n\n\n<li>Bresh<\/li>\n\n\n\n<li>Sarah Toscano<\/li>\n\n\n\n<li>Joan Thiele<\/li>\n\n\n\n<li>Rocco Hunt<\/li>\n\n\n\n<li>Francesca Michielin e The Kolors<\/li>\n<\/ol>\n\n\n\n<p>Tra gli ospiti speciali della serata, spiccano i nomi di Noa e Mira Awad, che interpreteranno insieme &#8220;Imagine&#8221; di John Lennon, e Jovanotti, la cui presenza promette momenti di grande spettacolo.\u00a0<\/p>\n\n\n\n<p>&#8220;<em>Jovanotti far\u00e0 un medley pazzesco che inizier\u00e0 fuori dall&#8217;Ariston, con batterie ovunque e percussionisti ovunque, poi entrer\u00e0 sul palco, faremo una chiacchierata e poi canter\u00e0 il suo nuovo brano dal suo album Il Corpo Umano e lo saluteremo, io Gerry e Antonella chiedendogli spudoratamente i biglietti omaggio per il Palajova<\/em>&#8220;, dice Carlo Conti, anticipando alcuni aspetti della performance dell&#8217;artista, superospite della prima serata del festival. L&#8217;esibizione, spiega, &#8220;sar\u00e0 a met\u00e0 show&#8221;.<\/p>\n\n\n\n<p>Durante la conferenza, Carlo Conti ha condiviso un momento di profonda emozione ricordando sua madre: &#8220;<em>Era una donna unica, fortissima. Mio padre \u00e8 mancato quando io avevo solo 18 mesi. Non \u00e8 mai mancato un piatto a tavola, anche quando eravamo soli io e lei<\/em>&#8220;. Le sue parole hanno suscitato un lungo applauso da parte dei presenti.\u00a0<\/p>\n\n\n\n<p><strong>Damiano David \u00e8 il superospite della seconda serata<\/strong>, ma all&#8217;Ariston arriva anche la campionessa del pattinaggio sul ghiaccio Carolina Kostner, testimonial per i Giochi Olimpici Milano Cortina 2026.&nbsp;L&#8217;atleta racconter\u00e0 la partenza della fiaccola. Durante la serata, ci saranno anche gli attori Francesco Del Gaudio e Alessandro Gervasi, protagonisti della fiction Champagne dedicato a Peppino Di Capri. Gervasi, che non ha ancora 5 anni e interpreta Peppino Di Capri da bambino, sar\u00e0 al al pianoforte per suonare Champagne. Arriver\u00e0 anche il cast di Follemente e quello di Belcanto. In piazza Colombo, sul Suzuki Stage, si esibir\u00e0 BigMama. Domani inizia anche la gara delle Nuove Proposte: Vale LP e Lil Jolie contro Maria Tomba, Settembre contro Alex Wyse.<\/p>\n\n\n\n<p>&#8220;Gioved\u00ec sera ci sar\u00e0 anche Edoardo Bennato. Gli far\u00f2 cantare Sono solo canzonette&#8221;. Lo annuncia Carlo Conti.<\/p>\n\n\n\n<p>Per quanto riguarda le anticipazioni sulla serata, oltre alle esibizioni dei Big, sono previsti omaggi a grandi artisti della musica italiana e internazionale. In particolare, \u00e8 stato annunciato un tributo al compianto pianista <strong>Ezio Bosso<\/strong>, con l&#8217;inclusione di un suo messaggio sulla musica e la vita.\u00a0<\/p>\n\n\n\n<p><\/p>\n","protected":false},"excerpt":{"rendered":"<p>Questa mattina, marted\u00ec 11 febbraio 2025, si \u00e8 tenuta la conferenza stampa inaugurale del 75\u00ba Festival di Sanremo presso il Teatro Ariston. Il Direttore Artistico Carlo Conti, affiancato dai co-conduttori Antonella Clerici e Gerry Scotti, ha illustrato i dettagli della prima serata, esprimendo grande entusiasmo per l&#8217;inizio della kermesse musicale. Conti ha annunciato che durante<\/p>\n","protected":false},"author":3,"featured_media":16377,"comment_status":"closed","ping_status":"closed","sticky":false,"template":"","format":"standard","meta":{"_acf_changed":false,"footnotes":""},"categories":[368],"tags":[690],"class_list":["post-16379","post","type-post","status-publish","format-standard","has-post-thumbnail","hentry","category-news-en","tag-sanremo2025-en"],"acf":[],"_links":{"self":[{"href":"https:\/\/www.sanremoliveandlove.it\/en\/wp-json\/wp\/v2\/posts\/16379","targetHints":{"allow":["GET"]}}],"collection":[{"href":"https:\/\/www.sanremoliveandlove.it\/en\/wp-json\/wp\/v2\/posts"}],"about":[{"href":"https:\/\/www.sanremoliveandlove.it\/en\/wp-json\/wp\/v2\/types\/post"}],"author":[{"embeddable":true,"href":"https:\/\/www.sanremoliveandlove.it\/en\/wp-json\/wp\/v2\/users\/3"}],"replies":[{"embeddable":true,"href":"https:\/\/www.sanremoliveandlove.it\/en\/wp-json\/wp\/v2\/comments?post=16379"}],"version-history":[{"count":1,"href":"https:\/\/www.sanremoliveandlove.it\/en\/wp-json\/wp\/v2\/posts\/16379\/revisions"}],"predecessor-version":[{"id":16382,"href":"https:\/\/www.sanremoliveandlove.it\/en\/wp-json\/wp\/v2\/posts\/16379\/revisions\/16382"}],"wp:featuredmedia":[{"embeddable":true,"href":"https:\/\/www.sanremoliveandlove.it\/en\/wp-json\/wp\/v2\/media\/16377"}],"wp:attachment":[{"href":"https:\/\/www.sanremoliveandlove.it\/en\/wp-json\/wp\/v2\/media?parent=16379"}],"wp:term":[{"taxonomy":"category","embeddable":true,"href":"https:\/\/www.sanremoliveandlove.it\/en\/wp-json\/wp\/v2\/categories?post=16379"},{"taxonomy":"post_tag","embeddable":true,"href":"https:\/\/www.sanremoliveandlove.it\/en\/wp-json\/wp\/v2\/tags?post=16379"}],"curies":[{"name":"wp","href":"https:\/\/api.w.org\/{rel}","templated":true}]}}