{"id":15861,"date":"2025-01-15T11:49:15","date_gmt":"2025-01-15T10:49:15","guid":{"rendered":"https:\/\/www.sanremoliveandlove.it\/sanremo-2025-abbinamenti-speciali-tra-artisti-e-simboli-della-citta\/"},"modified":"2025-01-15T11:49:44","modified_gmt":"2025-01-15T10:49:44","slug":"sanremo-2025-abbinamenti-speciali-tra-artisti-e-simboli-della-citta","status":"publish","type":"post","link":"https:\/\/www.sanremoliveandlove.it\/en\/sanremo-2025-abbinamenti-speciali-tra-artisti-e-simboli-della-citta\/","title":{"rendered":"SANREMO 2025: ABBINAMENTI SPECIALI TRA ARTISTI E SIMBOLI DELLA CITT\u00c0"},"content":{"rendered":"\n<h2 class=\"wp-block-heading\">Prosegue la presentazione dei protagonisti del&nbsp;<strong>75\u00b0 Festival di Sanremo<\/strong>, che andr\u00e0 in scena dall\u2019<strong>11 al 15 febbraio 2025<\/strong>. Per questa edizione speciale, abbiamo voluto celebrare gli artisti in gara abbinandoli a luoghi, cibi e simboli che raccontano la storia, la bellezza e le tradizioni della nostra citt\u00e0.<\/h2>\n\n\n\n<p>Ecco i nuovi abbinamenti dedicati ai cantanti del Festival:<\/p>\n\n\n\n<h4 class=\"wp-block-heading\"><strong>Willie Peyote \u2013 \u201cGrazie ma no grazie\u201d<\/strong><\/h4>\n\n\n\n<figure class=\"wp-block-gallery has-nested-images columns-default is-cropped wp-block-gallery-1 is-layout-flex wp-block-gallery-is-layout-flex\">\n<figure class=\"wp-block-image size-large\"><img loading=\"lazy\" decoding=\"async\" width=\"1024\" height=\"1024\" data-id=\"15825\" src=\"https:\/\/www.sanremoliveandlove.it\/wp-content\/uploads\/2025\/01\/Snapinst.app_473579990_18068705362745549_1964972351863461486_n_1080-1024x1024.jpg\" alt=\"\" class=\"wp-image-15825\" srcset=\"https:\/\/www.sanremoliveandlove.it\/wp-content\/uploads\/2025\/01\/Snapinst.app_473579990_18068705362745549_1964972351863461486_n_1080-1024x1024.jpg 1024w, https:\/\/www.sanremoliveandlove.it\/wp-content\/uploads\/2025\/01\/Snapinst.app_473579990_18068705362745549_1964972351863461486_n_1080-300x300.jpg 300w, https:\/\/www.sanremoliveandlove.it\/wp-content\/uploads\/2025\/01\/Snapinst.app_473579990_18068705362745549_1964972351863461486_n_1080-150x150.jpg 150w, https:\/\/www.sanremoliveandlove.it\/wp-content\/uploads\/2025\/01\/Snapinst.app_473579990_18068705362745549_1964972351863461486_n_1080-768x768.jpg 768w, https:\/\/www.sanremoliveandlove.it\/wp-content\/uploads\/2025\/01\/Snapinst.app_473579990_18068705362745549_1964972351863461486_n_1080.jpg 1080w\" sizes=\"auto, (max-width: 1024px) 100vw, 1024px\" \/><\/figure>\n\n\n\n<figure class=\"wp-block-image size-large\"><img loading=\"lazy\" decoding=\"async\" width=\"1024\" height=\"1024\" data-id=\"15828\" src=\"https:\/\/www.sanremoliveandlove.it\/wp-content\/uploads\/2025\/01\/Snapinst.app_473633888_18068705320745549_6938260335557617162_n_1080-1-1024x1024.jpg\" alt=\"\" class=\"wp-image-15828\" srcset=\"https:\/\/www.sanremoliveandlove.it\/wp-content\/uploads\/2025\/01\/Snapinst.app_473633888_18068705320745549_6938260335557617162_n_1080-1-1024x1024.jpg 1024w, https:\/\/www.sanremoliveandlove.it\/wp-content\/uploads\/2025\/01\/Snapinst.app_473633888_18068705320745549_6938260335557617162_n_1080-1-300x300.jpg 300w, https:\/\/www.sanremoliveandlove.it\/wp-content\/uploads\/2025\/01\/Snapinst.app_473633888_18068705320745549_6938260335557617162_n_1080-1-150x150.jpg 150w, https:\/\/www.sanremoliveandlove.it\/wp-content\/uploads\/2025\/01\/Snapinst.app_473633888_18068705320745549_6938260335557617162_n_1080-1-768x768.jpg 768w, https:\/\/www.sanremoliveandlove.it\/wp-content\/uploads\/2025\/01\/Snapinst.app_473633888_18068705320745549_6938260335557617162_n_1080-1.jpg 1080w\" sizes=\"auto, (max-width: 1024px) 100vw, 1024px\" \/><\/figure>\n<\/figure>\n\n\n\n<p><strong>Porta di San Giuseppe<\/strong><br>A Willie Peyote abbiamo abbinato la suggestiva&nbsp;<strong>Porta di San Giuseppe<\/strong>, splendido esempio di architettura medievale situato nella parte pi\u00f9 a nord della Pigna. Costruita nel Cinquecento per difendere la citt\u00e0 dalle incursioni esterne, la porta \u00e8 caratterizzata dalla presenza di una &#8220;caditoia&#8221; a tre bocche, da cui veniva colato olio bollente sugli assalitori.<\/p>\n\n\n\n<h4 class=\"wp-block-heading\"><strong>Noemi \u2013 \u201cSe ti innamori muori\u201d<\/strong><\/h4>\n\n\n\n<figure class=\"wp-block-gallery has-nested-images columns-default is-cropped wp-block-gallery-2 is-layout-flex wp-block-gallery-is-layout-flex\">\n<figure class=\"wp-block-image size-large\"><img loading=\"lazy\" decoding=\"async\" width=\"1024\" height=\"1024\" data-id=\"15835\" src=\"https:\/\/www.sanremoliveandlove.it\/wp-content\/uploads\/2025\/01\/Snapinst.app_473697754_18068705329745549_1029522902942595020_n_1080-1-1024x1024.jpg\" alt=\"\" class=\"wp-image-15835\" srcset=\"https:\/\/www.sanremoliveandlove.it\/wp-content\/uploads\/2025\/01\/Snapinst.app_473697754_18068705329745549_1029522902942595020_n_1080-1-1024x1024.jpg 1024w, https:\/\/www.sanremoliveandlove.it\/wp-content\/uploads\/2025\/01\/Snapinst.app_473697754_18068705329745549_1029522902942595020_n_1080-1-300x300.jpg 300w, https:\/\/www.sanremoliveandlove.it\/wp-content\/uploads\/2025\/01\/Snapinst.app_473697754_18068705329745549_1029522902942595020_n_1080-1-150x150.jpg 150w, https:\/\/www.sanremoliveandlove.it\/wp-content\/uploads\/2025\/01\/Snapinst.app_473697754_18068705329745549_1029522902942595020_n_1080-1-768x768.jpg 768w, https:\/\/www.sanremoliveandlove.it\/wp-content\/uploads\/2025\/01\/Snapinst.app_473697754_18068705329745549_1029522902942595020_n_1080-1.jpg 1080w\" sizes=\"auto, (max-width: 1024px) 100vw, 1024px\" \/><\/figure>\n\n\n\n<figure class=\"wp-block-image size-large\"><img loading=\"lazy\" decoding=\"async\" width=\"1024\" height=\"1024\" data-id=\"15832\" src=\"https:\/\/www.sanremoliveandlove.it\/wp-content\/uploads\/2025\/01\/Snapinst.app_473173254_18068705347745549_6385790074656436095_n_1080-1024x1024.jpg\" alt=\"\" class=\"wp-image-15832\" srcset=\"https:\/\/www.sanremoliveandlove.it\/wp-content\/uploads\/2025\/01\/Snapinst.app_473173254_18068705347745549_6385790074656436095_n_1080-1024x1024.jpg 1024w, https:\/\/www.sanremoliveandlove.it\/wp-content\/uploads\/2025\/01\/Snapinst.app_473173254_18068705347745549_6385790074656436095_n_1080-300x300.jpg 300w, https:\/\/www.sanremoliveandlove.it\/wp-content\/uploads\/2025\/01\/Snapinst.app_473173254_18068705347745549_6385790074656436095_n_1080-150x150.jpg 150w, https:\/\/www.sanremoliveandlove.it\/wp-content\/uploads\/2025\/01\/Snapinst.app_473173254_18068705347745549_6385790074656436095_n_1080-768x768.jpg 768w, https:\/\/www.sanremoliveandlove.it\/wp-content\/uploads\/2025\/01\/Snapinst.app_473173254_18068705347745549_6385790074656436095_n_1080.jpg 1080w\" sizes=\"auto, (max-width: 1024px) 100vw, 1024px\" \/><\/figure>\n<\/figure>\n\n\n\n<p><strong>Sardenaira<\/strong><br>Un piatto che racchiude il gusto autentico della cucina sanremese: la&nbsp;<strong>sardenaira<\/strong>. Abbiamo scelto il nostro \u201coro rosso\u201d per Noemi, che potr\u00e0 concedersi un momento di piacere culinario con questa focaccia tipica, perfetta a tutte le ore. Da accompagnare con un \u201cgotto de vin giancu\u201d o una rinfrescante spuma.<\/p>\n\n\n\n<h4 class=\"wp-block-heading\"><strong>Rkomi \u2013 \u201cIl ritmo delle cose\u201d<\/strong><\/h4>\n\n\n\n<figure class=\"wp-block-gallery has-nested-images columns-default is-cropped wp-block-gallery-3 is-layout-flex wp-block-gallery-is-layout-flex\">\n<figure class=\"wp-block-image size-large\"><img loading=\"lazy\" decoding=\"async\" width=\"1024\" height=\"1024\" data-id=\"15839\" src=\"https:\/\/www.sanremoliveandlove.it\/wp-content\/uploads\/2025\/01\/Snapinst.app_473734725_18068705344745549_5560342625139612839_n_1080-1024x1024.jpg\" alt=\"\" class=\"wp-image-15839\" srcset=\"https:\/\/www.sanremoliveandlove.it\/wp-content\/uploads\/2025\/01\/Snapinst.app_473734725_18068705344745549_5560342625139612839_n_1080-1024x1024.jpg 1024w, https:\/\/www.sanremoliveandlove.it\/wp-content\/uploads\/2025\/01\/Snapinst.app_473734725_18068705344745549_5560342625139612839_n_1080-300x300.jpg 300w, https:\/\/www.sanremoliveandlove.it\/wp-content\/uploads\/2025\/01\/Snapinst.app_473734725_18068705344745549_5560342625139612839_n_1080-150x150.jpg 150w, https:\/\/www.sanremoliveandlove.it\/wp-content\/uploads\/2025\/01\/Snapinst.app_473734725_18068705344745549_5560342625139612839_n_1080-768x768.jpg 768w, https:\/\/www.sanremoliveandlove.it\/wp-content\/uploads\/2025\/01\/Snapinst.app_473734725_18068705344745549_5560342625139612839_n_1080.jpg 1080w\" sizes=\"auto, (max-width: 1024px) 100vw, 1024px\" \/><\/figure>\n\n\n\n<figure class=\"wp-block-image size-large\"><img loading=\"lazy\" decoding=\"async\" width=\"1024\" height=\"1024\" data-id=\"15838\" src=\"https:\/\/www.sanremoliveandlove.it\/wp-content\/uploads\/2025\/01\/Snapinst.app_473835890_18068705365745549_6146432869576939119_n_1080-1024x1024.jpg\" alt=\"\" class=\"wp-image-15838\" srcset=\"https:\/\/www.sanremoliveandlove.it\/wp-content\/uploads\/2025\/01\/Snapinst.app_473835890_18068705365745549_6146432869576939119_n_1080-1024x1024.jpg 1024w, https:\/\/www.sanremoliveandlove.it\/wp-content\/uploads\/2025\/01\/Snapinst.app_473835890_18068705365745549_6146432869576939119_n_1080-300x300.jpg 300w, https:\/\/www.sanremoliveandlove.it\/wp-content\/uploads\/2025\/01\/Snapinst.app_473835890_18068705365745549_6146432869576939119_n_1080-150x150.jpg 150w, https:\/\/www.sanremoliveandlove.it\/wp-content\/uploads\/2025\/01\/Snapinst.app_473835890_18068705365745549_6146432869576939119_n_1080-768x768.jpg 768w, https:\/\/www.sanremoliveandlove.it\/wp-content\/uploads\/2025\/01\/Snapinst.app_473835890_18068705365745549_6146432869576939119_n_1080.jpg 1080w\" sizes=\"auto, (max-width: 1024px) 100vw, 1024px\" \/><\/figure>\n<\/figure>\n\n\n\n<p><strong>Villa Ormond<\/strong><br>Per Rkomi, un viaggio nella storia con la magnifica&nbsp;<strong>Villa Ormond<\/strong>, inaugurata nel 1890 dalla ricca famiglia Ormond. Questa elegante dimora ospit\u00f2 i grandi dell\u2019aristocrazia europea, tra cui i Principi di Prussia e l\u2019Imperatrice Elisabetta d\u2019Austria. Circondata da un grande parco, dal 1930 \u00e8 di propriet\u00e0 del Comune ed \u00e8 uno dei gioielli della citt\u00e0.<\/p>\n\n\n\n<h4 class=\"wp-block-heading\"><strong>Mod\u00e0 \u2013 \u201cNon ti dimentico\u201d<\/strong><\/h4>\n\n\n\n<figure class=\"wp-block-gallery has-nested-images columns-default is-cropped wp-block-gallery-4 is-layout-flex wp-block-gallery-is-layout-flex\">\n<figure class=\"wp-block-image size-large\"><img loading=\"lazy\" decoding=\"async\" width=\"1024\" height=\"1024\" data-id=\"15848\" src=\"https:\/\/www.sanremoliveandlove.it\/wp-content\/uploads\/2025\/01\/Snapinst.app_473053861_18068705383745549_4015796794132808726_n_1080-1-1024x1024.jpg\" alt=\"\" class=\"wp-image-15848\" srcset=\"https:\/\/www.sanremoliveandlove.it\/wp-content\/uploads\/2025\/01\/Snapinst.app_473053861_18068705383745549_4015796794132808726_n_1080-1-1024x1024.jpg 1024w, https:\/\/www.sanremoliveandlove.it\/wp-content\/uploads\/2025\/01\/Snapinst.app_473053861_18068705383745549_4015796794132808726_n_1080-1-300x300.jpg 300w, https:\/\/www.sanremoliveandlove.it\/wp-content\/uploads\/2025\/01\/Snapinst.app_473053861_18068705383745549_4015796794132808726_n_1080-1-150x150.jpg 150w, https:\/\/www.sanremoliveandlove.it\/wp-content\/uploads\/2025\/01\/Snapinst.app_473053861_18068705383745549_4015796794132808726_n_1080-1-768x768.jpg 768w, https:\/\/www.sanremoliveandlove.it\/wp-content\/uploads\/2025\/01\/Snapinst.app_473053861_18068705383745549_4015796794132808726_n_1080-1.jpg 1080w\" sizes=\"auto, (max-width: 1024px) 100vw, 1024px\" \/><\/figure>\n\n\n\n<figure class=\"wp-block-image size-large\"><img loading=\"lazy\" decoding=\"async\" width=\"1024\" height=\"1024\" data-id=\"15844\" src=\"https:\/\/www.sanremoliveandlove.it\/wp-content\/uploads\/2025\/01\/Snapinst.app_473627482_18068705392745549_6001687634446921940_n_1080-1024x1024.jpg\" alt=\"\" class=\"wp-image-15844\" srcset=\"https:\/\/www.sanremoliveandlove.it\/wp-content\/uploads\/2025\/01\/Snapinst.app_473627482_18068705392745549_6001687634446921940_n_1080-1024x1024.jpg 1024w, https:\/\/www.sanremoliveandlove.it\/wp-content\/uploads\/2025\/01\/Snapinst.app_473627482_18068705392745549_6001687634446921940_n_1080-300x300.jpg 300w, https:\/\/www.sanremoliveandlove.it\/wp-content\/uploads\/2025\/01\/Snapinst.app_473627482_18068705392745549_6001687634446921940_n_1080-150x150.jpg 150w, https:\/\/www.sanremoliveandlove.it\/wp-content\/uploads\/2025\/01\/Snapinst.app_473627482_18068705392745549_6001687634446921940_n_1080-768x768.jpg 768w, https:\/\/www.sanremoliveandlove.it\/wp-content\/uploads\/2025\/01\/Snapinst.app_473627482_18068705392745549_6001687634446921940_n_1080.jpg 1080w\" sizes=\"auto, (max-width: 1024px) 100vw, 1024px\" \/><\/figure>\n<\/figure>\n\n\n\n<p><strong>La Fontana dello Zampillo<\/strong><br>Un luogo perfetto per una foto ricordo: i Mod\u00e0 sono abbinati alla celebre&nbsp;<strong>Fontana dello Zampillo<\/strong>. Con la scritta \u201cSanremo\u201d in bella vista, questa fontana \u00e8 tra i luoghi pi\u00f9 fotografati e condivisi sui social, diventando un simbolo iconico per turisti e cittadini.<\/p>\n\n\n\n<h4 class=\"wp-block-heading\"><strong>Rose Villain \u2013 \u201cFuorilegge\u201d<\/strong><\/h4>\n\n\n\n<figure class=\"wp-block-gallery has-nested-images columns-default is-cropped wp-block-gallery-5 is-layout-flex wp-block-gallery-is-layout-flex\">\n<figure class=\"wp-block-image size-large\"><img loading=\"lazy\" decoding=\"async\" width=\"1024\" height=\"1024\" data-id=\"15852\" src=\"https:\/\/www.sanremoliveandlove.it\/wp-content\/uploads\/2025\/01\/Snapinst.app_473831833_18068705380745549_9039416089800650459_n_1080-1024x1024.jpg\" alt=\"\" class=\"wp-image-15852\" srcset=\"https:\/\/www.sanremoliveandlove.it\/wp-content\/uploads\/2025\/01\/Snapinst.app_473831833_18068705380745549_9039416089800650459_n_1080-1024x1024.jpg 1024w, https:\/\/www.sanremoliveandlove.it\/wp-content\/uploads\/2025\/01\/Snapinst.app_473831833_18068705380745549_9039416089800650459_n_1080-300x300.jpg 300w, https:\/\/www.sanremoliveandlove.it\/wp-content\/uploads\/2025\/01\/Snapinst.app_473831833_18068705380745549_9039416089800650459_n_1080-150x150.jpg 150w, https:\/\/www.sanremoliveandlove.it\/wp-content\/uploads\/2025\/01\/Snapinst.app_473831833_18068705380745549_9039416089800650459_n_1080-768x768.jpg 768w, https:\/\/www.sanremoliveandlove.it\/wp-content\/uploads\/2025\/01\/Snapinst.app_473831833_18068705380745549_9039416089800650459_n_1080.jpg 1080w\" sizes=\"auto, (max-width: 1024px) 100vw, 1024px\" \/><\/figure>\n\n\n\n<figure class=\"wp-block-image size-large\"><img loading=\"lazy\" decoding=\"async\" width=\"1024\" height=\"1024\" data-id=\"15851\" src=\"https:\/\/www.sanremoliveandlove.it\/wp-content\/uploads\/2025\/01\/Snapinst.app_471925168_18068705401745549_5679705878704405922_n_1080-1024x1024.jpg\" alt=\"\" class=\"wp-image-15851\" srcset=\"https:\/\/www.sanremoliveandlove.it\/wp-content\/uploads\/2025\/01\/Snapinst.app_471925168_18068705401745549_5679705878704405922_n_1080-1024x1024.jpg 1024w, https:\/\/www.sanremoliveandlove.it\/wp-content\/uploads\/2025\/01\/Snapinst.app_471925168_18068705401745549_5679705878704405922_n_1080-300x300.jpg 300w, https:\/\/www.sanremoliveandlove.it\/wp-content\/uploads\/2025\/01\/Snapinst.app_471925168_18068705401745549_5679705878704405922_n_1080-150x150.jpg 150w, https:\/\/www.sanremoliveandlove.it\/wp-content\/uploads\/2025\/01\/Snapinst.app_471925168_18068705401745549_5679705878704405922_n_1080-768x768.jpg 768w, https:\/\/www.sanremoliveandlove.it\/wp-content\/uploads\/2025\/01\/Snapinst.app_471925168_18068705401745549_5679705878704405922_n_1080.jpg 1080w\" sizes=\"auto, (max-width: 1024px) 100vw, 1024px\" \/><\/figure>\n<\/figure>\n\n\n\n<p><strong>Statua della Primavera<\/strong><br>Alla bellezza luminosa di Rose Villain dedichiamo la&nbsp;<strong>Statua della Primavera<\/strong>, scolpita negli anni Venti da Vincenzo Pasquali. Situata all\u2019inizio della Passeggiata Imperatrice, questa opera d\u2019arte rappresenta il clima mite di Sanremo e l\u2019eterna primavera della citt\u00e0, con il volto rivolto verso il mare.<\/p>\n\n\n\n<h3 class=\"wp-block-heading\">SANREMO, TRA MUSICA E TRADIZIONE<\/h3>\n\n\n\n<p>Il&nbsp;<strong>Festival di Sanremo 2025<\/strong>&nbsp;sar\u00e0 un\u2019occasione unica per celebrare non solo la musica, ma anche le eccellenze e i simboli della citt\u00e0 dei fiori. Continuate a seguirci per scoprire tutti gli abbinamenti e immergervi nell\u2019atmosfera magica che solo Sanremo sa regalare.<\/p>\n","protected":false},"excerpt":{"rendered":"<p>Prosegue la presentazione dei protagonisti del&nbsp;75\u00b0 Festival di Sanremo, che andr\u00e0 in scena dall\u201911 al 15 febbraio 2025. Per questa edizione speciale, abbiamo voluto celebrare gli artisti in gara abbinandoli a luoghi, cibi e simboli che raccontano la storia, la bellezza e le tradizioni della nostra citt\u00e0. Ecco i nuovi abbinamenti dedicati ai cantanti del<\/p>\n","protected":false},"author":3,"featured_media":15858,"comment_status":"closed","ping_status":"closed","sticky":false,"template":"","format":"standard","meta":{"_acf_changed":false,"footnotes":""},"categories":[368],"tags":[672,68,665],"class_list":["post-15861","post","type-post","status-publish","format-standard","has-post-thumbnail","hentry","category-news-en","tag-cast-en","tag-sanremo-en","tag-sanremo-2025-en"],"acf":[],"_links":{"self":[{"href":"https:\/\/www.sanremoliveandlove.it\/en\/wp-json\/wp\/v2\/posts\/15861","targetHints":{"allow":["GET"]}}],"collection":[{"href":"https:\/\/www.sanremoliveandlove.it\/en\/wp-json\/wp\/v2\/posts"}],"about":[{"href":"https:\/\/www.sanremoliveandlove.it\/en\/wp-json\/wp\/v2\/types\/post"}],"author":[{"embeddable":true,"href":"https:\/\/www.sanremoliveandlove.it\/en\/wp-json\/wp\/v2\/users\/3"}],"replies":[{"embeddable":true,"href":"https:\/\/www.sanremoliveandlove.it\/en\/wp-json\/wp\/v2\/comments?post=15861"}],"version-history":[{"count":1,"href":"https:\/\/www.sanremoliveandlove.it\/en\/wp-json\/wp\/v2\/posts\/15861\/revisions"}],"predecessor-version":[{"id":15863,"href":"https:\/\/www.sanremoliveandlove.it\/en\/wp-json\/wp\/v2\/posts\/15861\/revisions\/15863"}],"wp:featuredmedia":[{"embeddable":true,"href":"https:\/\/www.sanremoliveandlove.it\/en\/wp-json\/wp\/v2\/media\/15858"}],"wp:attachment":[{"href":"https:\/\/www.sanremoliveandlove.it\/en\/wp-json\/wp\/v2\/media?parent=15861"}],"wp:term":[{"taxonomy":"category","embeddable":true,"href":"https:\/\/www.sanremoliveandlove.it\/en\/wp-json\/wp\/v2\/categories?post=15861"},{"taxonomy":"post_tag","embeddable":true,"href":"https:\/\/www.sanremoliveandlove.it\/en\/wp-json\/wp\/v2\/tags?post=15861"}],"curies":[{"name":"wp","href":"https:\/\/api.w.org\/{rel}","templated":true}]}}