{"id":15819,"date":"2025-01-15T11:40:49","date_gmt":"2025-01-15T10:40:49","guid":{"rendered":"https:\/\/www.sanremoliveandlove.it\/sanremo-2025-mancano-30-giorni-al-75-festival-della-canzone-italiana\/"},"modified":"2025-01-15T11:41:07","modified_gmt":"2025-01-15T10:41:07","slug":"sanremo-2025-mancano-30-giorni-al-75-festival-della-canzone-italiana","status":"publish","type":"post","link":"https:\/\/www.sanremoliveandlove.it\/en\/sanremo-2025-mancano-30-giorni-al-75-festival-della-canzone-italiana\/","title":{"rendered":"SANREMO 2025: MANCANO 30 GIORNI AL 75\u00b0 FESTIVAL DELLA CANZONE ITALIANA"},"content":{"rendered":"\n<p>Il conto alla rovescia \u00e8 ufficialmente iniziato: tra soli 30 giorni prender\u00e0 il via la&nbsp;<strong>75\u00aa edizione del Festival di Sanremo<\/strong>, in programma dall\u2019<strong>11 al 15 febbraio 2025<\/strong>.<\/p>\n\n\n\n<p>Trenta, come i cantanti che calcheranno il palco del Teatro Ariston, pronti a regalarci emozioni, spettacolo e musica indimenticabile. Per celebrare questo importante traguardo, abbiamo deciso di accogliere ogni artista abbinandolo simbolicamente a un luogo, un cibo o un fiore che rappresenta la nostra amata citt\u00e0 di Sanremo.<\/p>\n\n\n\n<p>Ecco gli abbinamenti scelti per alcuni dei protagonisti:<\/p>\n\n\n\n<h4 class=\"wp-block-heading\"><strong>Fedez \u2013 \u201cBattito\u201d<\/strong><\/h4>\n\n\n\n<figure class=\"wp-block-gallery has-nested-images columns-default is-cropped wp-block-gallery-1 is-layout-flex wp-block-gallery-is-layout-flex\">\n<figure class=\"wp-block-image size-large\"><img loading=\"lazy\" decoding=\"async\" width=\"1024\" height=\"1024\" data-id=\"15789\" src=\"https:\/\/www.sanremoliveandlove.it\/wp-content\/uploads\/2025\/01\/Snapinst.app_472797185_1155332672638477_4389294077153632042_n_1080-1024x1024.jpg\" alt=\"\" class=\"wp-image-15789\" srcset=\"https:\/\/www.sanremoliveandlove.it\/wp-content\/uploads\/2025\/01\/Snapinst.app_472797185_1155332672638477_4389294077153632042_n_1080-1024x1024.jpg 1024w, https:\/\/www.sanremoliveandlove.it\/wp-content\/uploads\/2025\/01\/Snapinst.app_472797185_1155332672638477_4389294077153632042_n_1080-300x300.jpg 300w, https:\/\/www.sanremoliveandlove.it\/wp-content\/uploads\/2025\/01\/Snapinst.app_472797185_1155332672638477_4389294077153632042_n_1080-150x150.jpg 150w, https:\/\/www.sanremoliveandlove.it\/wp-content\/uploads\/2025\/01\/Snapinst.app_472797185_1155332672638477_4389294077153632042_n_1080-768x768.jpg 768w, https:\/\/www.sanremoliveandlove.it\/wp-content\/uploads\/2025\/01\/Snapinst.app_472797185_1155332672638477_4389294077153632042_n_1080.jpg 1080w\" sizes=\"auto, (max-width: 1024px) 100vw, 1024px\" \/><\/figure>\n\n\n\n<figure class=\"wp-block-image size-large\"><img loading=\"lazy\" decoding=\"async\" width=\"1024\" height=\"1024\" data-id=\"15787\" src=\"https:\/\/www.sanremoliveandlove.it\/wp-content\/uploads\/2025\/01\/Snapinst.app_473035399_1155332669305144_457561821712958712_n_1080-1024x1024.jpg\" alt=\"\" class=\"wp-image-15787\" srcset=\"https:\/\/www.sanremoliveandlove.it\/wp-content\/uploads\/2025\/01\/Snapinst.app_473035399_1155332669305144_457561821712958712_n_1080-1024x1024.jpg 1024w, https:\/\/www.sanremoliveandlove.it\/wp-content\/uploads\/2025\/01\/Snapinst.app_473035399_1155332669305144_457561821712958712_n_1080-300x300.jpg 300w, https:\/\/www.sanremoliveandlove.it\/wp-content\/uploads\/2025\/01\/Snapinst.app_473035399_1155332669305144_457561821712958712_n_1080-150x150.jpg 150w, https:\/\/www.sanremoliveandlove.it\/wp-content\/uploads\/2025\/01\/Snapinst.app_473035399_1155332669305144_457561821712958712_n_1080-768x768.jpg 768w, https:\/\/www.sanremoliveandlove.it\/wp-content\/uploads\/2025\/01\/Snapinst.app_473035399_1155332669305144_457561821712958712_n_1080.jpg 1080w\" sizes=\"auto, (max-width: 1024px) 100vw, 1024px\" \/><\/figure>\n<\/figure>\n\n\n\n<p><strong>Statua di Mike Bongiorno<\/strong><br>Al rapper milanese abbiamo abbinato l\u2019iconica statua dedicata a&nbsp;<strong>Mike Bongiorno<\/strong>, il decano dei presentatori e protagonista di ben 11 edizioni del Festival. Inaugurata nel 2013, questa statua \u00e8 uno dei luoghi pi\u00f9 fotografati e condivisi sui social, un vero simbolo della citt\u00e0 dei fiori!<\/p>\n\n\n\n<h4 class=\"wp-block-heading\"><strong>Achille Lauro \u2013 \u201cIncoscienti giovani\u201d<\/strong><\/h4>\n\n\n\n<figure class=\"wp-block-gallery has-nested-images columns-default is-cropped wp-block-gallery-2 is-layout-flex wp-block-gallery-is-layout-flex\">\n<figure class=\"wp-block-image size-large\"><img loading=\"lazy\" decoding=\"async\" width=\"1024\" height=\"1024\" data-id=\"15793\" src=\"https:\/\/www.sanremoliveandlove.it\/wp-content\/uploads\/2025\/01\/Snapinst.app_473451844_1155332809305130_5541227932438746461_n_1080-1024x1024.jpg\" alt=\"\" class=\"wp-image-15793\" srcset=\"https:\/\/www.sanremoliveandlove.it\/wp-content\/uploads\/2025\/01\/Snapinst.app_473451844_1155332809305130_5541227932438746461_n_1080-1024x1024.jpg 1024w, https:\/\/www.sanremoliveandlove.it\/wp-content\/uploads\/2025\/01\/Snapinst.app_473451844_1155332809305130_5541227932438746461_n_1080-300x300.jpg 300w, https:\/\/www.sanremoliveandlove.it\/wp-content\/uploads\/2025\/01\/Snapinst.app_473451844_1155332809305130_5541227932438746461_n_1080-150x150.jpg 150w, https:\/\/www.sanremoliveandlove.it\/wp-content\/uploads\/2025\/01\/Snapinst.app_473451844_1155332809305130_5541227932438746461_n_1080-768x768.jpg 768w, https:\/\/www.sanremoliveandlove.it\/wp-content\/uploads\/2025\/01\/Snapinst.app_473451844_1155332809305130_5541227932438746461_n_1080.jpg 1080w\" sizes=\"auto, (max-width: 1024px) 100vw, 1024px\" \/><\/figure>\n\n\n\n<figure class=\"wp-block-image size-large\"><img loading=\"lazy\" decoding=\"async\" width=\"1024\" height=\"1024\" data-id=\"15794\" src=\"https:\/\/www.sanremoliveandlove.it\/wp-content\/uploads\/2025\/01\/Snapinst.app_472989756_1155332812638463_2039591422792906024_n_1080-1024x1024.jpg\" alt=\"\" class=\"wp-image-15794\" srcset=\"https:\/\/www.sanremoliveandlove.it\/wp-content\/uploads\/2025\/01\/Snapinst.app_472989756_1155332812638463_2039591422792906024_n_1080-1024x1024.jpg 1024w, https:\/\/www.sanremoliveandlove.it\/wp-content\/uploads\/2025\/01\/Snapinst.app_472989756_1155332812638463_2039591422792906024_n_1080-300x300.jpg 300w, https:\/\/www.sanremoliveandlove.it\/wp-content\/uploads\/2025\/01\/Snapinst.app_472989756_1155332812638463_2039591422792906024_n_1080-150x150.jpg 150w, https:\/\/www.sanremoliveandlove.it\/wp-content\/uploads\/2025\/01\/Snapinst.app_472989756_1155332812638463_2039591422792906024_n_1080-768x768.jpg 768w, https:\/\/www.sanremoliveandlove.it\/wp-content\/uploads\/2025\/01\/Snapinst.app_472989756_1155332812638463_2039591422792906024_n_1080.jpg 1080w\" sizes=\"auto, (max-width: 1024px) 100vw, 1024px\" \/><\/figure>\n<\/figure>\n\n\n\n<p><strong>Piazza Bresca<\/strong><br>Per il visionario Achille Lauro, abbiamo scelto\u00a0<strong>Piazza Bresca<\/strong>, cuore pulsante della movida sanremese. Questa piazza, ricca di storia e vita, deve il suo nome al capitano Bresca, celebre per il suo intervento durante l\u2019innalzamento dell\u2019obelisco di Piazza San Pietro a Roma<\/p>\n\n\n\n<h4 class=\"wp-block-heading\"><strong>Gaia \u2013 \u201cChiamo io chiami tu\u201d<\/strong><\/h4>\n\n\n\n<figure class=\"wp-block-gallery has-nested-images columns-default is-cropped wp-block-gallery-3 is-layout-flex wp-block-gallery-is-layout-flex\">\n<figure class=\"wp-block-image size-large\"><img loading=\"lazy\" decoding=\"async\" width=\"1024\" height=\"1024\" data-id=\"15800\" src=\"https:\/\/www.sanremoliveandlove.it\/wp-content\/uploads\/2025\/01\/Snapinst.app_473055989_1155332979305113_7701247274270649182_n_1080-1024x1024.jpg\" alt=\"\" class=\"wp-image-15800\" srcset=\"https:\/\/www.sanremoliveandlove.it\/wp-content\/uploads\/2025\/01\/Snapinst.app_473055989_1155332979305113_7701247274270649182_n_1080-1024x1024.jpg 1024w, https:\/\/www.sanremoliveandlove.it\/wp-content\/uploads\/2025\/01\/Snapinst.app_473055989_1155332979305113_7701247274270649182_n_1080-300x300.jpg 300w, https:\/\/www.sanremoliveandlove.it\/wp-content\/uploads\/2025\/01\/Snapinst.app_473055989_1155332979305113_7701247274270649182_n_1080-150x150.jpg 150w, https:\/\/www.sanremoliveandlove.it\/wp-content\/uploads\/2025\/01\/Snapinst.app_473055989_1155332979305113_7701247274270649182_n_1080-768x768.jpg 768w, https:\/\/www.sanremoliveandlove.it\/wp-content\/uploads\/2025\/01\/Snapinst.app_473055989_1155332979305113_7701247274270649182_n_1080.jpg 1080w\" sizes=\"auto, (max-width: 1024px) 100vw, 1024px\" \/><\/figure>\n\n\n\n<figure class=\"wp-block-image size-large\"><img loading=\"lazy\" decoding=\"async\" width=\"1024\" height=\"1024\" data-id=\"15799\" src=\"https:\/\/www.sanremoliveandlove.it\/wp-content\/uploads\/2025\/01\/Snapinst.app_473163079_1155332982638446_5180150862348122236_n_1080-1024x1024.jpg\" alt=\"\" class=\"wp-image-15799\" srcset=\"https:\/\/www.sanremoliveandlove.it\/wp-content\/uploads\/2025\/01\/Snapinst.app_473163079_1155332982638446_5180150862348122236_n_1080-1024x1024.jpg 1024w, https:\/\/www.sanremoliveandlove.it\/wp-content\/uploads\/2025\/01\/Snapinst.app_473163079_1155332982638446_5180150862348122236_n_1080-300x300.jpg 300w, https:\/\/www.sanremoliveandlove.it\/wp-content\/uploads\/2025\/01\/Snapinst.app_473163079_1155332982638446_5180150862348122236_n_1080-150x150.jpg 150w, https:\/\/www.sanremoliveandlove.it\/wp-content\/uploads\/2025\/01\/Snapinst.app_473163079_1155332982638446_5180150862348122236_n_1080-768x768.jpg 768w, https:\/\/www.sanremoliveandlove.it\/wp-content\/uploads\/2025\/01\/Snapinst.app_473163079_1155332982638446_5180150862348122236_n_1080.jpg 1080w\" sizes=\"auto, (max-width: 1024px) 100vw, 1024px\" \/><\/figure>\n<\/figure>\n\n\n\n<p><strong>Ranuncoli<\/strong><br>Per Gaia, giovane e talentuosa artista, abbiamo pensato ai&nbsp;<strong>ranuncoli colorati<\/strong>, fiore simbolo di Sanremo. Questa eccellenza locale \u00e8 amata per la sua precoce e lunga fioritura, un omaggio perfetto per una delle voci pi\u00f9 fresche del Festival.<\/p>\n\n\n\n<h4 class=\"wp-block-heading\"><strong>Coma_Cose \u2013 \u201cCuoricini\u201d<\/strong><\/h4>\n\n\n\n<figure class=\"wp-block-gallery has-nested-images columns-default is-cropped wp-block-gallery-4 is-layout-flex wp-block-gallery-is-layout-flex\">\n<figure class=\"wp-block-image size-large\"><img loading=\"lazy\" decoding=\"async\" width=\"1024\" height=\"1024\" data-id=\"15806\" src=\"https:\/\/www.sanremoliveandlove.it\/wp-content\/uploads\/2025\/01\/Snapinst.app_473247386_1155333129305098_5579459889537671352_n_1080-1024x1024.jpg\" alt=\"\" class=\"wp-image-15806\" srcset=\"https:\/\/www.sanremoliveandlove.it\/wp-content\/uploads\/2025\/01\/Snapinst.app_473247386_1155333129305098_5579459889537671352_n_1080-1024x1024.jpg 1024w, https:\/\/www.sanremoliveandlove.it\/wp-content\/uploads\/2025\/01\/Snapinst.app_473247386_1155333129305098_5579459889537671352_n_1080-300x300.jpg 300w, https:\/\/www.sanremoliveandlove.it\/wp-content\/uploads\/2025\/01\/Snapinst.app_473247386_1155333129305098_5579459889537671352_n_1080-150x150.jpg 150w, https:\/\/www.sanremoliveandlove.it\/wp-content\/uploads\/2025\/01\/Snapinst.app_473247386_1155333129305098_5579459889537671352_n_1080-768x768.jpg 768w, https:\/\/www.sanremoliveandlove.it\/wp-content\/uploads\/2025\/01\/Snapinst.app_473247386_1155333129305098_5579459889537671352_n_1080.jpg 1080w\" sizes=\"auto, (max-width: 1024px) 100vw, 1024px\" \/><\/figure>\n\n\n\n<figure class=\"wp-block-image size-large\"><img loading=\"lazy\" decoding=\"async\" width=\"1024\" height=\"1024\" data-id=\"15815\" src=\"https:\/\/www.sanremoliveandlove.it\/wp-content\/uploads\/2025\/01\/Snapinst.app_473331891_1155333109305100_3421079628473161982_n_1080-1-1024x1024.jpg\" alt=\"\" class=\"wp-image-15815\" srcset=\"https:\/\/www.sanremoliveandlove.it\/wp-content\/uploads\/2025\/01\/Snapinst.app_473331891_1155333109305100_3421079628473161982_n_1080-1-1024x1024.jpg 1024w, https:\/\/www.sanremoliveandlove.it\/wp-content\/uploads\/2025\/01\/Snapinst.app_473331891_1155333109305100_3421079628473161982_n_1080-1-300x300.jpg 300w, https:\/\/www.sanremoliveandlove.it\/wp-content\/uploads\/2025\/01\/Snapinst.app_473331891_1155333109305100_3421079628473161982_n_1080-1-150x150.jpg 150w, https:\/\/www.sanremoliveandlove.it\/wp-content\/uploads\/2025\/01\/Snapinst.app_473331891_1155333109305100_3421079628473161982_n_1080-1-768x768.jpg 768w, https:\/\/www.sanremoliveandlove.it\/wp-content\/uploads\/2025\/01\/Snapinst.app_473331891_1155333109305100_3421079628473161982_n_1080-1.jpg 1080w\" sizes=\"auto, (max-width: 1024px) 100vw, 1024px\" \/><\/figure>\n<\/figure>\n\n\n\n<p><strong>Baci di Sanremo<\/strong><br>Dolcezza per la coppia Coma_Cose, che condivide vita e palco. A loro dedichiamo i&nbsp;<strong>baci di Sanremo<\/strong>, deliziose tentazioni di cioccolato arricchite da miele e albumi, perfette per celebrare la loro armonia.<\/p>\n\n\n\n<h4 class=\"wp-block-heading\"><strong>Francesco Gabbani \u2013 \u201cViva la vita\u201d<\/strong><\/h4>\n\n\n\n<figure class=\"wp-block-gallery has-nested-images columns-default is-cropped wp-block-gallery-5 is-layout-flex wp-block-gallery-is-layout-flex\">\n<figure class=\"wp-block-image size-large\"><img loading=\"lazy\" decoding=\"async\" width=\"1024\" height=\"1024\" data-id=\"15809\" src=\"https:\/\/www.sanremoliveandlove.it\/wp-content\/uploads\/2025\/01\/Snapinst.app_473040157_1155333329305078_2274764871805360811_n_1080-1024x1024.jpg\" alt=\"\" class=\"wp-image-15809\" srcset=\"https:\/\/www.sanremoliveandlove.it\/wp-content\/uploads\/2025\/01\/Snapinst.app_473040157_1155333329305078_2274764871805360811_n_1080-1024x1024.jpg 1024w, https:\/\/www.sanremoliveandlove.it\/wp-content\/uploads\/2025\/01\/Snapinst.app_473040157_1155333329305078_2274764871805360811_n_1080-300x300.jpg 300w, https:\/\/www.sanremoliveandlove.it\/wp-content\/uploads\/2025\/01\/Snapinst.app_473040157_1155333329305078_2274764871805360811_n_1080-150x150.jpg 150w, https:\/\/www.sanremoliveandlove.it\/wp-content\/uploads\/2025\/01\/Snapinst.app_473040157_1155333329305078_2274764871805360811_n_1080-768x768.jpg 768w, https:\/\/www.sanremoliveandlove.it\/wp-content\/uploads\/2025\/01\/Snapinst.app_473040157_1155333329305078_2274764871805360811_n_1080.jpg 1080w\" sizes=\"auto, (max-width: 1024px) 100vw, 1024px\" \/><\/figure>\n\n\n\n<figure class=\"wp-block-image size-large\"><img loading=\"lazy\" decoding=\"async\" width=\"1024\" height=\"1024\" data-id=\"15810\" src=\"https:\/\/www.sanremoliveandlove.it\/wp-content\/uploads\/2025\/01\/Snapinst.app_473275873_1155333352638409_9019747625955851089_n_1080-1024x1024.jpg\" alt=\"\" class=\"wp-image-15810\" srcset=\"https:\/\/www.sanremoliveandlove.it\/wp-content\/uploads\/2025\/01\/Snapinst.app_473275873_1155333352638409_9019747625955851089_n_1080-1024x1024.jpg 1024w, https:\/\/www.sanremoliveandlove.it\/wp-content\/uploads\/2025\/01\/Snapinst.app_473275873_1155333352638409_9019747625955851089_n_1080-300x300.jpg 300w, https:\/\/www.sanremoliveandlove.it\/wp-content\/uploads\/2025\/01\/Snapinst.app_473275873_1155333352638409_9019747625955851089_n_1080-150x150.jpg 150w, https:\/\/www.sanremoliveandlove.it\/wp-content\/uploads\/2025\/01\/Snapinst.app_473275873_1155333352638409_9019747625955851089_n_1080-768x768.jpg 768w, https:\/\/www.sanremoliveandlove.it\/wp-content\/uploads\/2025\/01\/Snapinst.app_473275873_1155333352638409_9019747625955851089_n_1080.jpg 1080w\" sizes=\"auto, (max-width: 1024px) 100vw, 1024px\" \/><\/figure>\n<\/figure>\n\n\n\n<p><strong>La Vesca<\/strong><br>Per Francesco Gabbani, abbiamo scelto la splendida zona de&nbsp;<strong>La Vesca<\/strong>, una perla situata lungo la pista ciclabile di Sanremo. Con il suo mare cristallino, il sole e una vista mozzafiato, rappresenta la gioia di vivere che caratterizza le sue canzoni.<\/p>\n\n\n\n<h3 class=\"wp-block-heading\">UN FESTIVAL TRA TRADIZIONE E INNOVAZIONE<\/h3>\n\n\n\n<p>Sanremo 2025 si preannuncia come un\u2019edizione indimenticabile, capace di unire storia e innovazione, musica e bellezza, per celebrare al meglio la tradizione della citt\u00e0 che da sempre \u00e8 sinonimo di arte e spettacolo.<\/p>\n\n\n\n<p>Restate sintonizzati per scoprire tutte le novit\u00e0 e vivere insieme l\u2019emozione del Festival pi\u00f9 atteso d\u2019Italia.<\/p>\n","protected":false},"excerpt":{"rendered":"<p>Il conto alla rovescia \u00e8 ufficialmente iniziato: tra soli 30 giorni prender\u00e0 il via la&nbsp;75\u00aa edizione del Festival di Sanremo, in programma dall\u201911 al 15 febbraio 2025. Trenta, come i cantanti che calcheranno il palco del Teatro Ariston, pronti a regalarci emozioni, spettacolo e musica indimenticabile. Per celebrare questo importante traguardo, abbiamo deciso di accogliere<\/p>\n","protected":false},"author":3,"featured_media":15790,"comment_status":"closed","ping_status":"closed","sticky":false,"template":"","format":"standard","meta":{"_acf_changed":false,"footnotes":""},"categories":[368],"tags":[672,68,665],"class_list":["post-15819","post","type-post","status-publish","format-standard","has-post-thumbnail","hentry","category-news-en","tag-cast-en","tag-sanremo-en","tag-sanremo-2025-en"],"acf":[],"_links":{"self":[{"href":"https:\/\/www.sanremoliveandlove.it\/en\/wp-json\/wp\/v2\/posts\/15819","targetHints":{"allow":["GET"]}}],"collection":[{"href":"https:\/\/www.sanremoliveandlove.it\/en\/wp-json\/wp\/v2\/posts"}],"about":[{"href":"https:\/\/www.sanremoliveandlove.it\/en\/wp-json\/wp\/v2\/types\/post"}],"author":[{"embeddable":true,"href":"https:\/\/www.sanremoliveandlove.it\/en\/wp-json\/wp\/v2\/users\/3"}],"replies":[{"embeddable":true,"href":"https:\/\/www.sanremoliveandlove.it\/en\/wp-json\/wp\/v2\/comments?post=15819"}],"version-history":[{"count":1,"href":"https:\/\/www.sanremoliveandlove.it\/en\/wp-json\/wp\/v2\/posts\/15819\/revisions"}],"predecessor-version":[{"id":15821,"href":"https:\/\/www.sanremoliveandlove.it\/en\/wp-json\/wp\/v2\/posts\/15819\/revisions\/15821"}],"wp:featuredmedia":[{"embeddable":true,"href":"https:\/\/www.sanremoliveandlove.it\/en\/wp-json\/wp\/v2\/media\/15790"}],"wp:attachment":[{"href":"https:\/\/www.sanremoliveandlove.it\/en\/wp-json\/wp\/v2\/media?parent=15819"}],"wp:term":[{"taxonomy":"category","embeddable":true,"href":"https:\/\/www.sanremoliveandlove.it\/en\/wp-json\/wp\/v2\/categories?post=15819"},{"taxonomy":"post_tag","embeddable":true,"href":"https:\/\/www.sanremoliveandlove.it\/en\/wp-json\/wp\/v2\/tags?post=15819"}],"curies":[{"name":"wp","href":"https:\/\/api.w.org\/{rel}","templated":true}]}}