{"id":14241,"date":"2024-08-26T14:39:10","date_gmt":"2024-08-26T12:39:10","guid":{"rendered":"https:\/\/www.sanremoliveandlove.it\/modugno\/"},"modified":"2024-08-26T14:39:34","modified_gmt":"2024-08-26T12:39:34","slug":"modugno","status":"publish","type":"post","link":"https:\/\/www.sanremoliveandlove.it\/en\/modugno\/","title":{"rendered":"AL TEATRO ARISTON L\u2019OMAGGIO A MODUGNO DELL\u2019ORCHESTRA SINFONICA DI SANREMO E PEPPE VOLTARELLI\u00a0"},"content":{"rendered":"\n<p><strong>Il concerto omaggio a Domenico Modugno, ideato dalla Fondazione Orchestra Sinfonica di Sanremo, \u00e8 pronto a iniziare il suo viaggio per l\u2019Italia che lo porter\u00e0 dal Teatro Ariston (venerd\u00ec 30 agosto h.21.30) a Polignano a Mare (nella prima settimana di settembre).\u00a0 Alla direzione il M\u00b0 Giancarlo De Lorenzo. Voce e interprete Peppe Voltarelli.\u00a0<\/strong><\/p>\n\n\n\n<p>Domenico Modugno trionf\u00f2 al Festival per quattro edizioni, nel 1958, 1959, 1962 e 1966.&nbsp; La kermesse canora sanremese allora non si svolgeva al Teatro Ariston. Si dovette aspettare il 1977 &#8211; e l\u2019inagibilit\u00e0 del Salone delle feste del Casin\u00f2 &#8211; per trovare all\u2019Ariston la grande casa del Festival consacrando, anno dopo anno, il teatro fondato da Aristide Vacchino come tempio assoluto della musica italiana e il Festival uno degli eventi musicali pi\u00f9 famosi del mondo.<\/p>\n\n\n\n<p>All\u2019edizione del 1977, condotta da Mike Bongiorno e trasmessa in TV per la prima volta a colori, partecip\u00f2 come super ospite anche Domenico Modugno. Da allora, sono stati in tantissimi gli artisti che, dal palco dell\u2019Ariston, hanno voluto rendere omaggio al grande cantautore nato a Polignano a Mare. Tra i pi\u00f9 emozionanti quello di Ermal Meta che nel 2017 vinse la serata cover interpretando \u201c<em>Amara terra mia<\/em>\u201d, si classific\u00f2 terzo al Festival con \u201c<em>Vietato morire<\/em>\u201d e, da Sanremo, vide \u201cvolare\u201d la sua carriera nel mondo della musica.<\/p>\n\n\n\n<p><strong>Venerd\u00ec 30 agosto alle 21.30<\/strong>, il Teatro Ariston ospiter\u00e0 un nuovo&nbsp;<strong>omaggio a Domenico Modugno<\/strong>, quello dell\u2019<strong>Orchestra Sinfonica di Sanremo<\/strong>&nbsp;diretta dal&nbsp;<strong>M\u00b0 Giancarlo De Lorenzo<\/strong>. Dodici brani interpretati da&nbsp;<strong>Peppe Voltarelli,<\/strong>&nbsp;cantautore e vincitore di tre Targhe Tenco.<\/p>\n\n\n\n<p>Nell\u2019estate del trentennale della sua scomparsa, la&nbsp;<strong>Fondazione Orchestra Sinfonica di Sanremo<\/strong>&nbsp;ha infatti voluto rendere omaggio al cantautore che alla fine degli anni \u201850 cambi\u00f2 la storia della canzone italiana. Da qui l\u2019idea di dedicare a Modugno la rassegna \u201c<em>Musica nei borghi<\/em>\u201d che ogni estate porta l\u2019Orchestra ad esibirsi in alcuni dei pi\u00f9 suggestivi luoghi del Ponente ligure. Ma non solo. Venerd\u00ec dalla&nbsp;<strong>Liguria<\/strong>&nbsp;&#8211; e dal&nbsp;<strong>Teatro Ariston<\/strong>&nbsp;&#8211; partir\u00e0 un&nbsp;<strong>tour<\/strong>&nbsp;che toccher\u00e0 cinque regioni fino ad arrivare in&nbsp;<strong>Puglia<\/strong>. L&#8217;Orchestra e Peppe Voltarelli nella prima settimana di settembre si esibiranno nella piazza di&nbsp;<strong>Polignano a Mare<\/strong>intitolata al grande artista.&nbsp;<\/p>\n\n\n\n<p>Il&nbsp;<strong>M\u00b0 Giancarlo de Lorenzo&nbsp;<\/strong>racconta:&nbsp;<em>\u201cInvito tutti a partecipare venerd\u00ec a questo concerto-show che vuole rendere omaggio al grande cantautore scomparso ed anche ripercorrere e riscoprire il suo repertorio. Modugno \u00e8 stato il cantante italiano pi\u00f9 noto all&#8217;estero con oltre 60 milioni di dischi venduti e il suo \u201cNel Blu dipinto di Blu\u201d \u00e8 ancora oggi un brano cantato in tutto il mondo, adattato e tradotto dal finlandese al cinese! La sua musica \u00e8 universale, per questo \u00e8 una serata adatta a tutti. Abbiamo portato in giro per la Liguria per diverse serate questo concerto ma venerd\u00ec, essere sul palco dell\u2019Ariston, render\u00e0 tutto ancora pi\u00f9 emozionante\u201d.<\/em><\/p>\n\n\n\n<p>Sul palco&nbsp;<strong>Peppe Voltarelli<\/strong>, un artista straordinario capace di instaurare con il pubblico &#8211; oltre che con l\u2019orchestra &#8211; un feeling immediato e che a proposito del concerto e del suo legame con Modugno racconta:&nbsp;<em>\u201cSi tratta di un omaggio a una grande voce del novecento e a un uomo che ha raccontato un Sud autentico, pieno di speranza, positivo e senza barriere. Per me \u00e8 stato un riunificatore della poetica del sud degli anni \u201860. Cantava in dialetto pugliese, napoletano, calabrese\u2026 L\u2019ho scoperto anno dopo anno, andando a fondo nella rilettura dei suoi brani. Una ricerca che ha toccato l\u2019aspetto artistico, tecnico, metodologico\u2026 Senza copiarlo o imitarlo, nelle mie esibizioni cerco di rendere evidente la sua contemporaneit\u00e0. La sua voce \u00e8 viva, attuale, fresca, di qualit\u00e0 e carica di energia. Modugno \u00e8 diventato un\u2019icona dell\u2019italianit\u00e0 del mondo. Per lui la musica era condivisione. Quando sono all\u2019estero basta cantare un brano di Modugno e si crea subito empatia con la platea. Ammiro come sia riuscito a raccontare un\u2019Italia che rinasceva &#8211; quella degli anni anni \u201860 &#8211; senza dimenticare le sue radici, il mare, le leggende popolari, i dialetti. Per me \u00e8 il cantastorie del mediterraneo\u2026 Mi affascina la semplicit\u00e0, l\u2019immediatezza con la quale arrivava al pubblico anche solo con voce e chitarra\u201d.<\/em><\/p>\n\n\n\n<p>La serata di venerd\u00ec \u00e8 organizzata in collaborazione con il&nbsp;<strong>Club Tenco<\/strong>.<\/p>\n\n\n\n<p>Il programma prevede:<\/p>\n\n\n\n<ul class=\"wp-block-list\">\n<li>Amara terra mia&nbsp;<\/li>\n\n\n\n<li>Lazzarella<\/li>\n\n\n\n<li>O ccaf\u00e8&nbsp;<\/li>\n\n\n\n<li>Lu pisci spada&nbsp;<\/li>\n\n\n\n<li>Tu si na cosa grande&nbsp;<\/li>\n\n\n\n<li>Vecchio frack&nbsp;<\/li>\n\n\n\n<li>L&#8217;avventura&nbsp;<\/li>\n\n\n\n<li>La donna riccia&nbsp;<\/li>\n\n\n\n<li>Nel blu dipinto di blu<\/li>\n\n\n\n<li>Musetto<\/li>\n\n\n\n<li>Dio come ti amo&nbsp;<\/li>\n\n\n\n<li>Cantare (brano di Peppe Voltarelli dedicato a Modugno)&nbsp;<\/li>\n<\/ul>\n\n\n\n<p>I&nbsp;<strong>biglietti<\/strong>&nbsp;sono disponibili in cassa del&nbsp;<strong>Teatro Ariston&nbsp;<\/strong>tutti i giorni 11-13 e 17-21, la domenica 17-21 oppure online&nbsp;<a href=\"http:\/\/www.aristonsanremo.com\/\" target=\"_blank\" rel=\"noreferrer noopener\">www.aristonsanremo.com<\/a>.<\/p>\n\n\n\n<p>Il concerto dopo venerd\u00ec inizier\u00e0 il suo viaggio per l\u2019Italia, toccando queste localit\u00e0:<\/p>\n\n\n\n<ul class=\"wp-block-list\">\n<li>Domenica 1 Settembre | ore 21:00 Palamontepaschi, Chianciano Terme<\/li>\n\n\n\n<li>Luned\u00ec 2 Settembre | ore 21:00 Teatro dell\u2019Unione, Viterbo<\/li>\n\n\n\n<li>Marted\u00ec 3 Settembre | ore 21:00 Anfiteatro della Rocca Medioevale, Castiglione del Lago<\/li>\n\n\n\n<li>Mercoled\u00ec 4 Settembre | ore 21:30 Cortile Palazzo SS Annunziata, Sulmona<\/li>\n\n\n\n<li>Gioved\u00ec 5 Settembre | ore 21:00 Area Archeologica di Capaccio, Paestum<\/li>\n\n\n\n<li>6-8 Settembre | ore 21.00 Polignano a Mare<\/li>\n\n\n\n<li>Luned\u00ec 9 settembre | ore 21.00 Teatro la Nuova Fenice, Osimo<\/li>\n<\/ul>\n\n\n\n<p>Peppe Voltarelli \u00e8 un cantante calabrese, autore di canzoni, scrittore e attore.&nbsp;<\/p>\n\n\n\n<p>Attivo dal 1994 come fondatore, voce e leader de Il Parto delle Nuvole Pesanti, band di culto del new folk italiano. Da solista ha pubblicato cinque album in studio, nove live e quattro colonne sonore. Si \u00e8 aggiudicato tre volte la Targa Tenco. \u00c8 stato attore protagonista e coautore del film \u201cLa vera leggenda di Tony Vilar\u201d di Giuseppe Gagliardi, primo mokumentary italiano. Vanta collaborazioni con Claudio Lolli, Teresa De Sio, Sergio Cammariere, Otello Profazio, Carmen Consoli, Bandabard\u00f2. Un\u2019attivit\u00e0 concertistica da sempre intensa lo ha portato a suonare in 23 paesi in tutto il mondo e suoi dischi sono stati pubblicati in Europa, Argentina, Canada e Stati Uniti. Tra i suoi recenti lavori il disco-libro \u201cPlanetario\u201d, pubblicato in Italia da Squilibri Editore nel 2021 e \u201cLa grande corsa verso Lupion\u00f2polis\u201d disco+libro in collaborazione con Todo Modo Publishing e Visage Music.<\/p>\n\n\n\n<p><a href=\"http:\/\/www.peppevoltarelli.eu\/\" target=\"_blank\" rel=\"noreferrer noopener\">www.peppevoltarelli.eu<\/a>&nbsp;<\/p>\n","protected":false},"excerpt":{"rendered":"<p>Il concerto omaggio a Domenico Modugno, ideato dalla Fondazione Orchestra Sinfonica di Sanremo, \u00e8 pronto a iniziare il suo viaggio per l\u2019Italia che lo porter\u00e0 dal Teatro Ariston (venerd\u00ec 30 agosto h.21.30) a Polignano a Mare (nella prima settimana di settembre).\u00a0 Alla direzione il M\u00b0 Giancarlo De Lorenzo. Voce e interprete Peppe Voltarelli.\u00a0 Domenico Modugno<\/p>\n","protected":false},"author":3,"featured_media":14238,"comment_status":"closed","ping_status":"closed","sticky":false,"template":"","format":"standard","meta":{"_acf_changed":false,"footnotes":""},"categories":[368,578],"tags":[638,371,68],"class_list":["post-14241","post","type-post","status-publish","format-standard","has-post-thumbnail","hentry","category-news-en","category-orchestra-sinfonica-en","tag-estate-2024-en","tag-eventi-en-3","tag-sanremo-en"],"acf":[],"_links":{"self":[{"href":"https:\/\/www.sanremoliveandlove.it\/en\/wp-json\/wp\/v2\/posts\/14241","targetHints":{"allow":["GET"]}}],"collection":[{"href":"https:\/\/www.sanremoliveandlove.it\/en\/wp-json\/wp\/v2\/posts"}],"about":[{"href":"https:\/\/www.sanremoliveandlove.it\/en\/wp-json\/wp\/v2\/types\/post"}],"author":[{"embeddable":true,"href":"https:\/\/www.sanremoliveandlove.it\/en\/wp-json\/wp\/v2\/users\/3"}],"replies":[{"embeddable":true,"href":"https:\/\/www.sanremoliveandlove.it\/en\/wp-json\/wp\/v2\/comments?post=14241"}],"version-history":[{"count":1,"href":"https:\/\/www.sanremoliveandlove.it\/en\/wp-json\/wp\/v2\/posts\/14241\/revisions"}],"predecessor-version":[{"id":14243,"href":"https:\/\/www.sanremoliveandlove.it\/en\/wp-json\/wp\/v2\/posts\/14241\/revisions\/14243"}],"wp:featuredmedia":[{"embeddable":true,"href":"https:\/\/www.sanremoliveandlove.it\/en\/wp-json\/wp\/v2\/media\/14238"}],"wp:attachment":[{"href":"https:\/\/www.sanremoliveandlove.it\/en\/wp-json\/wp\/v2\/media?parent=14241"}],"wp:term":[{"taxonomy":"category","embeddable":true,"href":"https:\/\/www.sanremoliveandlove.it\/en\/wp-json\/wp\/v2\/categories?post=14241"},{"taxonomy":"post_tag","embeddable":true,"href":"https:\/\/www.sanremoliveandlove.it\/en\/wp-json\/wp\/v2\/tags?post=14241"}],"curies":[{"name":"wp","href":"https:\/\/api.w.org\/{rel}","templated":true}]}}